{"id":47227,"date":"2019-06-28T11:02:19","date_gmt":"2019-06-28T14:02:19","guid":{"rendered":"https:\/\/www.actualidadadiario.com\/?p=47227"},"modified":"2019-06-28T11:02:19","modified_gmt":"2019-06-28T14:02:19","slug":"calendario-2019-el-8-de-julio-es-feriado-puente","status":"publish","type":"post","link":"https:\/\/www.actualidadadiario.com\/index.php\/2019\/06\/28\/calendario-2019-el-8-de-julio-es-feriado-puente\/","title":{"rendered":"Calendario 2019 \u00bfel 8 de julio es feriado puente?"},"content":{"rendered":"\n<p><strong><em>En la carrera vertiginosa en la que se transform\u00f3 en el d\u00eda a d\u00eda la vida, los argentinos buscan cada huequito posible para aprovechar el descanso que imponen, por ejemplo, los feriados. As\u00ed el calendario 2019, se transform\u00f3 en un material de consulta permanente. El pr\u00f3ximo 9 de julio se celebra ac\u00e1 el D\u00eda de la Independencia, pero como cae martes, y es una fecha inamovibles, surgi\u00f3 la inquietud de si el lunes 8 es &#8220;puente&#8221; o no<\/em><\/strong><\/p>\n\n\n\n<p><\/p>\n\n\n\n<p><\/p>\n\n\n\n<p>Seg\u00fan el calendario del Ministerio del Interior para este\n2019 y tal como lo dispone el art\u00edculo 7\u00b0 de la Ley N\u00b0 27.399, el lunes 8 de\njulio no es considerado \u201cferiado puente\u201d pero si como un &#8220;d\u00eda no laboral\ncon fines tur\u00edsticos&#8221;.<\/p>\n\n\n\n<p>\u201cEl Poder Ejecutivo nacional podr\u00e1, adicionalmente a lo\nestablecido en el art\u00edculo anterior, fijar anualmente hasta tres d\u00edas feriados\no no laborables destinados a promover la actividad tur\u00edstica, que deber\u00e1n\ncoincidir con los d\u00edas lunes o viernes\u201d, indica el art\u00edculo. <\/p>\n\n\n\n<p>De esta forma, al no ser un feriado nacional, cada empleador\ndeber\u00e1 decidir si da el d\u00eda libre o no, dependiendo de sus necesidades y\ndemandas, como suele ocurrir -por ejemplo- con el Jueves Santo. <\/p>\n\n\n\n<p>Los que seguramente puedan tom\u00e1rselo como un \u201cferiado\u201d ser\u00e1n\nlos empleados de la administraci\u00f3n p\u00fablica de todo pa\u00eds. <\/p>\n\n\n\n<p><strong>Qu\u00e9 significa\n&#8220;d\u00eda no laborable&#8221; <\/strong><\/p>\n\n\n\n<p>Se distingue entre d\u00eda feriado nacional y d\u00eda no laborable.\nY \u00e9stos pueden ser fijos, trasladables por motivos tur\u00edsticos, o caer en\ndistintos d\u00edas de a\u00f1o a a\u00f1o debido a que se establecen por otros calendarios. <\/p>\n\n\n\n<p>El feriado nacional es de cumplimiento obligatorio para\ntodos los empleadores, mientras que un d\u00eda no laborable es facultativo del\nempleador si quiere otorg\u00e1rselo a sus empleados o no.<\/p>\n","protected":false},"excerpt":{"rendered":"<p>En la carrera vertiginosa en la que se transform\u00f3 en el d\u00eda a d\u00eda la vida, los argentinos buscan cada huequito posible para aprovechar el descanso que imponen, por ejemplo, los feriados. As\u00ed el calendario 2019, se transform\u00f3 en un material de consulta permanente. El pr\u00f3ximo 9 de julio se celebra ac\u00e1 el D\u00eda de la Independencia, pero como cae martes, y es una fecha inamovibles, surgi\u00f3 la inquietud de si el lunes 8 es &#8220;puente&#8221; o no Seg\u00fan el calendario del Ministerio del Interior para este 2019 y tal&#8230;<\/p>\n","protected":false},"author":3,"featured_media":47228,"comment_status":"closed","ping_status":"closed","sticky":false,"template":"","format":"standard","meta":[],"categories":[4],"tags":[],"_links":{"self":[{"href":"https:\/\/www.actualidadadiario.com\/index.php\/wp-json\/wp\/v2\/posts\/47227"}],"collection":[{"href":"https:\/\/www.actualidadadiario.com\/index.php\/wp-json\/wp\/v2\/posts"}],"about":[{"href":"https:\/\/www.actualidadadiario.com\/index.php\/wp-json\/wp\/v2\/types\/post"}],"author":[{"embeddable":true,"href":"https:\/\/www.actualidadadiario.com\/index.php\/wp-json\/wp\/v2\/users\/3"}],"replies":[{"embeddable":true,"href":"https:\/\/www.actualidadadiario.com\/index.php\/wp-json\/wp\/v2\/comments?post=47227"}],"version-history":[{"count":1,"href":"https:\/\/www.actualidadadiario.com\/index.php\/wp-json\/wp\/v2\/posts\/47227\/revisions"}],"predecessor-version":[{"id":47229,"href":"https:\/\/www.actualidadadiario.com\/index.php\/wp-json\/wp\/v2\/posts\/47227\/revisions\/47229"}],"wp:featuredmedia":[{"embeddable":true,"href":"https:\/\/www.actualidadadiario.com\/index.php\/wp-json\/wp\/v2\/media\/47228"}],"wp:attachment":[{"href":"https:\/\/www.actualidadadiario.com\/index.php\/wp-json\/wp\/v2\/media?parent=47227"}],"wp:term":[{"taxonomy":"category","embeddable":true,"href":"https:\/\/www.actualidadadiario.com\/index.php\/wp-json\/wp\/v2\/categories?post=47227"},{"taxonomy":"post_tag","embeddable":true,"href":"https:\/\/www.actualidadadiario.com\/index.php\/wp-json\/wp\/v2\/tags?post=47227"}],"curies":[{"name":"wp","href":"https:\/\/api.w.org\/{rel}","templated":true}]}}