{"id":47221,"date":"2019-06-28T11:01:03","date_gmt":"2019-06-28T14:01:03","guid":{"rendered":"https:\/\/www.actualidadadiario.com\/?p=47221"},"modified":"2019-06-28T11:01:03","modified_gmt":"2019-06-28T14:01:03","slug":"bolsonaro-llega-al-g20-envuelto-en-escandalos","status":"publish","type":"post","link":"https:\/\/www.actualidadadiario.com\/index.php\/2019\/06\/28\/bolsonaro-llega-al-g20-envuelto-en-escandalos\/","title":{"rendered":"Bolsonaro llega al G20 envuelto en esc\u00e1ndalos"},"content":{"rendered":"\n<p><strong><em>Todav\u00eda no hab\u00eda terminado la reuni\u00f3n del Superior Tribunal Federal sobre habeas corpus para Lula, cuando surgi\u00f3 noticia de que un militar de la FAB (Fuerza A\u00e9rea Brasile\u00f1a) hab\u00eda ca\u00eddo preso en Sevilla, en un vuelo presidencial para la reuni\u00f3n del G20, en Jap\u00f3n, con 39 kilogramos de coca\u00edna<\/em><\/strong><\/p>\n\n\n\n<p><\/p>\n\n\n\n<p><\/p>\n\n\n\n<p>Despu\u00e9s de la sorpresa \u2013a pesar de que a\u00fan este a\u00f1o hab\u00eda\nocurrido un caso similar con militar brasile\u00f1o en vuelo hacia Par\u00eds\u2013, vinieron\nlas preguntas: antes de todo, \u00bfc\u00f3mo hab\u00eda salido dicho militar de Brasil con\nlos paquetes de coca\u00edna en su bolso de mano? \u00bfQu\u00e9 significa que un miembro de\nla FAB estuviera envuelto en un caso de tr\u00e1fico de drogas?<\/p>\n\n\n\n<p>Con los errores en la seguridad de la presidencia de Brasil\nllegaron especulaciones sobre lo extendido que est\u00e1 el narcotr\u00e1fico hacia el\ninterior de las fuerzas armadas brasile\u00f1as. As\u00ed, inmediatamente se asoci\u00f3 el\ndecomiso en Sevilla con el uso de las FF.AA. en el combate al narcotr\u00e1fico en\nR\u00edo de Janeiro y c\u00f3mo ese contacto con el submundo narco puede haber\ncontaminado a esa instituci\u00f3n. La participaci\u00f3n de un militar vinculado a la\npresidencia, viajando impunemente en un avi\u00f3n de comitiva presidencial, es\ns\u00edntoma de que hay otra gente involucrada dentro de la Fuerza A\u00e9rea o incluso\nen otros sectores de las FF.AA.<\/p>\n\n\n\n<p>\u201cEl Poder Ejecutivo nacional podr\u00e1, adicionalmente a lo\nestablecido en el art\u00edculo anterior, fijar anualmente hasta tres d\u00edas feriados\no no laborables destinados a promover la actividad tur\u00edstica, que deber\u00e1n\ncoincidir con los d\u00edas lunes o viernes\u201d, indica el art\u00edculo. De esta forma, al\nno ser un feriado nacional, cada empleador deber\u00e1 decidir si da el d\u00eda libre o\nno, dependiendo de sus necesidades y demandas, como suele ocurrir -por ejemplo-\ncon el Jueves Santo. Los que seguramente puedan tom\u00e1rselo como un \u201cferiado\u201d\nser\u00e1n los empleados de la administraci\u00f3n p\u00fablica de todo pa\u00eds. Qu\u00e9 significa\n&#8220;d\u00eda no laborable&#8221; Se distingue entre d\u00eda feriado nacional y d\u00eda no\nlaborable. Y \u00e9stos pueden ser fijos, trasladables por motivos tur\u00edsticos, o\ncaer en distintos d\u00edas de a\u00f1o a a\u00f1o debido a que se establecen por otros\ncalendarios. El feriado nacional es de cumplimiento obligatorio para todos los\nempleadores, mientras que un d\u00eda no laborable es facultativo del empleador si\nquiere otorg\u00e1rselo a sus empleados o no.<\/p>\n\n\n\n<p>Otra preocupaci\u00f3n es con la falta de seguridad de un vuelo\npresidencial, lo que refleja el desorden generalizado en el gobierno, que\ncambia de ministros y de secretarios semanalmente. En plena crisis por las\ndenuncias de The Intercept, el presidente de Brasil abri\u00f3 frentes con dos\nsectores fundamentales del gobierno. <\/p>\n\n\n\n<p>Por un lado, cambi\u00f3 a cuatro importantes asesores militares,\nincluido el de m\u00e1s alto rango dentro del gobierno, a quien sustituy\u00f3 por un\nmiembro de la Polic\u00eda Federal de muy bajo rango. El militar sustituido dio\nentrevista diciendo que el gobierno es un quilombo, que solo se concentra en lo\nque no es prioritario, generando crisis tras crisis. <\/p>\n\n\n\n<p>Por otro lado, el mandatario despidi\u00f3 al presidente del\nBNDES, un gran banco p\u00fablico de financiamento, pero sin que se hayan encontrado\nlas irregularidades en el funcionamiento del banco, conforme Bolsonaro siempre\npregon\u00f3. Los empresarios han recibido de muy mala manera la forma abrupta y sin\nrazones de la sustituci\u00f3n del presidente del banco.<\/p>\n\n\n\n<p>En ese clima el presidente de Brasil cambi\u00f3 su itinerario\npara ir a la reuni\u00f3n del G20, cambiando Sevilla por Lisboa, como si eso\nresolviera los problemas. Parti\u00f3 molesto con las declaraciones de Angela\nMerkel, quien dijo que est\u00e1 muy preocupada por la situaci\u00f3n grave que vive\nBrasil y que pretende tener una conversaci\u00f3n seria con el presidente brasile\u00f1o,\nespecialmente sobre los temas vinculados a la desforestaci\u00f3n de Amazonia.\nInc\u00f3modo, el presidente brasile\u00f1o dijo que aceptar\u00eda consejos en la reuni\u00f3n del\nG20, en la cual no tendr\u00e1&nbsp; ninguna\nfiguraci\u00f3n significativa, en gran parte por m\u00e9rito propio, ya que antes de la\ncumbre tuvo a bien publicar un documento con sus posiciones esdr\u00fajulas sobre la\nglobalizaci\u00f3n y dem\u00e1s temas prioritarios de la reuni\u00f3n de Jap\u00f3n.<\/p>\n\n\n\n<p>Mientras tanto, el STF (corte suprema) votaba dos\nrequerimientos presentados por la defensa de Lula. Uno solicitaba la\ncancelaci\u00f3n del juicio por el que Lula fue condenado por comportamiento parcial\nde parte del juez que lo presidi\u00f3. El otro requerimiento ped\u00eda una declaraci\u00f3n\nde parcialidad del juez Moro, el cual, en caso de ser aceptado, dadas las\nevidencias presentadas por The Intercept, har\u00eda que todos los procesos\ndirigidos por ese juez fueran cancelados, llevando a la libertad de Lula.<\/p>\n\n\n\n<p>La presidenta del Partido de los Trabajadores, Gleisi\nHoffman, dijo que Lula est\u00e1 sometido a una verdadera tortura jur\u00eddica. Cada\ntanto se crea un clima alrededor de alg\u00fan nuevo recurso de la defensa de Lula,\ntensi\u00f3n, expectativa, como si se tratara de un partido final de un campeonato.\nPrevisiones, an\u00e1lisis, entrevistas con jueces, transmisi\u00f3n por el canal del\nPoder Judicial, expectativa, todo inunda los medios, los tradicionales y los\nalternativos.<\/p>\n\n\n\n<p>Lula siempre recomienda tener los pies sobre la tierra y se\nmantiene sereno, sin grandes expectativas. Pero las decisiones actuales del STF\nse revisten de caracter\u00edsticas especiales. Son las primeras desde la revelaci\u00f3n\nde las conversaciones hechas por The Intercept, donde los datos reiterados\nconfirman lo que la defensa de Lula siempre dijo: Moro y todos jueces de la\nLava Jato no son imparciales, no act\u00faan como jueces, sino como partido,\ncoordinados, movi\u00e9ndose como partido pol\u00edtico, que tiene un objetivo: perseguir\na Lula, impedirle ser candidato en las elecciones de 2018, cuando todas las\nencuestas apuntaban a su victoria en primera vuelta.<\/p>\n\n\n\n<p>Entre las decisiones absurdas del STF est\u00e1 la declaraci\u00f3n\nreiterada de que el juez Moro tiene la imparcialidad necesaria para juzgar a\nLula. La revelaci\u00f3n de las conversaciones entre el juez y los acusadores de\nLula, en las que Moro los instruye directamente acerca de c\u00f3mo actuar \u2013lo cual\nest\u00e1 absolutamente prohibido\u2013 ha replanteado esa decisi\u00f3n. <\/p>\n\n\n\n<p>La primera demanda de la defensa de Lula fue rechazada, pero\nla segunda fue aplazada hasta agosto, a la vuelta de las vacaciones del\nJudiciario. Uno que otro juez se ha mostrado asustado con las revelaciones, uno\nque otro ya ha dicho que no ha cambiado su posici\u00f3n.<\/p>\n\n\n\n<p>Lo cierto es que el clima pol\u00edtico ha cambiado con esas\nrevelaciones. A medida que son publicadas, la situaci\u00f3n de Moro y de sus\ncolegas queda m\u00e1s y m\u00e1s comprometida. Sospechosamente, Moro y su m\u00e1s cercano\ncolaborador han viajado a EE.UU. para realizar visitas a \u00f3rganos de seguridad\ndel gobierno norteamericano. En el d\u00eda mismo en que aparec\u00eda el esc\u00e1ndalo de\ntr\u00e1fico de drogas en el avi\u00f3n presidencial brasile\u00f1o, Moro visitaba la DEA,\n\u00f3rgano norteamericano encargado del combate al narcotr\u00e1fico, para firmar un\nconvenio en representaci\u00f3n del gobierno brasile\u00f1o.<\/p>\n","protected":false},"excerpt":{"rendered":"<p>Todav\u00eda no hab\u00eda terminado la reuni\u00f3n del Superior Tribunal Federal sobre habeas corpus para Lula, cuando surgi\u00f3 noticia de que un militar de la FAB (Fuerza A\u00e9rea Brasile\u00f1a) hab\u00eda ca\u00eddo preso en Sevilla, en un vuelo presidencial para la reuni\u00f3n del G20, en Jap\u00f3n, con 39 kilogramos de coca\u00edna Despu\u00e9s de la sorpresa \u2013a pesar de que a\u00fan este a\u00f1o hab\u00eda ocurrido un caso similar con militar brasile\u00f1o en vuelo hacia Par\u00eds\u2013, vinieron las preguntas: antes de todo, \u00bfc\u00f3mo hab\u00eda salido dicho militar de Brasil con los paquetes de coca\u00edna&#8230;<\/p>\n","protected":false},"author":3,"featured_media":47222,"comment_status":"closed","ping_status":"closed","sticky":false,"template":"","format":"standard","meta":[],"categories":[4],"tags":[],"_links":{"self":[{"href":"https:\/\/www.actualidadadiario.com\/index.php\/wp-json\/wp\/v2\/posts\/47221"}],"collection":[{"href":"https:\/\/www.actualidadadiario.com\/index.php\/wp-json\/wp\/v2\/posts"}],"about":[{"href":"https:\/\/www.actualidadadiario.com\/index.php\/wp-json\/wp\/v2\/types\/post"}],"author":[{"embeddable":true,"href":"https:\/\/www.actualidadadiario.com\/index.php\/wp-json\/wp\/v2\/users\/3"}],"replies":[{"embeddable":true,"href":"https:\/\/www.actualidadadiario.com\/index.php\/wp-json\/wp\/v2\/comments?post=47221"}],"version-history":[{"count":1,"href":"https:\/\/www.actualidadadiario.com\/index.php\/wp-json\/wp\/v2\/posts\/47221\/revisions"}],"predecessor-version":[{"id":47223,"href":"https:\/\/www.actualidadadiario.com\/index.php\/wp-json\/wp\/v2\/posts\/47221\/revisions\/47223"}],"wp:featuredmedia":[{"embeddable":true,"href":"https:\/\/www.actualidadadiario.com\/index.php\/wp-json\/wp\/v2\/media\/47222"}],"wp:attachment":[{"href":"https:\/\/www.actualidadadiario.com\/index.php\/wp-json\/wp\/v2\/media?parent=47221"}],"wp:term":[{"taxonomy":"category","embeddable":true,"href":"https:\/\/www.actualidadadiario.com\/index.php\/wp-json\/wp\/v2\/categories?post=47221"},{"taxonomy":"post_tag","embeddable":true,"href":"https:\/\/www.actualidadadiario.com\/index.php\/wp-json\/wp\/v2\/tags?post=47221"}],"curies":[{"name":"wp","href":"https:\/\/api.w.org\/{rel}","templated":true}]}}