{"id":47218,"date":"2019-06-28T11:00:26","date_gmt":"2019-06-28T14:00:26","guid":{"rendered":"https:\/\/www.actualidadadiario.com\/?p=47218"},"modified":"2019-06-28T11:00:26","modified_gmt":"2019-06-28T14:00:26","slug":"la-falta-de-alimento-es-responsabilidad-de-todos","status":"publish","type":"post","link":"https:\/\/www.actualidadadiario.com\/index.php\/2019\/06\/28\/la-falta-de-alimento-es-responsabilidad-de-todos\/","title":{"rendered":"&#8220;La falta de alimento es responsabilidad de todos&#8221;"},"content":{"rendered":"\n<p><strong><em>El objetivo &#8220;hambre cero&#8221; en el mundo que se propone la FAO y la lucha contra la falta de alimento y el acceso al agua potable, pese a los progresos de las \u00faltimas d\u00e9cadas, &#8220;sigue siendo un gran desaf\u00edo&#8221;<\/em><\/strong><\/p>\n\n\n\n<p><\/p>\n\n\n\n<p><\/p>\n\n\n\n<p>Lo advirti\u00f3 hoy el papa Francisco a los participantes en la\n41a. conferencia general de la agencia de la ONU Para la alimentaci\u00f3n y la agricultura.<\/p>\n\n\n\n<p>Es preciso intervenir sobre las causas que dan origen a la\ntragedia del hambre en el mundo, explic\u00f3 el papa, que residen sobre todo en la\n&#8220;falta de compasi\u00f3n&#8221;, en el &#8220;desinter\u00e9s de muchos&#8221; y en la\n&#8220;escasa voluntad social y pol\u00edtica al momento de responder a las\nobligaciones internacionales&#8221;.<\/p>\n\n\n\n<p>&#8220;La falta de alimento y de agua no es una cuesti\u00f3n\ninterna y exclusiva de los pa\u00edses m\u00e1s pobres y fr\u00e1giles, sino que concierne a\ncada uno de nosotros&#8221;, observ\u00f3 Francisco.<\/p>\n\n\n\n<p>&#8220;Porque todos, con nuestra actitud, participamos de un\nmodo u otro, favoreciendo o frenando el sufrimiento de muchos de nuestros\nhermanos. Estamos todos llamados a escuchar el grito desesperado de nuestros\nhermanos y a adoptar medidas para que puedan vivir viendo respetados sus derechos\nm\u00e1s fundamentales&#8221;, agreg\u00f3. Es preciso reducir el despilfarro y aumentar\nla conciencia sobre la propia responsabilidad social -precis\u00f3 el papa- a trav\u00e9s\nde inversiones de breve y largo plazo de modo que &#8220;las j\u00f3venes\ngeneraciones pasar\u00e1n esta antorcha a las futuras, sabiendo que tal drama social\nno puede ser tolerado m\u00e1s tiempo&#8221;.<\/p>\n\n\n\n<p>Existe adem\u00e1s, subray\u00f3 Francisco, una conexi\u00f3n evidente\nentre inestabilidad ambiental, inseguridad en el alimento y flujos migratorios.<\/p>\n\n\n\n<p>&#8220;El aumento del n\u00famero de refugiados en el mundo\ndurante los \u00faltimos a\u00f1os nos demostr\u00f3 que el problema de un pa\u00eds es el problema\nde toda la familia humana&#8221;, afirm\u00f3.<\/p>\n\n\n\n<p>&#8220;Por lo tanto -explic\u00f3- es necesario promover un\ndesarrollo agr\u00edcola en las regiones m\u00e1s vulnerables, reforzando la resiliencia\ny la sostenibilidad del territorio. Esto se obtendr\u00e1 solo, por un lado,\ninvirtiendo y desarrollando tecnolog\u00edas, y por otro ideando pol\u00edticas\ninnovadoras y solidarias para el desarrollo&#8221;.<\/p>\n\n\n\n<p>En este sentido es importante el papel de la FAO y de las\norganizaciones internacionales, &#8220;actores id\u00f3neos para coordinar las\nmedidas perentorias e incisivas que garanticen a todos, y en particular a los\nm\u00e1s pobres, el acceso a los bienes esenciales&#8221;.<\/p>\n\n\n\n<p>Al recordar la necesidad de apoyar a estos organismos\nmultilaterales de parte de los gobiernos, los particulares y la sociedad civil,\nel papa indic\u00f3 tambi\u00e9n el compromiso de la Santa Sede para cooperar con la FAO,\n&#8220;apoyando el esfuerzo internacional hacia la eliminaci\u00f3n del hambre en el\nmundo y garantizando un futuro mejor para nuestro planeta y toda la\nhumanidad&#8221;.<\/p>\n","protected":false},"excerpt":{"rendered":"<p>El objetivo &#8220;hambre cero&#8221; en el mundo que se propone la FAO y la lucha contra la falta de alimento y el acceso al agua potable, pese a los progresos de las \u00faltimas d\u00e9cadas, &#8220;sigue siendo un gran desaf\u00edo&#8221; Lo advirti\u00f3 hoy el papa Francisco a los participantes en la 41a. conferencia general de la agencia de la ONU Para la alimentaci\u00f3n y la agricultura. Es preciso intervenir sobre las causas que dan origen a la tragedia del hambre en el mundo, explic\u00f3 el papa, que residen sobre todo en&#8230;<\/p>\n","protected":false},"author":3,"featured_media":47219,"comment_status":"closed","ping_status":"closed","sticky":false,"template":"","format":"standard","meta":[],"categories":[4],"tags":[],"_links":{"self":[{"href":"https:\/\/www.actualidadadiario.com\/index.php\/wp-json\/wp\/v2\/posts\/47218"}],"collection":[{"href":"https:\/\/www.actualidadadiario.com\/index.php\/wp-json\/wp\/v2\/posts"}],"about":[{"href":"https:\/\/www.actualidadadiario.com\/index.php\/wp-json\/wp\/v2\/types\/post"}],"author":[{"embeddable":true,"href":"https:\/\/www.actualidadadiario.com\/index.php\/wp-json\/wp\/v2\/users\/3"}],"replies":[{"embeddable":true,"href":"https:\/\/www.actualidadadiario.com\/index.php\/wp-json\/wp\/v2\/comments?post=47218"}],"version-history":[{"count":1,"href":"https:\/\/www.actualidadadiario.com\/index.php\/wp-json\/wp\/v2\/posts\/47218\/revisions"}],"predecessor-version":[{"id":47220,"href":"https:\/\/www.actualidadadiario.com\/index.php\/wp-json\/wp\/v2\/posts\/47218\/revisions\/47220"}],"wp:featuredmedia":[{"embeddable":true,"href":"https:\/\/www.actualidadadiario.com\/index.php\/wp-json\/wp\/v2\/media\/47219"}],"wp:attachment":[{"href":"https:\/\/www.actualidadadiario.com\/index.php\/wp-json\/wp\/v2\/media?parent=47218"}],"wp:term":[{"taxonomy":"category","embeddable":true,"href":"https:\/\/www.actualidadadiario.com\/index.php\/wp-json\/wp\/v2\/categories?post=47218"},{"taxonomy":"post_tag","embeddable":true,"href":"https:\/\/www.actualidadadiario.com\/index.php\/wp-json\/wp\/v2\/tags?post=47218"}],"curies":[{"name":"wp","href":"https:\/\/api.w.org\/{rel}","templated":true}]}}