{"id":4721,"date":"2016-11-17T10:09:35","date_gmt":"2016-11-17T13:09:35","guid":{"rendered":"http:\/\/actualidadadiario.com\/site\/?p=4721"},"modified":"2016-11-17T10:09:35","modified_gmt":"2016-11-17T13:09:35","slug":"se-presento-la-carrera-de-ingenieria-en-transporte-de-la-uner","status":"publish","type":"post","link":"https:\/\/www.actualidadadiario.com\/index.php\/2016\/11\/17\/se-presento-la-carrera-de-ingenieria-en-transporte-de-la-uner\/","title":{"rendered":"Se present\u00f3 la carrera de Ingenier\u00eda en Transporte de la UNER"},"content":{"rendered":"<p><em><strong>Se desarroll\u00f3 este mi\u00e9rcoles la primera jornada de Problem\u00e1ticas Regionales del Transporte, en el marco de la presentaci\u00f3n de la carrera de Ingenier\u00eda en Transporte, de la Facultad de Ingenier\u00eda de la Universidad Nacional de Entre R\u00edos (UNER), que se implementar\u00e1 a partir del 2017. \u201cEsta iniciativa es crucial y determinante para el desarrollo de la provincia\u201d, dijo el fiscal de Estado, Julio Rodr\u00edguez Signes<\/strong><\/em><\/p>\n<p>&nbsp;<\/p>\n<p>&nbsp;<\/p>\n<p>&nbsp;<\/p>\n<p>&nbsp;<\/p>\n<p>&nbsp;<\/p>\n<p>De la ceremonia de apertura y cierre de la jornada, que se desarroll\u00f3 en la sede de la Facultad de Ingenier\u00eda en Oro Verde, tambi\u00e9n particip\u00f3 el decano de la casa de estudios, Gabriel Gentiletti. Adem\u00e1s, cont\u00f3 con otros destacados panelistas invitados en la materia, profesores, alumnos y p\u00fablico en general.<\/p>\n<p>&nbsp;<\/p>\n<p>Invitado como panelista, el fiscal se mostr\u00f3 muy optimista y resalt\u00f3 la relevancia de contar con esta propuesta de estudio. \u201cEste nuevo desaf\u00edo permitir\u00e1 tener capital humano especializado. Es trascendental, crucial y determinante para el desarrollo de la provincia\u201d, apunt\u00f3 y se refiri\u00f3 puntualmente al transporte ferroviario brindando precisiones del sistema actual. \u201cSer\u00eda muy conveniente poder implementar un sistema log\u00edstico inteligente\u201d, indic\u00f3.<\/p>\n<p>&nbsp;<\/p>\n<p>En el marco de la jornada y presentaci\u00f3n de esta nueva propuesta acad\u00e9mica, Rodr\u00edguez Signes expuso su visi\u00f3n del panorama del transporte en Entre R\u00edos. En este aspecto, remarc\u00f3 \u201cla necesidad de contar con un sistema log\u00edstico inteligente, es decir poder obtener de cada modalidad la mayor ventaja posible, lo que redundar\u00e1 en precios m\u00e1s competitivos. Asimismo, poder facilitar el acceso a los insumos que requiere la producci\u00f3n y la industrializaci\u00f3n\u201d.<\/p>\n<p>&nbsp;<\/p>\n<p>En su disertaci\u00f3n, precis\u00f3 que \u201csomos productores de materia prima, m\u00e1s o menos 8 a 10 millones de toneladas por a\u00f1o de soja, ma\u00edz, arroz y trigo, de lo cual solo la cadena que lo capta y lo transforma es la av\u00edcola, el resto carga y lleva la riqueza al complejo portuario de Rosario. Ah\u00ed, el 95 por ciento del capital privado tiene muelles y una estructura de almacenamiento, industrializaci\u00f3n, trasformaci\u00f3n y luego distribuci\u00f3n muy ventajosa\u201d.<\/p>\n<p>&nbsp;<\/p>\n<p>Agreg\u00f3 que \u201ceste centro permite receptar la producci\u00f3n entrerriana, correntina, misionera, chaque\u00f1a, formose\u00f1a y, adem\u00e1s, paraguaya y hasta del sur de Brasil. Desde ah\u00ed produce las exportaciones, entonces somos tributarios de materia prima a ese complejo de industria oleaginoso o portuario que se lleva la mejor renta. Hoy d\u00eda no se queda la ganancia en el productor, no se queda en la provincia, y esto en gran medida es por las falencias del sistema log\u00edstico\u201d.<\/p>\n<p>&nbsp;<\/p>\n<p>El funcionario remarc\u00f3 que \u201cno se puede pensar en la reactivaci\u00f3n del ferrocarril tal como fue hasta 1960, hay que pensarlo de otro modo. Espec\u00edficamente el tema ferrocarril en la regi\u00f3n y en Entre R\u00edos y exclusivamente referido al tema cargas, se ha verificado un franco retroceso. Se necesita pensar que el producto nuestro logre el mejor precio de venta en la exportaci\u00f3n, pero tambi\u00e9n en lo que necesitan los distintos sectores de la industria regional para ser m\u00e1s eficientes. Una de las ventajas se dar\u00eda en lo que sale y lo que entra a la provincia, sin dejar de lado la energ\u00eda el\u00e9ctrica y de gas (trasporte y distribuci\u00f3n) como concepci\u00f3n integral inteligente de un sistema log\u00edstico\u201d.<\/p>\n","protected":false},"excerpt":{"rendered":"<p>Se desarroll\u00f3 este mi\u00e9rcoles la primera jornada de Problem\u00e1ticas Regionales del Transporte, en el marco de la presentaci\u00f3n de la carrera de Ingenier\u00eda en Transporte, de la Facultad de Ingenier\u00eda de la Universidad Nacional de Entre R\u00edos (UNER), que se implementar\u00e1 a partir del 2017. \u201cEsta iniciativa es crucial y determinante para el desarrollo de la provincia\u201d, dijo el fiscal de Estado, Julio Rodr\u00edguez Signes &nbsp; &nbsp; &nbsp; &nbsp; &nbsp; De la ceremonia de apertura y cierre de la jornada, que se desarroll\u00f3 en la sede de la Facultad de&#8230;<\/p>\n","protected":false},"author":3,"featured_media":4723,"comment_status":"closed","ping_status":"closed","sticky":false,"template":"","format":"standard","meta":[],"categories":[15],"tags":[],"_links":{"self":[{"href":"https:\/\/www.actualidadadiario.com\/index.php\/wp-json\/wp\/v2\/posts\/4721"}],"collection":[{"href":"https:\/\/www.actualidadadiario.com\/index.php\/wp-json\/wp\/v2\/posts"}],"about":[{"href":"https:\/\/www.actualidadadiario.com\/index.php\/wp-json\/wp\/v2\/types\/post"}],"author":[{"embeddable":true,"href":"https:\/\/www.actualidadadiario.com\/index.php\/wp-json\/wp\/v2\/users\/3"}],"replies":[{"embeddable":true,"href":"https:\/\/www.actualidadadiario.com\/index.php\/wp-json\/wp\/v2\/comments?post=4721"}],"version-history":[{"count":1,"href":"https:\/\/www.actualidadadiario.com\/index.php\/wp-json\/wp\/v2\/posts\/4721\/revisions"}],"predecessor-version":[{"id":4724,"href":"https:\/\/www.actualidadadiario.com\/index.php\/wp-json\/wp\/v2\/posts\/4721\/revisions\/4724"}],"wp:featuredmedia":[{"embeddable":true,"href":"https:\/\/www.actualidadadiario.com\/index.php\/wp-json\/wp\/v2\/media\/4723"}],"wp:attachment":[{"href":"https:\/\/www.actualidadadiario.com\/index.php\/wp-json\/wp\/v2\/media?parent=4721"}],"wp:term":[{"taxonomy":"category","embeddable":true,"href":"https:\/\/www.actualidadadiario.com\/index.php\/wp-json\/wp\/v2\/categories?post=4721"},{"taxonomy":"post_tag","embeddable":true,"href":"https:\/\/www.actualidadadiario.com\/index.php\/wp-json\/wp\/v2\/tags?post=4721"}],"curies":[{"name":"wp","href":"https:\/\/api.w.org\/{rel}","templated":true}]}}