{"id":47209,"date":"2019-06-28T10:58:03","date_gmt":"2019-06-28T13:58:03","guid":{"rendered":"https:\/\/www.actualidadadiario.com\/?p=47209"},"modified":"2019-06-28T10:58:03","modified_gmt":"2019-06-28T13:58:03","slug":"la-retraccion-economica-es-tan-enorme-que-las-posibilidades-de-desarrollo-son-nulas","status":"publish","type":"post","link":"https:\/\/www.actualidadadiario.com\/index.php\/2019\/06\/28\/la-retraccion-economica-es-tan-enorme-que-las-posibilidades-de-desarrollo-son-nulas\/","title":{"rendered":"\u201cLa retracci\u00f3n econ\u00f3mica es tan enorme que las posibilidades de desarrollo son nulas\u201d"},"content":{"rendered":"\n<p><strong><em>El precandidato a presidente del Frente de Todos, Alberto Fern\u00e1ndez, se reuni\u00f3 este jueves con Alejandro Werner, funcionario del Fondo Monetario Internacional (FMI), para manifestarle sus puntos de vista sobre los pasos a seguir tras el acuerdo que el organismo firm\u00f3 con el Gobierno de Mauricio Macri. \u201cLe plante\u00e9 con franqueza que es imposible pensar en cumplir con este plan con la retracci\u00f3n econ\u00f3mica que vive la Argentina\u201d, cont\u00f3 el dirigente peronista<\/em><\/strong><\/p>\n\n\n\n<p><\/p>\n\n\n\n<p><\/p>\n\n\n\n<p>Alberto Fern\u00e1ndez se mostr\u00f3 preocupado por la realidad del\npa\u00eds y dijo que \u201cla Argentina no puede seguir as\u00ed. El presidente todos los d\u00edas\nsigue alentando la divisi\u00f3n, la grieta y el odio. Va a hablarles el 20 de junio\na los chicos y le habla de la mafia de los Camioneros. Es un aliento y una\nconvocatoria al odio permanente y lo que el presidente no advierte es el da\u00f1o\nque le hace a la sociedad con eso. Es invivible un pa\u00eds donde uno no pueda\nhablar sin que el otro lo descalifique, la obsesi\u00f3n que yo tengo es que\nterminemos con este martirio que es el de la venganza\u201d.<\/p>\n\n\n\n<p>Pasando al plano electoral, el precandidato del Frente de\nTodos dijo que \u201chemos recibido el apoyo de todos los gobernadores\u201d y asegur\u00f3\nque \u201cel anhelo de unir a toda esta fuerza opositora, para hacer frente a la\nelecci\u00f3n, la verdad que lo hemos conseguido. Con Sergio Massa que se incorpor\u00f3\ny que ya est\u00e1 trabajando con nosotros. Habl\u00e9 mucho con \u00e9l, tiene un gran\npresente y un enorme futuro en la pol\u00edtica argentina\u201d.<\/p>\n\n\n\n<p>En ese mismo sentido, elogi\u00f3 al l\u00edder del Frente Renovador y\nlanz\u00f3: \u201cYo lo quisiera tener siempre cerca porque es un hombre muy preparado y\ncreo que tom\u00f3 la decisi\u00f3n correcta. Va a participar de la campa\u00f1a, vamos a\nreunirnos el lunes para organizar los viajes y de qu\u00e9 modo hacer las cosas\njuntos\u201d.<\/p>\n\n\n\n<p>Sobre la reuni\u00f3n de hoy con Werner, del FMI, cont\u00f3:\n\u201cHablamos mucho de lo que pasa en la Argentina. Yo que soy abogado e hijo de un\njuez, veo con mucha preocupaci\u00f3n que el Fondo haya desatendido una norma\nprimaria de su carta de creaci\u00f3n que es el art\u00edculo sexto, que dice no\nfinanciar corridas cambiarias o fugas de capitales. Y eso es lo que les he\nreclamado fundamentalmente\u201d.<\/p>\n\n\n\n<p>\u201cHay cierta complacencia del Fondo que los corresponsabiliza\ncon este plan que no ha cumplido con ninguno de los objetivos que se fijaron en\nel d\u00eda que se firm\u00f3 el stand by, por el cual el FMI le otorg\u00f3 57.000 millones\nal Gobierno de Macri\u201c, dijo el exjefe de Gabinete del kirchnerismo y agreg\u00f3:\n\u201cTodo fue al rev\u00e9s. Pr\u00e1cticamente todo ese dinero no se us\u00f3 en pagar deuda, con\nlo cual la deuda se increment\u00f3 en 57.000 millones de d\u00f3lares. Aument\u00f3 el\ndesempleo, la inflaci\u00f3n, la pobreza\u2026\u201d.<\/p>\n\n\n\n<p>Fern\u00e1ndez asegur\u00f3 tambi\u00e9n que \u201cLe plante\u00e9 con franqueza que\nes imposible pensar en cumplir con este plan con la retracci\u00f3n econ\u00f3mica que\nvive la Argentina, porque hace que se recauden menos impuestos y que el\nproblema fiscal sea m\u00e1s grande. Y como la retracci\u00f3n econ\u00f3mica es tan enorme\nque las posibilidades de desarrollo son pr\u00e1cticamente nulas\u201d.<\/p>\n\n\n\n<p>Adem\u00e1s, aclar\u00f3 a los emisarios directivos del Fondo cu\u00e1l es la\nrealidad que atraviesa el pa\u00eds: \u201cLes plante\u00e9 la crisis que se est\u00e1 viviendo y\nles dije de la importancia de intendentes y gobernadores que est\u00e1n parando esta\ncrisis\u201d \u201cLes cont\u00e9 el nivel de crisis social que se vive y que no se les pude\nexigir m\u00e1s a estos sectores m\u00e1s empobrecidos, m\u00e1s d\u00e9biles\u201d.<\/p>\n\n\n\n<p>Por \u00faltimo, el precandidato del Frente de Todos opin\u00f3 que\n\u201chan creado la idea de que Argentina no est\u00e1 en default. Pero Argentina est\u00e1\nvirtualmente en default, solo no lo est\u00e1 por el hecho formal de contar con el\ncr\u00e9dito del Fondo Monetario y mientras tanto gastan reservas a diestra y\nsiniestra. Y han logrado tener un valor totalmente ficticio a costa de entregar\nd\u00f3lares a mansalva\u201d.<\/p>\n","protected":false},"excerpt":{"rendered":"<p>El precandidato a presidente del Frente de Todos, Alberto Fern\u00e1ndez, se reuni\u00f3 este jueves con Alejandro Werner, funcionario del Fondo Monetario Internacional (FMI), para manifestarle sus puntos de vista sobre los pasos a seguir tras el acuerdo que el organismo firm\u00f3 con el Gobierno de Mauricio Macri. \u201cLe plante\u00e9 con franqueza que es imposible pensar en cumplir con este plan con la retracci\u00f3n econ\u00f3mica que vive la Argentina\u201d, cont\u00f3 el dirigente peronista Alberto Fern\u00e1ndez se mostr\u00f3 preocupado por la realidad del pa\u00eds y dijo que \u201cla Argentina no puede seguir&#8230;<\/p>\n","protected":false},"author":3,"featured_media":47210,"comment_status":"closed","ping_status":"closed","sticky":false,"template":"","format":"standard","meta":[],"categories":[18],"tags":[],"_links":{"self":[{"href":"https:\/\/www.actualidadadiario.com\/index.php\/wp-json\/wp\/v2\/posts\/47209"}],"collection":[{"href":"https:\/\/www.actualidadadiario.com\/index.php\/wp-json\/wp\/v2\/posts"}],"about":[{"href":"https:\/\/www.actualidadadiario.com\/index.php\/wp-json\/wp\/v2\/types\/post"}],"author":[{"embeddable":true,"href":"https:\/\/www.actualidadadiario.com\/index.php\/wp-json\/wp\/v2\/users\/3"}],"replies":[{"embeddable":true,"href":"https:\/\/www.actualidadadiario.com\/index.php\/wp-json\/wp\/v2\/comments?post=47209"}],"version-history":[{"count":1,"href":"https:\/\/www.actualidadadiario.com\/index.php\/wp-json\/wp\/v2\/posts\/47209\/revisions"}],"predecessor-version":[{"id":47211,"href":"https:\/\/www.actualidadadiario.com\/index.php\/wp-json\/wp\/v2\/posts\/47209\/revisions\/47211"}],"wp:featuredmedia":[{"embeddable":true,"href":"https:\/\/www.actualidadadiario.com\/index.php\/wp-json\/wp\/v2\/media\/47210"}],"wp:attachment":[{"href":"https:\/\/www.actualidadadiario.com\/index.php\/wp-json\/wp\/v2\/media?parent=47209"}],"wp:term":[{"taxonomy":"category","embeddable":true,"href":"https:\/\/www.actualidadadiario.com\/index.php\/wp-json\/wp\/v2\/categories?post=47209"},{"taxonomy":"post_tag","embeddable":true,"href":"https:\/\/www.actualidadadiario.com\/index.php\/wp-json\/wp\/v2\/tags?post=47209"}],"curies":[{"name":"wp","href":"https:\/\/api.w.org\/{rel}","templated":true}]}}