{"id":47206,"date":"2019-06-28T10:57:27","date_gmt":"2019-06-28T13:57:27","guid":{"rendered":"https:\/\/www.actualidadadiario.com\/?p=47206"},"modified":"2019-06-28T10:57:27","modified_gmt":"2019-06-28T13:57:27","slug":"pichetto-y-frigerio-arrancaron-su-gira-de-seduccion-peronista","status":"publish","type":"post","link":"https:\/\/www.actualidadadiario.com\/index.php\/2019\/06\/28\/pichetto-y-frigerio-arrancaron-su-gira-de-seduccion-peronista\/","title":{"rendered":"Pichetto y Frigerio arrancaron su gira de seducci\u00f3n peronista"},"content":{"rendered":"\n<p><strong><em>Hacer campa\u00f1a y tratar de consolidar un acercamiento al sector del peronismo que no manifest\u00f3 su adhesi\u00f3n a la f\u00f3rmula Fern\u00e1ndez-Fern\u00e1ndez. Con ese doble objetivo, el candidato a vicepresidente del oficialismo, Miguel Pichetto, y el ministro del Interior, Rogelio Frigerio, hicieron ayer la primera escala de su &#8220;gira&#8221; por las provincias del pa\u00eds<\/em><\/strong><\/p>\n\n\n\n<p><\/p>\n\n\n\n<p><\/p>\n\n\n\n<p>El senador y el ministro viajaron a La Rioja para una\ninauguraci\u00f3n de obras, una excusa para enviar un mensaje con esp\u00edritu electoral\ny para acercarse a los referentes peronistas que no seguir\u00e1n el camino del\ngobernador Sergio Casas.<\/p>\n\n\n\n<p>El mandatario riojano ya se encolumn\u00f3 detr\u00e1s de la f\u00f3rmula\nde Alberto Fern\u00e1ndez y Cristina Kirchner: celebr\u00f3 el binomio por redes sociales\ny viaj\u00f3 a Buenos Aires para fotografiarse con el candidato presidencial del\nkirchnerismo.<\/p>\n\n\n\n<p>Pero el Gobierno logr\u00f3 en La Rioja cerrar un acuerdo con el\nPJ del intendente de la capital, Alberto Paredes Urquiza: la lista de diputados\nnacionales de Juntos por el Cambio en esa provincia ir\u00e1 encabezada por Felipe\n\u00c1lvarez, un hombre del ri\u00f1\u00f3n del intendente peronista. Como candidato a\ngobernador, la coalici\u00f3n de Mauricio Macri llevar\u00e1 al radical Julio Mart\u00ednez.<\/p>\n\n\n\n<p>&#8220;En esa provincia tuvimos un cierre muy amplio, que nos\nda volumen pol\u00edtico para hacer un buen papel en la elecci\u00f3n&#8221;, se\u00f1alaban\nayer en el Gobierno.<\/p>\n\n\n\n<p>&#8220;El Gobierno ha consolidado el federalismo en la\nArgentina&#8221;, dijo Pichetto desde La Rioja, donde recorri\u00f3 las obras de\ninfraestructura urbana que la Naci\u00f3n hizo en el barrio Loteo San Nicol\u00e1s y las\nobras de infraestructura del r\u00edo Tajamar.<\/p>\n\n\n\n<p>Junto con Pichetto, Frigerio hab\u00eda recibido la semana pasada\nen su despacho a un grupo de peronistas riojanos encabezados por Paredes\nUrquiza y acompa\u00f1ados por el embajador en Per\u00fa, Jorge Yoma.<\/p>\n\n\n\n<p>Junto con \u00e9l camin\u00f3 Frigerio, el ministro responsable de\ntransferir los fondos a las provincias. Casi todos los distritos del pa\u00eds\nllegar\u00e1n a las elecciones de este a\u00f1o con un super\u00e1vit en sus cuentas.<\/p>\n\n\n\n<p>&#8220;En las pr\u00f3ximas elecciones se juega un desaf\u00edo muy\nimportante en la Argentina, como es consolidar un proyecto democr\u00e1tico y un proyecto\nde distribuci\u00f3n de recursos federales como nunca se vivi\u00f3 en la Argentina.\nJuntamente con el ministro del Interior hemos trabajado en consolidar el\nfederalismo. Antes las provincias estaban sometidas a la discrecionalidad del\npoder&#8221;, indic\u00f3 Pichetto.<\/p>\n\n\n\n<p><strong>Gira electoral<\/strong><\/p>\n\n\n\n<p>Con el viaje de ayer, Pichetto y Frigerio reactivaron la\ngira electoral que hab\u00edan suspendido el domingo pasado.<\/p>\n\n\n\n<p>Los cierres de listas, centralmente los de la provincia de\nBuenos Aires, hab\u00edan dejado herida a la llamada &#8220;ala pol\u00edtica&#8221; de\nCambiemos, encarnada en el presidente de la C\u00e1mara de Diputados, Emilio Monz\u00f3;\nen Frigerio, y en el recientemente incorporado Pichetto.<\/p>\n\n\n\n<p>Lo que alter\u00f3 los \u00e1nimos fue que la gobernadora Mar\u00eda\nEugenia Vidal repartiera los lugares en las listas entre candidatos que\nresponden a su n\u00facleo duro y postulantes de los dos hist\u00f3ricos aliados de Pro:\nel radicalismo y la Coalici\u00f3n C\u00edvica.<\/p>\n\n\n\n<p>A favor de ampliar los acuerdos pol\u00edticos, el sector\n&#8220;prorrosca&#8221; del oficialismo interpret\u00f3 que se vio afectado el mensaje\nde apertura pol\u00edtica que se hab\u00eda construido con la incorporaci\u00f3n de Pichetto\nal binomio presidencial.<\/p>\n\n\n\n<p>Aunque no dejaron trascender los motivos, sugestivamente\nFrigerio y Pichetto suspendieron el domingo pasado el viaje que ten\u00edan previsto\npara visitar dos provincias patag\u00f3nicas.<\/p>\n\n\n\n<p>Pero ayer el senador y el ministro reactivaron su agenda por\nel interior del pa\u00eds. Al viaje a La Rioja se sumar\u00eda el domingo una visita a\nSalta, y no se descarta tambi\u00e9n una escala en Tucum\u00e1n.<\/p>\n\n\n\n<p>Con sus recorridas por las provincias, Pichetto toma la\ndelantera de la campa\u00f1a nacional del oficialismo, que ganar\u00e1 m\u00e1s impulso cuando\nMauricio Macri y el jefe de Gabinete, Marcos Pe\u00f1a, regresen de Jap\u00f3n.<\/p>\n\n\n\n<p>Ayer, el candidato a vicepresidente confirm\u00f3 su rol pol\u00edtico\ndentro de la coalici\u00f3n oficialista.<\/p>\n\n\n\n<p>Se\u00f1al\u00f3 en La Rioja que &#8220;el desaf\u00edo de la Argentina es\nconstruir caminos de grandes acuerdos nacionales para sacar al pa\u00eds\ndefinitivamente de la crisis&#8221;.<\/p>\n","protected":false},"excerpt":{"rendered":"<p>Hacer campa\u00f1a y tratar de consolidar un acercamiento al sector del peronismo que no manifest\u00f3 su adhesi\u00f3n a la f\u00f3rmula Fern\u00e1ndez-Fern\u00e1ndez. Con ese doble objetivo, el candidato a vicepresidente del oficialismo, Miguel Pichetto, y el ministro del Interior, Rogelio Frigerio, hicieron ayer la primera escala de su &#8220;gira&#8221; por las provincias del pa\u00eds El senador y el ministro viajaron a La Rioja para una inauguraci\u00f3n de obras, una excusa para enviar un mensaje con esp\u00edritu electoral y para acercarse a los referentes peronistas que no seguir\u00e1n el camino del gobernador&#8230;<\/p>\n","protected":false},"author":3,"featured_media":47207,"comment_status":"closed","ping_status":"closed","sticky":false,"template":"","format":"standard","meta":[],"categories":[18],"tags":[],"_links":{"self":[{"href":"https:\/\/www.actualidadadiario.com\/index.php\/wp-json\/wp\/v2\/posts\/47206"}],"collection":[{"href":"https:\/\/www.actualidadadiario.com\/index.php\/wp-json\/wp\/v2\/posts"}],"about":[{"href":"https:\/\/www.actualidadadiario.com\/index.php\/wp-json\/wp\/v2\/types\/post"}],"author":[{"embeddable":true,"href":"https:\/\/www.actualidadadiario.com\/index.php\/wp-json\/wp\/v2\/users\/3"}],"replies":[{"embeddable":true,"href":"https:\/\/www.actualidadadiario.com\/index.php\/wp-json\/wp\/v2\/comments?post=47206"}],"version-history":[{"count":1,"href":"https:\/\/www.actualidadadiario.com\/index.php\/wp-json\/wp\/v2\/posts\/47206\/revisions"}],"predecessor-version":[{"id":47208,"href":"https:\/\/www.actualidadadiario.com\/index.php\/wp-json\/wp\/v2\/posts\/47206\/revisions\/47208"}],"wp:featuredmedia":[{"embeddable":true,"href":"https:\/\/www.actualidadadiario.com\/index.php\/wp-json\/wp\/v2\/media\/47207"}],"wp:attachment":[{"href":"https:\/\/www.actualidadadiario.com\/index.php\/wp-json\/wp\/v2\/media?parent=47206"}],"wp:term":[{"taxonomy":"category","embeddable":true,"href":"https:\/\/www.actualidadadiario.com\/index.php\/wp-json\/wp\/v2\/categories?post=47206"},{"taxonomy":"post_tag","embeddable":true,"href":"https:\/\/www.actualidadadiario.com\/index.php\/wp-json\/wp\/v2\/tags?post=47206"}],"curies":[{"name":"wp","href":"https:\/\/api.w.org\/{rel}","templated":true}]}}