{"id":47197,"date":"2019-06-28T10:55:33","date_gmt":"2019-06-28T13:55:33","guid":{"rendered":"https:\/\/www.actualidadadiario.com\/?p=47197"},"modified":"2019-06-28T10:55:33","modified_gmt":"2019-06-28T13:55:33","slug":"no-hubo-reconciliacion-monzo-se-despide-del-macrismo-en-diciembre","status":"publish","type":"post","link":"https:\/\/www.actualidadadiario.com\/index.php\/2019\/06\/28\/no-hubo-reconciliacion-monzo-se-despide-del-macrismo-en-diciembre\/","title":{"rendered":"No hubo reconciliaci\u00f3n: Monz\u00f3 se despide del macrismo en diciembre"},"content":{"rendered":"\n<p><strong><em>El cierre de listas dej\u00f3 heridos y roces dentro el macrismo no s\u00f3lo con el radicalismo sino con el peronismo. El Gobierno busc\u00f3 minimizar el gesto del presidente de la C\u00e1mara de Diputados, Emilio Monz\u00f3, cuando hace dos d\u00edas felicit\u00f3 a los candidatos del PJ que ganaron en sus provincias<\/em><\/strong><\/p>\n\n\n\n<p><\/p>\n\n\n\n<p><\/p>\n\n\n\n<p>La Casa Rosada asegura que el titular de la C\u00e1mara baja\npermanecer\u00e1 en el Congreso hasta el 10 de diciembre, pero que luego se va. Sin\nembargo, desde el monzonismo aseguran que &#8220;no hay nada definido&#8221;\nporque no va a &#8220;tomar una decisi\u00f3n en caliente&#8221;.<\/p>\n\n\n\n<p>El reconocimiento de Monz\u00f3, en plena sesi\u00f3n, a diputados\nperonistas que lograron triunfos para cargos ejecutivos en sus provincias se\ninterpret\u00f3 como terminal. &#8220;Todo se lee mal por el aplauso. Fue un gesto en\nel marco del Congreso&#8221;, sintetizaron en Balcarce 50.<\/p>\n\n\n\n<p>El aplauso y una cena con su amigo Sergio Massa volvieron a\ndejar a Monz\u00f3 con un pie afuera del Gobierno. La idea de que estaba de salida\nsigue primando, aunque en alg\u00fan momento el Gobierno pens\u00f3 en retenerlo. El\npresidente de la C\u00e1mara de Diputados pertenece al &#8220;ala pol\u00edtica&#8221; que\ntuvo el cr\u00e9dito de sumar a Miguel Angel Pichetto como candidato a\nvicepresidente de Juntos por el Cambio. El mismo sector adjudica a Frigerio y a\nErnesto Sanz como los autores de convencer a Macri. A Monz\u00f3 s\u00f3lo le atribuyen\nla apertura pol\u00edtica. &#8220;\u00c9l pidi\u00f3 que el espacio tenga mayor base de\nsustentaci\u00f3n pol\u00edtica, y se logr\u00f3&#8221;, reconocen en el entorno presidencial.<\/p>\n\n\n\n<p>La lapicera del armado de listas igualmente margin\u00f3 al\nmonzonismo que no pudo lograr la reelecci\u00f3n de dirigentes propios en la\nprovincia de Buenos Aires, incluida la de su hermano, el senador Gabriel Monz\u00f3.\nS\u00f3lo ubic\u00f3 a Silvia Lospennato y al vice ministro del interior, Sebasti\u00e1n\nGarc\u00eda de Luca, en la boleta nacional.<\/p>\n\n\n\n<p>Previo al cierre de listas parec\u00eda que la oleada peronista\nhab\u00eda reinstalado a Monz\u00f3 en el c\u00edrculo chico de las decisiones del Presidente.\nIba a acompa\u00f1ar a Pichetto en una gira de campa\u00f1a. Finalmente el segundo en la\nf\u00f3rmula viajar\u00e1 junto al ministro del Interior, Rogelio Frigerio. &#8220;Monz\u00f3\nno estaba previsto que viaje. Era una posibilidad&#8221;, explicaron fuentes\noficiales.<\/p>\n\n\n\n<p>Allegados al diputado descartan que siga ligado al Gobierno\ndespu\u00e9s de diciembre pese a que Macri consiga la reelecci\u00f3n. &#8220;Es dif\u00edcil\nque se quede en un lugar donde no lo quieren&#8221;, lamentaron. El monzonismo\nresalta que pese al desgaste con los partidos aliados, ellos &#8220;nunca\ncriticaron medidas ni amenazaron con romper&#8221;.<\/p>\n","protected":false},"excerpt":{"rendered":"<p>El cierre de listas dej\u00f3 heridos y roces dentro el macrismo no s\u00f3lo con el radicalismo sino con el peronismo. El Gobierno busc\u00f3 minimizar el gesto del presidente de la C\u00e1mara de Diputados, Emilio Monz\u00f3, cuando hace dos d\u00edas felicit\u00f3 a los candidatos del PJ que ganaron en sus provincias La Casa Rosada asegura que el titular de la C\u00e1mara baja permanecer\u00e1 en el Congreso hasta el 10 de diciembre, pero que luego se va. Sin embargo, desde el monzonismo aseguran que &#8220;no hay nada definido&#8221; porque no va a&#8230;<\/p>\n","protected":false},"author":3,"featured_media":47198,"comment_status":"closed","ping_status":"closed","sticky":false,"template":"","format":"standard","meta":[],"categories":[18],"tags":[],"_links":{"self":[{"href":"https:\/\/www.actualidadadiario.com\/index.php\/wp-json\/wp\/v2\/posts\/47197"}],"collection":[{"href":"https:\/\/www.actualidadadiario.com\/index.php\/wp-json\/wp\/v2\/posts"}],"about":[{"href":"https:\/\/www.actualidadadiario.com\/index.php\/wp-json\/wp\/v2\/types\/post"}],"author":[{"embeddable":true,"href":"https:\/\/www.actualidadadiario.com\/index.php\/wp-json\/wp\/v2\/users\/3"}],"replies":[{"embeddable":true,"href":"https:\/\/www.actualidadadiario.com\/index.php\/wp-json\/wp\/v2\/comments?post=47197"}],"version-history":[{"count":1,"href":"https:\/\/www.actualidadadiario.com\/index.php\/wp-json\/wp\/v2\/posts\/47197\/revisions"}],"predecessor-version":[{"id":47199,"href":"https:\/\/www.actualidadadiario.com\/index.php\/wp-json\/wp\/v2\/posts\/47197\/revisions\/47199"}],"wp:featuredmedia":[{"embeddable":true,"href":"https:\/\/www.actualidadadiario.com\/index.php\/wp-json\/wp\/v2\/media\/47198"}],"wp:attachment":[{"href":"https:\/\/www.actualidadadiario.com\/index.php\/wp-json\/wp\/v2\/media?parent=47197"}],"wp:term":[{"taxonomy":"category","embeddable":true,"href":"https:\/\/www.actualidadadiario.com\/index.php\/wp-json\/wp\/v2\/categories?post=47197"},{"taxonomy":"post_tag","embeddable":true,"href":"https:\/\/www.actualidadadiario.com\/index.php\/wp-json\/wp\/v2\/tags?post=47197"}],"curies":[{"name":"wp","href":"https:\/\/api.w.org\/{rel}","templated":true}]}}