{"id":47191,"date":"2019-06-28T10:54:14","date_gmt":"2019-06-28T13:54:14","guid":{"rendered":"https:\/\/www.actualidadadiario.com\/?p=47191"},"modified":"2019-06-28T10:54:14","modified_gmt":"2019-06-28T13:54:14","slug":"sobreseyeron-a-cristina-kirchner-y-ordenaron-devolverle-el-baston-presidencial","status":"publish","type":"post","link":"https:\/\/www.actualidadadiario.com\/index.php\/2019\/06\/28\/sobreseyeron-a-cristina-kirchner-y-ordenaron-devolverle-el-baston-presidencial\/","title":{"rendered":"Sobreseyeron a Cristina Kirchner y ordenaron devolverle el bast\u00f3n presidencial"},"content":{"rendered":"\n<p><strong><em>Hab\u00eda sido secuestrado por el juez Claudio Bonadio y la causa pas\u00f3 a Juli\u00e1n Ercolini, quien pudo determinar que la pieza hab\u00eda sido donada a la ex mandataria por parte de la familia C\u00e1mpora<\/em><\/strong><\/p>\n\n\n\n<p><\/p>\n\n\n\n<p><\/p>\n\n\n\n<p>El juez federal Juli\u00e1n Ercolini sobresey\u00f3 a la ex presidenta\nCristina Kirchner en la causa por el hallazgo de un bast\u00f3n presidencial durante\nun allanamiento a su casa en El Calafate y dispuso que se lo devuelvan.<\/p>\n\n\n\n<p>De acuerdo con lo que dispuso el magistrado, el hecho\ninvestigado &#8220;no encuadra en una figura penal&#8221;, luego de que el bast\u00f3n\nle fuera secuestrado a la precandidata a vicepresidenta por orden del juez\nfederal Claudio Bonadio en el marco de la causa de las fotocopias. Entonces se\nhizo una denuncia penal aparte &#8220;bajo la sospecha de que se trataba de\naquel que utiliz\u00f3 el ex presidente Arturo Frondizi, perteneciente al Museo de\nCasa de Gobierno&#8221;, y que hab\u00eda sido sustra\u00eddo.<\/p>\n\n\n\n<p>Sin embargo se pudo determinar que el bast\u00f3n &#8220;es aquel\nque fuera donado por los familiares del ex presidente C\u00e1mpora al ex presidente\nN\u00e9stor Kirchner, y en consecuencia, no ser\u00eda aquel sustra\u00eddo al Estado\nNacional&#8221;.<\/p>\n\n\n\n<p>Adem\u00e1s, remarc\u00f3 que &#8220;los ex funcionarios nacionales\nJorge Taiana y Alberto Fern\u00e1ndez, asistentes al acto celebrado el d\u00eda 28 de\ndiciembre de 2006, en el que el ex presidente de la Naci\u00f3n N\u00e9stor Kirchner\nrecibi\u00f3 los atributos presidenciales donados por los familiares del tambi\u00e9n ex\nmandatario H\u00e9ctor C\u00e1mpora&#8221;, declararon como testigos y reconocieron el\nbast\u00f3n en fotograf\u00edas. Adem\u00e1s, ratificaron que se trat\u00f3 de un &#8220;regalo personal&#8221;.<\/p>\n","protected":false},"excerpt":{"rendered":"<p>Hab\u00eda sido secuestrado por el juez Claudio Bonadio y la causa pas\u00f3 a Juli\u00e1n Ercolini, quien pudo determinar que la pieza hab\u00eda sido donada a la ex mandataria por parte de la familia C\u00e1mpora El juez federal Juli\u00e1n Ercolini sobresey\u00f3 a la ex presidenta Cristina Kirchner en la causa por el hallazgo de un bast\u00f3n presidencial durante un allanamiento a su casa en El Calafate y dispuso que se lo devuelvan. De acuerdo con lo que dispuso el magistrado, el hecho investigado &#8220;no encuadra en una figura penal&#8221;, luego de&#8230;<\/p>\n","protected":false},"author":3,"featured_media":47192,"comment_status":"closed","ping_status":"closed","sticky":false,"template":"","format":"standard","meta":[],"categories":[9],"tags":[],"_links":{"self":[{"href":"https:\/\/www.actualidadadiario.com\/index.php\/wp-json\/wp\/v2\/posts\/47191"}],"collection":[{"href":"https:\/\/www.actualidadadiario.com\/index.php\/wp-json\/wp\/v2\/posts"}],"about":[{"href":"https:\/\/www.actualidadadiario.com\/index.php\/wp-json\/wp\/v2\/types\/post"}],"author":[{"embeddable":true,"href":"https:\/\/www.actualidadadiario.com\/index.php\/wp-json\/wp\/v2\/users\/3"}],"replies":[{"embeddable":true,"href":"https:\/\/www.actualidadadiario.com\/index.php\/wp-json\/wp\/v2\/comments?post=47191"}],"version-history":[{"count":1,"href":"https:\/\/www.actualidadadiario.com\/index.php\/wp-json\/wp\/v2\/posts\/47191\/revisions"}],"predecessor-version":[{"id":47193,"href":"https:\/\/www.actualidadadiario.com\/index.php\/wp-json\/wp\/v2\/posts\/47191\/revisions\/47193"}],"wp:featuredmedia":[{"embeddable":true,"href":"https:\/\/www.actualidadadiario.com\/index.php\/wp-json\/wp\/v2\/media\/47192"}],"wp:attachment":[{"href":"https:\/\/www.actualidadadiario.com\/index.php\/wp-json\/wp\/v2\/media?parent=47191"}],"wp:term":[{"taxonomy":"category","embeddable":true,"href":"https:\/\/www.actualidadadiario.com\/index.php\/wp-json\/wp\/v2\/categories?post=47191"},{"taxonomy":"post_tag","embeddable":true,"href":"https:\/\/www.actualidadadiario.com\/index.php\/wp-json\/wp\/v2\/tags?post=47191"}],"curies":[{"name":"wp","href":"https:\/\/api.w.org\/{rel}","templated":true}]}}