{"id":47185,"date":"2019-06-28T10:52:16","date_gmt":"2019-06-28T13:52:16","guid":{"rendered":"https:\/\/www.actualidadadiario.com\/?p=47185"},"modified":"2019-06-28T10:52:16","modified_gmt":"2019-06-28T13:52:16","slug":"cae-el-consumo-electrico","status":"publish","type":"post","link":"https:\/\/www.actualidadadiario.com\/index.php\/2019\/06\/28\/cae-el-consumo-electrico\/","title":{"rendered":"Cae el consumo el\u00e9ctrico"},"content":{"rendered":"\n<p><strong><em>El consumo de energ\u00eda baj\u00f3 2,2 por ciento en mayo respecto de igual mes del a\u00f1o pasado y acumula nueve meses de retracci\u00f3n. El mes pasado se registr\u00f3 el consumo m\u00e1s bajo en t\u00e9rminos nominales desde 2013. Los datos se publicaron en el informe de la Fundaci\u00f3n para el Desarrollo El\u00e9ctrico (Fundelec) y ofrecen nuevos datos sobre el desplome del mercado interno<\/em><\/strong><\/p>\n\n\n\n<p><\/p>\n\n\n\n<p><\/p>\n\n\n\n<p>El retroceso del consumo el\u00e9ctrico se explic\u00f3 principalmente\npor la ca\u00edda de la demanda de los comercios y las industrias. Esto se debe al\nfuerte parate en los establecimientos productivos que fabrican bienes para\nabastecer el mercado interno. <\/p>\n\n\n\n<p>El documento de Fundelec precis\u00f3 que el consumo el\u00e9ctrico de\nla Capital Federal y el conurbano bonaerense volvieron a registrar nuevas\nca\u00eddas. Los usuarios de la distribuidora Edesur registraron ca\u00eddas de demanda\ndel 1,4 por ciento, al tiempo que los clientes de Edenor computaron bajas del\n1,8 por ciento. En el resto del pa\u00eds los retrocesos de demanda el\u00e9ctrica fueron\ndel 3,2 por ciento. <\/p>\n\n\n\n<p>\u201cEn mayo la demanda neta del MEM (Mercado El\u00e9ctrico\nMayorista) fue de 10.382,6 gigawatts hora (gwh). En igual mes de 2018 hab\u00eda\nsido de 10.617,6 gwh, lo que marca una baja de 2,2 por ciento interanual\u201d,\nprecisaron en la Fundaci\u00f3n. La merma de la demanda acumulada en los primeros\ncinco meses del a\u00f1o fue del 6,2 por ciento. En lo que refiere a la variaci\u00f3n\nintermensual, en mayo hubo un alza del 8,4 por ciento respecto de abril.<\/p>\n","protected":false},"excerpt":{"rendered":"<p>El consumo de energ\u00eda baj\u00f3 2,2 por ciento en mayo respecto de igual mes del a\u00f1o pasado y acumula nueve meses de retracci\u00f3n. El mes pasado se registr\u00f3 el consumo m\u00e1s bajo en t\u00e9rminos nominales desde 2013. Los datos se publicaron en el informe de la Fundaci\u00f3n para el Desarrollo El\u00e9ctrico (Fundelec) y ofrecen nuevos datos sobre el desplome del mercado interno El retroceso del consumo el\u00e9ctrico se explic\u00f3 principalmente por la ca\u00edda de la demanda de los comercios y las industrias. Esto se debe al fuerte parate en los&#8230;<\/p>\n","protected":false},"author":3,"featured_media":42210,"comment_status":"closed","ping_status":"closed","sticky":false,"template":"","format":"standard","meta":[],"categories":[2],"tags":[],"_links":{"self":[{"href":"https:\/\/www.actualidadadiario.com\/index.php\/wp-json\/wp\/v2\/posts\/47185"}],"collection":[{"href":"https:\/\/www.actualidadadiario.com\/index.php\/wp-json\/wp\/v2\/posts"}],"about":[{"href":"https:\/\/www.actualidadadiario.com\/index.php\/wp-json\/wp\/v2\/types\/post"}],"author":[{"embeddable":true,"href":"https:\/\/www.actualidadadiario.com\/index.php\/wp-json\/wp\/v2\/users\/3"}],"replies":[{"embeddable":true,"href":"https:\/\/www.actualidadadiario.com\/index.php\/wp-json\/wp\/v2\/comments?post=47185"}],"version-history":[{"count":1,"href":"https:\/\/www.actualidadadiario.com\/index.php\/wp-json\/wp\/v2\/posts\/47185\/revisions"}],"predecessor-version":[{"id":47186,"href":"https:\/\/www.actualidadadiario.com\/index.php\/wp-json\/wp\/v2\/posts\/47185\/revisions\/47186"}],"wp:featuredmedia":[{"embeddable":true,"href":"https:\/\/www.actualidadadiario.com\/index.php\/wp-json\/wp\/v2\/media\/42210"}],"wp:attachment":[{"href":"https:\/\/www.actualidadadiario.com\/index.php\/wp-json\/wp\/v2\/media?parent=47185"}],"wp:term":[{"taxonomy":"category","embeddable":true,"href":"https:\/\/www.actualidadadiario.com\/index.php\/wp-json\/wp\/v2\/categories?post=47185"},{"taxonomy":"post_tag","embeddable":true,"href":"https:\/\/www.actualidadadiario.com\/index.php\/wp-json\/wp\/v2\/tags?post=47185"}],"curies":[{"name":"wp","href":"https:\/\/api.w.org\/{rel}","templated":true}]}}