{"id":47180,"date":"2019-06-28T10:50:46","date_gmt":"2019-06-28T13:50:46","guid":{"rendered":"https:\/\/www.actualidadadiario.com\/?p=47180"},"modified":"2019-06-28T10:50:46","modified_gmt":"2019-06-28T13:50:46","slug":"extienden-a-julio-los-subsidios-para-los-0-km-pero-con-suba-de-precios","status":"publish","type":"post","link":"https:\/\/www.actualidadadiario.com\/index.php\/2019\/06\/28\/extienden-a-julio-los-subsidios-para-los-0-km-pero-con-suba-de-precios\/","title":{"rendered":"Extienden a julio los subsidios para los 0 km pero con suba de precios"},"content":{"rendered":"\n<p><strong><em>Hoy, a las 11, el Ministerio de Producci\u00f3n y Trabajo y las automotrices renovar\u00e1n el plan que incentiv\u00f3 las ventas en casi 40% respecto de mayo. El entendimiento se extender\u00e1 hasta agotar el stock de unidades y de fondos e incluye un incremento en el valor de los autos<\/em><\/strong><\/p>\n\n\n\n<p><\/p>\n\n\n\n<p><\/p>\n\n\n\n<p>El \u00e9xito del plan &#8220;Junio 0 km&#8221; que increment\u00f3 las\nalica\u00eddas ventas de los concesionarios de autos signific\u00f3 que el Gobierno\naccediera al pedido de las automotrices de continuar con los subsidios a la\nventa de unidades nuevas y se reconvierta en &#8220;Julio 0km&#8221;. <\/p>\n\n\n\n<p>A las 11 de la ma\u00f1ana se reunir\u00e1n los miembros de la\nAsociaci\u00f3n de Fabricantes de Automotores (Adefa) con funcionarios del ministerio\nde Producci\u00f3n y Trabajo y rubricar\u00e1n e documento que establece la continuidad\ndel plan por el que el Gobierno aporta fondos y las automotrices otorgan\nfuertes descuentos para incentivar las ventas.<\/p>\n\n\n\n<p>Pero esta continuidad tiene varias particularidades. La\nprimera es que continuar\u00e1 hasta acabar stock, sea de unidades o de los fondos\nque termine aportando el Gobierno que, en principio, rondar\u00eda los $ 500\nmillones. <\/p>\n\n\n\n<p>El segundo punto es que las automotrices se\u00f1alaron la\nnecesidad de ajustar los precios de las unidades antes de renovar el plan, ya\nque en un contexto de fuerte incremento inflacionario aseguran que les resulta\n&#8220;imposible&#8221; mantener las listas de precios durante un per\u00edodo\nextendido de tiempo.<\/p>\n\n\n\n<p>Fuentes del sector explicaron que la\n&#8220;recomendaci\u00f3n&#8221; del Gobierno fue que los aumentos queden por abajo de\nla estimaci\u00f3n de inflaci\u00f3n de este mes que los funcionarios nacionales estiman\nque ser\u00e1 de 2,5%. &#8220;Pidieron que sea por abajo del IPC y por eso el aumento\nser\u00eda de hasta 1,5% frente al 2,5% de inflaci\u00f3n que ellos proyectan&#8221;,\nse\u00f1alaron.<\/p>\n\n\n\n<p>En paralelo tambi\u00e9n se conoci\u00f3 que Chaco se sum\u00f3 a la\nprovincia de C\u00f3rdoba y de Buenos Aires y defini\u00f3 la eximici\u00f3n del pago total\ndel sellado para todos los veh\u00edculos que se patenten en la provincia.<\/p>\n","protected":false},"excerpt":{"rendered":"<p>Hoy, a las 11, el Ministerio de Producci\u00f3n y Trabajo y las automotrices renovar\u00e1n el plan que incentiv\u00f3 las ventas en casi 40% respecto de mayo. El entendimiento se extender\u00e1 hasta agotar el stock de unidades y de fondos e incluye un incremento en el valor de los autos El \u00e9xito del plan &#8220;Junio 0 km&#8221; que increment\u00f3 las alica\u00eddas ventas de los concesionarios de autos signific\u00f3 que el Gobierno accediera al pedido de las automotrices de continuar con los subsidios a la venta de unidades nuevas y se reconvierta&#8230;<\/p>\n","protected":false},"author":3,"featured_media":38446,"comment_status":"closed","ping_status":"closed","sticky":false,"template":"","format":"standard","meta":[],"categories":[2],"tags":[],"_links":{"self":[{"href":"https:\/\/www.actualidadadiario.com\/index.php\/wp-json\/wp\/v2\/posts\/47180"}],"collection":[{"href":"https:\/\/www.actualidadadiario.com\/index.php\/wp-json\/wp\/v2\/posts"}],"about":[{"href":"https:\/\/www.actualidadadiario.com\/index.php\/wp-json\/wp\/v2\/types\/post"}],"author":[{"embeddable":true,"href":"https:\/\/www.actualidadadiario.com\/index.php\/wp-json\/wp\/v2\/users\/3"}],"replies":[{"embeddable":true,"href":"https:\/\/www.actualidadadiario.com\/index.php\/wp-json\/wp\/v2\/comments?post=47180"}],"version-history":[{"count":1,"href":"https:\/\/www.actualidadadiario.com\/index.php\/wp-json\/wp\/v2\/posts\/47180\/revisions"}],"predecessor-version":[{"id":47181,"href":"https:\/\/www.actualidadadiario.com\/index.php\/wp-json\/wp\/v2\/posts\/47180\/revisions\/47181"}],"wp:featuredmedia":[{"embeddable":true,"href":"https:\/\/www.actualidadadiario.com\/index.php\/wp-json\/wp\/v2\/media\/38446"}],"wp:attachment":[{"href":"https:\/\/www.actualidadadiario.com\/index.php\/wp-json\/wp\/v2\/media?parent=47180"}],"wp:term":[{"taxonomy":"category","embeddable":true,"href":"https:\/\/www.actualidadadiario.com\/index.php\/wp-json\/wp\/v2\/categories?post=47180"},{"taxonomy":"post_tag","embeddable":true,"href":"https:\/\/www.actualidadadiario.com\/index.php\/wp-json\/wp\/v2\/tags?post=47180"}],"curies":[{"name":"wp","href":"https:\/\/api.w.org\/{rel}","templated":true}]}}