{"id":47168,"date":"2019-06-28T10:47:52","date_gmt":"2019-06-28T13:47:52","guid":{"rendered":"https:\/\/www.actualidadadiario.com\/?p=47168"},"modified":"2019-06-28T10:47:52","modified_gmt":"2019-06-28T13:47:52","slug":"aprobaron-por-unanimidad-el-cupo-laboral-trava-trans-en-parana","status":"publish","type":"post","link":"https:\/\/www.actualidadadiario.com\/index.php\/2019\/06\/28\/aprobaron-por-unanimidad-el-cupo-laboral-trava-trans-en-parana\/","title":{"rendered":"Aprobaron por unanimidad el cupo laboral Trava-Trans en Paran\u00e1"},"content":{"rendered":"\n<p><strong><em>El Concejo Deliberante de la capital entrerriana aprob\u00f3, sobre tablas y por unanimidad, una iniciativa presentada por los legisladores Mar\u00eda Marta Zuiani, Karina Llanes, Emanuel Gainza, Carlos Gonz\u00e1lez (Cambiemos) y Luis D\u00edaz (UNA), promoviendo la creaci\u00f3n de un &#8220;Plan de Inclusi\u00f3n Integral y de Acciones de Reparaci\u00f3n a Personas Travestis y Trans de la Ciudad de Paran\u00e1&#8221;<\/em><\/strong><\/p>\n\n\n\n<p><\/p>\n\n\n\n<p><\/p>\n\n\n\n<p>Seg\u00fan el texto normativo, dicho Plan &#8220;tiene por objeto\nla promoci\u00f3n y garant\u00eda del goce pleno de los derechos de las personas\nTravestis y Trans de la ciudad&#8221;.<\/p>\n\n\n\n<p><strong>Inclusi\u00f3n laboral<\/strong><\/p>\n\n\n\n<p>El mencionado Plan contemplar\u00e1 el desarrollo de programas\nbajo los siguientes ejes tem\u00e1ticos: inclusi\u00f3n laboral, salud, educaci\u00f3n,\nvivienda, acceso y ejercicio ciudadano, asistencia a personas trans v\u00edctimas de\nviolencia; y acompa\u00f1amiento a infancias, adolescencias y juventudes trans y sus\nfamilias. <\/p>\n\n\n\n<p>Luego de la sanci\u00f3n de la ordenanza, integrantes de\nagrupaciones identificadas con el colectivo &#8220;LGBTIQ&#8221; presentes en el\nrecinto agradecieron con un aplauso la decisi\u00f3n un\u00e1nime de los ediles\nparanaenses.<\/p>\n\n\n\n<p><strong>Seis por a\u00f1o<\/strong><\/p>\n\n\n\n<p>&#8220;Los cupos no son discriminatorios porque son una\nrespuesta a una situaci\u00f3n de exclusi\u00f3n y discriminaci\u00f3n que se da en la\nsociedad. As\u00ed como existe el cupo a las personas con discapacidad, necesitamos\nesas herramientas porque hay una desigualdad social y estructural de la que se\nparte&#8221;, dijo Soledad, de la agrupaci\u00f3n Sexualidades y Disidencias. <\/p>\n\n\n\n<p>En la oportunidad, la joven coment\u00f3 que el proyecto prev\u00e9\n&#8220;que ingresen seis compa\u00f1eras trans por a\u00f1o a la municipalidad de Paran\u00e1,\nhasta cumplir, en forma gradual, el 2% de la planta municipal&#8221;.<\/p>\n\n\n\n<p><strong>Reparar una deuda<\/strong><\/p>\n\n\n\n<p>&#8220;Todos los a\u00f1os ingresan a trabajar al municipio y la\nprovincia un mont\u00f3n de personas. Y esta es una deuda hist\u00f3rica que tiene el\nEstado con las compa\u00f1eras trans, la comunidad m\u00e1s violentada y marginada, y\ndiscriminada por su identidad. Son excluidas desde muy chiquitas, primero,\ndesde su familia, despu\u00e9s en la escuela, y as\u00ed se crea un camino de exclusiones\nante el que el Estado debe dar una respuesta&#8221;, remarc\u00f3.<\/p>\n","protected":false},"excerpt":{"rendered":"<p>El Concejo Deliberante de la capital entrerriana aprob\u00f3, sobre tablas y por unanimidad, una iniciativa presentada por los legisladores Mar\u00eda Marta Zuiani, Karina Llanes, Emanuel Gainza, Carlos Gonz\u00e1lez (Cambiemos) y Luis D\u00edaz (UNA), promoviendo la creaci\u00f3n de un &#8220;Plan de Inclusi\u00f3n Integral y de Acciones de Reparaci\u00f3n a Personas Travestis y Trans de la Ciudad de Paran\u00e1&#8221; Seg\u00fan el texto normativo, dicho Plan &#8220;tiene por objeto la promoci\u00f3n y garant\u00eda del goce pleno de los derechos de las personas Travestis y Trans de la ciudad&#8221;. Inclusi\u00f3n laboral El mencionado Plan&#8230;<\/p>\n","protected":false},"author":3,"featured_media":47169,"comment_status":"closed","ping_status":"closed","sticky":false,"template":"","format":"standard","meta":[],"categories":[9],"tags":[],"_links":{"self":[{"href":"https:\/\/www.actualidadadiario.com\/index.php\/wp-json\/wp\/v2\/posts\/47168"}],"collection":[{"href":"https:\/\/www.actualidadadiario.com\/index.php\/wp-json\/wp\/v2\/posts"}],"about":[{"href":"https:\/\/www.actualidadadiario.com\/index.php\/wp-json\/wp\/v2\/types\/post"}],"author":[{"embeddable":true,"href":"https:\/\/www.actualidadadiario.com\/index.php\/wp-json\/wp\/v2\/users\/3"}],"replies":[{"embeddable":true,"href":"https:\/\/www.actualidadadiario.com\/index.php\/wp-json\/wp\/v2\/comments?post=47168"}],"version-history":[{"count":1,"href":"https:\/\/www.actualidadadiario.com\/index.php\/wp-json\/wp\/v2\/posts\/47168\/revisions"}],"predecessor-version":[{"id":47170,"href":"https:\/\/www.actualidadadiario.com\/index.php\/wp-json\/wp\/v2\/posts\/47168\/revisions\/47170"}],"wp:featuredmedia":[{"embeddable":true,"href":"https:\/\/www.actualidadadiario.com\/index.php\/wp-json\/wp\/v2\/media\/47169"}],"wp:attachment":[{"href":"https:\/\/www.actualidadadiario.com\/index.php\/wp-json\/wp\/v2\/media?parent=47168"}],"wp:term":[{"taxonomy":"category","embeddable":true,"href":"https:\/\/www.actualidadadiario.com\/index.php\/wp-json\/wp\/v2\/categories?post=47168"},{"taxonomy":"post_tag","embeddable":true,"href":"https:\/\/www.actualidadadiario.com\/index.php\/wp-json\/wp\/v2\/tags?post=47168"}],"curies":[{"name":"wp","href":"https:\/\/api.w.org\/{rel}","templated":true}]}}