{"id":47166,"date":"2019-06-28T10:47:14","date_gmt":"2019-06-28T13:47:14","guid":{"rendered":"https:\/\/www.actualidadadiario.com\/?p=47166"},"modified":"2019-06-28T10:47:14","modified_gmt":"2019-06-28T13:47:14","slug":"la-ucr-le-solicito-al-presidente-del-comite-nacional-que-habilite-la-amplitud-de-pegado","status":"publish","type":"post","link":"https:\/\/www.actualidadadiario.com\/index.php\/2019\/06\/28\/la-ucr-le-solicito-al-presidente-del-comite-nacional-que-habilite-la-amplitud-de-pegado\/","title":{"rendered":"La UCR le solicit\u00f3 al Presidente del Comit\u00e9 Nacional que habilite la amplitud  de pegado"},"content":{"rendered":"\n<p><strong><em>La carta fue redactada por la presidenta interina del Comit\u00e9 provincial, Gracia Jaroslavsky, y est\u00e1 dirigida Alfredo Cornejo. All\u00ed se solicita que \u201cse tenga la amplitud pol\u00edtica y de criterio necesaria para sostener la plural y generosa participaci\u00f3n junto a nuestro candidato a Presidente, aceptando las solicitudes de pegado presentadas oportunamente\u201d<\/em><\/strong><\/p>\n\n\n\n<p><\/p>\n\n\n\n<p><\/p>\n\n\n\n<p>A horas de que se venzan los plazos para la presentaci\u00f3n de\nlos modelos de boleta y con ello la aceptaci\u00f3n o no de los pegados, la\npresidenta interina de la UCR provincial, Gracia Jaroslavsky, envi\u00f3 una carta\nal presidente del Comit\u00e9 Nacional, Alfredo Cornejo, solicit\u00e1ndole que habilite\nla multiplicidad de pegados con la f\u00f3rmula que por ese espacio encabezan para\nla presidencia, Mauricio Macri y Miguel \u00c1ngel Pichetto.<\/p>\n\n\n\n<p><strong>Qu\u00e9 dice textualmente\nel escrito enviado a Alfredo Cornejo<\/strong><\/p>\n\n\n\n<p><em>\u201cSr Presidente del\nComit\u00e9 Nacional de la Uni\u00f3n C\u00edvica Radical Alfredo Cornejo. En mi car\u00e1cter de\npresidente interino de la Uni\u00f3n C\u00edvica Radical de Entre R\u00edos quiero manifestar\nhaci\u00e9ndome eco de lo resuelto por el comit\u00e9 provincial, en concordancia con la\nresoluci\u00f3n dictada por el Honorable Congreso Partidario y lo manifestado por la\nConvenci\u00f3n Nacional de nuestro partido y, fundamentalmente poniendo voz al\nsentir de la inmensa mayor\u00eda de los radicales y adherentes al frente \u201cJuntos\npor el Cambio\u201d que, atento a que en la fecha se vencen los plazos para la\npresentaci\u00f3n de los modelos de boleta y en consecuencia la aceptaci\u00f3n o no de\nlos pegados con la f\u00f3rmula Macri\/ Pichetto, es que quiero ratificar\nenf\u00e1ticamente nuestra voluntad de trabajo mancomunado en aras del m\u00e1ximo\ninter\u00e9s cu\u00e1l es alcanzar el triunfo del frente Juntos por el cambio en las pr\u00f3ximas\nelecciones nacionales\u201d.<\/em><\/p>\n\n\n\n<p><em>\u201cEn ese camino, la\nvisi\u00f3n pol\u00edtica que cada uno de los espacios participantes del frente ha tenido\npara resolver sus listas de candidatos a legisladores nacionales, ha dado por\nresultado que se oficializaran cuatro listas, que a\u00fan en las diferencias\nconfluyen en la voluntad de aportar mayor caudal y fuerza a la f\u00f3rmula\npresidencial. Es por ello y si pretender menoscabar vuestro discernimiento,\nsolicito se tenga la amplitud pol\u00edtica y de criterio necesaria para sostener la\nplural y generosa participaci\u00f3n junto a nuestro candidato a Presidente,\naceptando las solicitudes de pegado presentadas oportunamente\u201d.<\/em><\/p>\n\n\n\n<p><em>\u201cAl tiempo le solicito\na la brevedad se dicte y notifique la resoluci\u00f3n pertinente respecto a nuestro\ndistrito,&nbsp; que tiene, en horas m\u00e1s\nvencimiento de plazos. Estamos iniciando un proceso electoral de fundamental\nimportancia en nuestro pa\u00eds. Un proceso de cuyo \u00e9xito depende nuestro futuro,\ncomo sociedad y c\u00f3mo Rep\u00fablica. No es tiempo de condicionar la multiplicidad, y\nla diversidad, caracter\u00edsticas nuevas, pero asumidas por todos en este nuevo\ntiempo donde las alianzas y los acuerdos ser\u00e1n los ejes de la construcci\u00f3n\npol\u00edtica. Los partidos pol\u00edticos, nosotros y ustedes como responsables de\ndefiniciones trascendentes debemos actuar en consecuencia\u201d.<\/em><\/p>\n\n\n\n<p><em>\u201cEstos tiempos\nrequieren ante todo grandeza y amplitud para contener a todos especialmente a\naquellos que a\u00fan sin coincidir en muchos aspectos privilegian y defienden f\u00e9rreamente\nel camino adoptado\u201d.<\/em><\/p>\n\n\n\n<p><em>\u201cEse camino hoy\nsignifica sostener la Rep\u00fablica. No debe existir un solo gesto, palabra o\nconducta que sea funcional a transitar de nuevo por el odio, la mentira, la\nausencia de justicia. En la certeza de que su entendimiento estar\u00e1 a la altura\nde su responsabilidad, lo saluda Att: Gracia Jaroslavsky\u201d. <\/em><\/p>\n","protected":false},"excerpt":{"rendered":"<p>La carta fue redactada por la presidenta interina del Comit\u00e9 provincial, Gracia Jaroslavsky, y est\u00e1 dirigida Alfredo Cornejo. All\u00ed se solicita que \u201cse tenga la amplitud pol\u00edtica y de criterio necesaria para sostener la plural y generosa participaci\u00f3n junto a nuestro candidato a Presidente, aceptando las solicitudes de pegado presentadas oportunamente\u201d A horas de que se venzan los plazos para la presentaci\u00f3n de los modelos de boleta y con ello la aceptaci\u00f3n o no de los pegados, la presidenta interina de la UCR provincial, Gracia Jaroslavsky, envi\u00f3 una carta al&#8230;<\/p>\n","protected":false},"author":3,"featured_media":36314,"comment_status":"closed","ping_status":"closed","sticky":false,"template":"","format":"standard","meta":[],"categories":[15],"tags":[],"_links":{"self":[{"href":"https:\/\/www.actualidadadiario.com\/index.php\/wp-json\/wp\/v2\/posts\/47166"}],"collection":[{"href":"https:\/\/www.actualidadadiario.com\/index.php\/wp-json\/wp\/v2\/posts"}],"about":[{"href":"https:\/\/www.actualidadadiario.com\/index.php\/wp-json\/wp\/v2\/types\/post"}],"author":[{"embeddable":true,"href":"https:\/\/www.actualidadadiario.com\/index.php\/wp-json\/wp\/v2\/users\/3"}],"replies":[{"embeddable":true,"href":"https:\/\/www.actualidadadiario.com\/index.php\/wp-json\/wp\/v2\/comments?post=47166"}],"version-history":[{"count":1,"href":"https:\/\/www.actualidadadiario.com\/index.php\/wp-json\/wp\/v2\/posts\/47166\/revisions"}],"predecessor-version":[{"id":47167,"href":"https:\/\/www.actualidadadiario.com\/index.php\/wp-json\/wp\/v2\/posts\/47166\/revisions\/47167"}],"wp:featuredmedia":[{"embeddable":true,"href":"https:\/\/www.actualidadadiario.com\/index.php\/wp-json\/wp\/v2\/media\/36314"}],"wp:attachment":[{"href":"https:\/\/www.actualidadadiario.com\/index.php\/wp-json\/wp\/v2\/media?parent=47166"}],"wp:term":[{"taxonomy":"category","embeddable":true,"href":"https:\/\/www.actualidadadiario.com\/index.php\/wp-json\/wp\/v2\/categories?post=47166"},{"taxonomy":"post_tag","embeddable":true,"href":"https:\/\/www.actualidadadiario.com\/index.php\/wp-json\/wp\/v2\/tags?post=47166"}],"curies":[{"name":"wp","href":"https:\/\/api.w.org\/{rel}","templated":true}]}}