{"id":47157,"date":"2019-06-28T10:45:13","date_gmt":"2019-06-28T13:45:13","guid":{"rendered":"https:\/\/www.actualidadadiario.com\/?p=47157"},"modified":"2019-06-28T10:45:13","modified_gmt":"2019-06-28T13:45:13","slug":"jovenes-emprendedores-destacaron-la-posibilidad-de-exportar-a-chile-gracias-al-apoyo-de-la-provincia","status":"publish","type":"post","link":"https:\/\/www.actualidadadiario.com\/index.php\/2019\/06\/28\/jovenes-emprendedores-destacaron-la-posibilidad-de-exportar-a-chile-gracias-al-apoyo-de-la-provincia\/","title":{"rendered":"J\u00f3venes emprendedores destacaron la posibilidad de exportar a Chile gracias al apoyo de la provincia"},"content":{"rendered":"\n<p><strong><em>Con m\u00e1s de 50 reuniones comerciales, cerr\u00f3 este jueves la misi\u00f3n comercial a Santiago de Chile. En ese marco, j\u00f3venes emprendedores entrerrianos concretaron operaciones de exportaci\u00f3n al pa\u00eds trasandino en productos de gran valor agregado y base tecnol\u00f3gica<\/em><\/strong><\/p>\n\n\n\n<p><\/p>\n\n\n\n<p><\/p>\n\n\n\n<p>&#8220;Es la primera vez que nos sentimos importantes&#8221;,\nsubray\u00f3 uno de los emprendedores.<\/p>\n\n\n\n<p>Encabezaron la misi\u00f3n el secretario de Producci\u00f3n, \u00c1lvaro\nGab\u00e1s y el coordinador General de Promoci\u00f3n de Exportaciones, Santiago Escales,\nen articulaci\u00f3n con la Embajada Argentina en Chile. Tambi\u00e9n particip\u00f3 el\nsubsecretario de Desarrollo Emprendedor, Pedro Gebhart.<\/p>\n\n\n\n<p>Uno de los protagonistas de la jornada fue Luis Ragone, el\ncreador de la firma Digital Mac, que &#8220;se dedica al desarrollo para\ninvestigaciones forenses&#8221;, entre las que se encuentra el &#8220;microscopio\ncomparador forense digital que utilizan para el \u00e1rea de bal\u00edstica\nforense&#8221;.<\/p>\n\n\n\n<p>&#8220;Nuestros equipos se utilizan actualmente en las\nfuerzas de seguridad, puede ser en todas partes del mundo&#8221;, sostuvo el\njoven concordiense quien mantuvo reuniones con los titulares de Carabineros y\nde la Polic\u00eda de Investigaciones de Chile.<\/p>\n\n\n\n<p>&#8220;La verdad que nuestra primera experiencia en una\nmisi\u00f3n comercial y ya empezamos con buenos resultados. Pudimos charlar\ndirectamente con las personas que utilizan los equipos y han quedado\nmaravillados con los equipos que traemos de Argentinos&#8221;, relat\u00f3 Ragone.\n&#8220;Carabineros que es una de las dos fuerzas m\u00e1s importante e Chile, ma\u00f1ana\ntenemos otra reuni\u00f3n con gente muy importante de Polic\u00eda de Investigaci\u00f3n\n(PDI)&#8221;.<\/p>\n\n\n\n<p>Adem\u00e1s, &#8220;a nosotros nos da eso una importancia mayor a\ntodo esto porque no solamente aprendemos con las cosas que van pasando, sino\nque aprendemos de los actores con los que nos reunimos. Ellos nos van contando\nsus necesidades, c\u00f3mo trabajan as\u00ed que eso no solamente es la misi\u00f3n sino todo\nlo que se aprende detr\u00e1s&#8221;, agreg\u00f3.<\/p>\n\n\n\n<p>Por otra parte, Ragone cont\u00f3 que es la primera misi\u00f3n\ncomercial a la que viaja y que &#8220;es una de las primeras veces que nos\nsentimos importantes como empresa, porque estar en contacto permanente con\ngente del gobierno de la provincia le da un valor agregado a todo esto. Si bien\nantes recib\u00edamos apoyo del gobierno, esta vez se intensific\u00f3 m\u00e1s por este tema\nde la misi\u00f3n y eso a nosotros nos da empuj\u00f3n, nos da ganas de seguir, de\navanzar&#8221;, explic\u00f3.<\/p>\n\n\n\n<p>En cuanto a la recepci\u00f3n que tuvo su producto cont\u00f3 que las\ncontrapartes chilenas &#8220;quedaron muy sorprendidas por la relaci\u00f3n precio\ncalidad de lo que ofrecemos, y a diferencia de lo que se utiliza actualmente\neste es un producto totalmente distinto, innovador, que tiene otro tipo de\ntecnolog\u00eda. Al ser los pioneros en este tipo de tecnolog\u00eda nos beneficia un\nmont\u00f3n. Ellos han quedado un tanto asombrados tanto con el equipo con el costo\nde fabricaci\u00f3n que nosotros tenemos&#8221;, subray\u00f3.<\/p>\n\n\n\n<p><strong>Muy esperanzador<\/strong><\/p>\n\n\n\n<p>&#8220;Nosotros nos dedicamos a hacer dispositivos para ni\u00f1os\ncon discapacidad motriz pensando en su rehabilitaci\u00f3n diaria y movilidad\nindependiente&#8221;, explic\u00f3 al t\u00e9rmino de la jornada el titular de la firma\nGiveMove, Alejandro Bisi, y agreg\u00f3: &#8220;Poder sumarnos a esta misi\u00f3n\ncomercial fue fundamental para proyectarnos con el crecimiento y responder a la\ngran demanda que se est\u00e1 generando no s\u00f3lo en nuestro pa\u00eds sino en toda\nlatinoam\u00e9rica&#8221;. <\/p>\n\n\n\n<p>&#8220;Tenemos un producto innovador y muy requerido, y\nestamos articulando con diferentes empresas, tambi\u00e9n conociendo c\u00f3mo es la\nmejor forma de poder desembarcar en Chile&#8221;, continu\u00f3 Bisi y destac\u00f3:\n&#8220;hasta ahora con resultados muy esperanzadores&#8221;.<\/p>\n\n\n\n<p>En ese sentido, el joven empresario cont\u00f3 que &#8220;tuvimos\nreuniones con diferentes actores p\u00fablicos y privados, y todos quedaron muy\nencantados con el producto&#8221;, dijo a la espera de &#8220;que en muy corto\nplazo ya podamos empezar a exportar ac\u00e1&#8221;.<\/p>\n\n\n\n<p>Por otra parte, Bisi relat\u00f3 que GiveMove es &#8220;una pyme\nque reci\u00e9n est\u00e1 comenzando&#8221; y que &#8220;sali\u00f3 al mercado hace poquitos\nmeses en Argentina&#8221;. En esa l\u00ednea &#8220;nos sumamos a esta misi\u00f3n porque\nel producto est\u00e1 siendo muy visible a trav\u00e9s de las redes, se ha viralizado\nmucho y eso fue con la gran potencialidad que tiene, que lleguemos no s\u00f3lo a\ndiferentes partes de Argentina, sino a Bolivia, Colombia, Chile, Uruguay,\nPer\u00fa&#8221;. <\/p>\n\n\n\n<p>&#8220;Poder estar ac\u00e1 nos permite conocer cu\u00e1les las formas\nde ingresar a Chile y tomar una estrategia acorde para hacerlo de una forma\nadecuada&#8221;, explic\u00f3.<\/p>\n\n\n\n<p>Por \u00faltimo, Bisi cont\u00f3 que es oriundo de Pergamino,\nprovincia de Buenos Aires y que estudi\u00f3 y se gradu\u00f3 en la ciudad Oro Verde. En\nese marco, destac\u00f3 que &#8220;el apoyo del gobierno provincial, de su diferentes\n\u00e1reas, hicieron que me quede y que proyecte mi empresa en Entre R\u00edos&#8221;.\n&#8220;La verdad que fue un gran apoyo que tuve que en su momento cuando tuve\nque tomar la decisi\u00f3n y no tuve ese apoyo en mi provincia, en Buenos\nAires&#8221;, concluy\u00f3.<\/p>\n\n\n\n<p>Por su parte, Mirco Bombieri, el titular de la empresa\nBombieri Software de Concepci\u00f3n del Uruguay, cont\u00f3 que lidera &#8220;una empresa\nque tiene pr\u00e1cticamente 10 a\u00f1os&#8221; y que emplea alrededor de 20 personas. <\/p>\n\n\n\n<p>El joven empresario uruguayense calific\u00f3 como\n&#8220;espectacular&#8221; a la misi\u00f3n comercial y que gracias al trabajo\nrealizado por la provincia &#8220;me he reunido con empresas de tecnologia y de\nla informaci\u00f3n. Empresas de 1500 empleados y otras un poco m\u00e1s chicas&#8221; y que\n&#8220;han mostrado un claro inter\u00e9s de hacer alg\u00fan tipo de asociaci\u00f3n comercial\npara poder desembarcar en Chile y brindar nuestros servicios ac\u00e1&#8221;.<\/p>\n\n\n\n<p>Adem\u00e1s, Bombieri aclar\u00f3 que es la segunda misi\u00f3n comercial\norganizada por el gobierno de la provincia en la que particip\u00f3. &#8220;Particip\u00e9\nanteriormente en Uruguay, el a\u00f1o pasado y tambi\u00e9n me fue muy bien. Ahora\nestamos exportando a Uruguay&#8221;, remarc\u00f3.<\/p>\n\n\n\n<p>El joven empresario del software defini\u00f3 de\n&#8220;impecable&#8221; el acompa\u00f1amiento de las distintas \u00e1reas del gobierno con\nlas que ha tenido &#8220;contacto en todo momento&#8221;. Entre otras cosas\nexplic\u00f3 que en el mundo del software y &#8220;cuando hace servicios a medida\ncuesta mucho definir el alcance y el nicho de mercado al que va a trabajar,\nentonces tenemos que comunicarnos mucho para poder aclarar bien qu\u00e9 tipo de\nclientes buscamos, cu\u00e1les no, c\u00f3mo ir cerrando a agenda y en ese sentido\ntrabajamos muy c\u00f3modos con al \u00c1rea de Promoci\u00f3n de Exportaciones&#8221;.<\/p>\n","protected":false},"excerpt":{"rendered":"<p>Con m\u00e1s de 50 reuniones comerciales, cerr\u00f3 este jueves la misi\u00f3n comercial a Santiago de Chile. En ese marco, j\u00f3venes emprendedores entrerrianos concretaron operaciones de exportaci\u00f3n al pa\u00eds trasandino en productos de gran valor agregado y base tecnol\u00f3gica &#8220;Es la primera vez que nos sentimos importantes&#8221;, subray\u00f3 uno de los emprendedores. Encabezaron la misi\u00f3n el secretario de Producci\u00f3n, \u00c1lvaro Gab\u00e1s y el coordinador General de Promoci\u00f3n de Exportaciones, Santiago Escales, en articulaci\u00f3n con la Embajada Argentina en Chile. Tambi\u00e9n particip\u00f3 el subsecretario de Desarrollo Emprendedor, Pedro Gebhart. Uno de los&#8230;<\/p>\n","protected":false},"author":3,"featured_media":47158,"comment_status":"closed","ping_status":"closed","sticky":false,"template":"","format":"standard","meta":[],"categories":[15],"tags":[],"_links":{"self":[{"href":"https:\/\/www.actualidadadiario.com\/index.php\/wp-json\/wp\/v2\/posts\/47157"}],"collection":[{"href":"https:\/\/www.actualidadadiario.com\/index.php\/wp-json\/wp\/v2\/posts"}],"about":[{"href":"https:\/\/www.actualidadadiario.com\/index.php\/wp-json\/wp\/v2\/types\/post"}],"author":[{"embeddable":true,"href":"https:\/\/www.actualidadadiario.com\/index.php\/wp-json\/wp\/v2\/users\/3"}],"replies":[{"embeddable":true,"href":"https:\/\/www.actualidadadiario.com\/index.php\/wp-json\/wp\/v2\/comments?post=47157"}],"version-history":[{"count":1,"href":"https:\/\/www.actualidadadiario.com\/index.php\/wp-json\/wp\/v2\/posts\/47157\/revisions"}],"predecessor-version":[{"id":47159,"href":"https:\/\/www.actualidadadiario.com\/index.php\/wp-json\/wp\/v2\/posts\/47157\/revisions\/47159"}],"wp:featuredmedia":[{"embeddable":true,"href":"https:\/\/www.actualidadadiario.com\/index.php\/wp-json\/wp\/v2\/media\/47158"}],"wp:attachment":[{"href":"https:\/\/www.actualidadadiario.com\/index.php\/wp-json\/wp\/v2\/media?parent=47157"}],"wp:term":[{"taxonomy":"category","embeddable":true,"href":"https:\/\/www.actualidadadiario.com\/index.php\/wp-json\/wp\/v2\/categories?post=47157"},{"taxonomy":"post_tag","embeddable":true,"href":"https:\/\/www.actualidadadiario.com\/index.php\/wp-json\/wp\/v2\/tags?post=47157"}],"curies":[{"name":"wp","href":"https:\/\/api.w.org\/{rel}","templated":true}]}}