{"id":47154,"date":"2019-06-28T10:44:29","date_gmt":"2019-06-28T13:44:29","guid":{"rendered":"https:\/\/www.actualidadadiario.com\/?p=47154"},"modified":"2019-06-28T10:44:29","modified_gmt":"2019-06-28T13:44:29","slug":"castrillon-la-participacion-popular-en-la-justicia-debe-ser-una-realidad","status":"publish","type":"post","link":"https:\/\/www.actualidadadiario.com\/index.php\/2019\/06\/28\/castrillon-la-participacion-popular-en-la-justicia-debe-ser-una-realidad\/","title":{"rendered":"Castrill\u00f3n: \u201cLa participaci\u00f3n popular en la Justicia debe ser una realidad\u201d"},"content":{"rendered":"\n<p><strong><em>El presidente del Superior Tribunal de Justicia de Entre R\u00edos (STJER), Emilio Castrill\u00f3n, asegur\u00f3 hoy que \u201clos entrerrianos est\u00e1n en condiciones de alcanzar fallos ejemplificadores que privilegien el sentir del pueblo\u201d. Lo afirm\u00f3 al cerrar este jueves las jornadas de \u201cJuicio por Jurados\u201d<\/em><\/strong><\/p>\n\n\n\n<p><\/p>\n\n\n\n<p><\/p>\n\n\n\n<p>Las jornadas se llevaron a cabo desde el mi\u00e9rcoles en el\nsal\u00f3n de actos del (STJ)&nbsp; y en las que\nparticiparon panelistas, magistrados, abogados, ministros y legisladores.<\/p>\n\n\n\n<p>Castrill\u00f3n record\u00f3 que la creaci\u00f3n del Juicio por Jurados se\ndebate desde 1983 y garantiz\u00f3 que \u201ces posible llegar a la ley de Juicio por\nJurados cuando est\u00e1 la voluntad de los tres poderes. Lo que aparec\u00eda como una\nnovedad, hoy es una realidad palpable y verificable\u201d, indic\u00f3.<\/p>\n\n\n\n<p>Opin\u00f3 que la constituci\u00f3n del Juicio por Jurados permitir\u00e1\n\u201cla participaci\u00f3n popular en la Justicia y que todos los entrerrianos, con\nm\u00ednimas posibilidades de comprender y darse a entender est\u00e1 en condiciones de\nvalorar los hechos\u201d.<\/p>\n\n\n\n<p>Castrill\u00f3n agradeci\u00f3 a los legisladores, abogados,\npanelistas y funcionarios como al Instituto Juan Bautista Alberdi por la\nrealizaci\u00f3n de las jornadas y advirti\u00f3 que ahora la Legislatura \u201ctiene el\ndesaf\u00edo y la ardua y necesaria tarea de alcanzar los consensos\u201d debido a que el\nproyecto de ley, que propone la creaci\u00f3n del Instituto, deber\u00e1 ser debatido en\nese \u00e1mbito.<\/p>\n\n\n\n<p>Finalmente, el magistrado afirm\u00f3 que \u201cas\u00ed como el legislador\ny el gobernador tienen que revalidar sus t\u00edtulos, la Justicia tiene que\nrevalidar la confianza de la gente. Si los tres poderes entienden que los\nentrerrianos merecemos este Instituto, la participaci\u00f3n popular en la Justicia\nser\u00e1 una realidad\u201d.<\/p>\n\n\n\n<p><strong>Beneficios del Juicio\npor Jurados<\/strong><\/p>\n\n\n\n<p>El presidente de la Asociaci\u00f3n Argentina de Juicio por\nJurados (AAJJ), H\u00e9ctor Granillo Fern\u00e1ndez, sostuvo que \u201ces necesario prestar\natenci\u00f3n a la realidad de cada provincia al momento de reglamentar este\ninstituto\u201d y destac\u00f3 que el consenso entre los diferentes poderes del Estado\nexplica el escenario favorable para su instrumentaci\u00f3n en Entre R\u00edos.<\/p>\n\n\n\n<p>Lo dijo en la apertura del panel realizado hoy sobre \u201cLa\nexperiencia del Jurado en la provincia de Buenos Aires; el poder al\nciudadano-El Juicio por Jurado en la provincia de Entre R\u00edos\u201d.<\/p>\n\n\n\n<p>El especialista repas\u00f3 las experiencias en las provincias de\nBuenos Aires y Neuqu\u00e9n, pionera en la materia, y advirti\u00f3 sobre la promoci\u00f3n de\nun \u201cpreciso proceso de conformaci\u00f3n de un jurado imparcial e independiente\u201d. A\nsu entender eso \u201cgarantiza un bajo \u00edndice de recusaciones y permite que se\navance en forma acelerada\u201d.<\/p>\n\n\n\n<p>Granillo Fern\u00e1ndez precis\u00f3 que \u201cno hay antecedentes de\nprotestas contra los veredictos de los jurados\u201d y se\u00f1al\u00f3 que \u201cel veredicto\nlegitima la sentencia y viene a traer la participaci\u00f3n popular al Poder Judicial\u201d.<\/p>\n\n\n\n<p>Por su parte el penalista Julio Federik explic\u00f3 el proyecto\nde Juicio por Jurados que el Colegio de Abogados de Entre R\u00edos present\u00f3 ante el\nPoder Ejecutivo y rememor\u00f3 los fallidos intentos por incorporar ese instituto.\n\u201cEl Juicio por Jurados va a mejorar el sistema de Justicia, sin dudas\u201d,\nasever\u00f3.&nbsp; <\/p>\n\n\n\n<p>\u201cQue su aplicaci\u00f3n sea a opci\u00f3n del imputado facilita la\ninclusi\u00f3n del Juicio por Jurados\u201d, opin\u00f3 Federik, quien puso de relieve \u201cque\nhoy el contexto es diferente debido al expreso apoyo por parte del Superior\nTribunal de Justicia\u201d.<\/p>\n\n\n\n<p><strong>\u201cAnatom\u00eda del Juicio\npor Jurados. Unanimidad. El Derecho Probatorio\u201d<\/strong><\/p>\n\n\n\n<p>Esta conferencia estuvo a cargo del Vicepresidente del\nInstituto de Estudios Comparados en Ciencias Penales y Sociales (INECIP) y ex\nDefensor General de la Provincia de Chubut, quien se explay\u00f3 sobre la\nimportancia de los est\u00e1ndares probatorios y la libertad probatoria. Es decir,\nque la evidencia que llegue a presentarse en el juicio no debe ser ni\nimpertinente ni irrelevante.-<\/p>\n\n\n\n<p>En su charla se centr\u00f3 en el papel de las pruebas en este\ntipo de juicios, y explic\u00f3 entre otras cuestiones el rol del juez, del fiscal y\nde la defensa en relaci\u00f3n con la producci\u00f3n, admisibilidad y caracter\u00edsticas de\nla base probatoria que se le presente al jurado.<\/p>\n","protected":false},"excerpt":{"rendered":"<p>El presidente del Superior Tribunal de Justicia de Entre R\u00edos (STJER), Emilio Castrill\u00f3n, asegur\u00f3 hoy que \u201clos entrerrianos est\u00e1n en condiciones de alcanzar fallos ejemplificadores que privilegien el sentir del pueblo\u201d. Lo afirm\u00f3 al cerrar este jueves las jornadas de \u201cJuicio por Jurados\u201d Las jornadas se llevaron a cabo desde el mi\u00e9rcoles en el sal\u00f3n de actos del (STJ)&nbsp; y en las que participaron panelistas, magistrados, abogados, ministros y legisladores. Castrill\u00f3n record\u00f3 que la creaci\u00f3n del Juicio por Jurados se debate desde 1983 y garantiz\u00f3 que \u201ces posible llegar a&#8230;<\/p>\n","protected":false},"author":3,"featured_media":47155,"comment_status":"closed","ping_status":"closed","sticky":false,"template":"","format":"standard","meta":[],"categories":[15],"tags":[],"_links":{"self":[{"href":"https:\/\/www.actualidadadiario.com\/index.php\/wp-json\/wp\/v2\/posts\/47154"}],"collection":[{"href":"https:\/\/www.actualidadadiario.com\/index.php\/wp-json\/wp\/v2\/posts"}],"about":[{"href":"https:\/\/www.actualidadadiario.com\/index.php\/wp-json\/wp\/v2\/types\/post"}],"author":[{"embeddable":true,"href":"https:\/\/www.actualidadadiario.com\/index.php\/wp-json\/wp\/v2\/users\/3"}],"replies":[{"embeddable":true,"href":"https:\/\/www.actualidadadiario.com\/index.php\/wp-json\/wp\/v2\/comments?post=47154"}],"version-history":[{"count":1,"href":"https:\/\/www.actualidadadiario.com\/index.php\/wp-json\/wp\/v2\/posts\/47154\/revisions"}],"predecessor-version":[{"id":47156,"href":"https:\/\/www.actualidadadiario.com\/index.php\/wp-json\/wp\/v2\/posts\/47154\/revisions\/47156"}],"wp:featuredmedia":[{"embeddable":true,"href":"https:\/\/www.actualidadadiario.com\/index.php\/wp-json\/wp\/v2\/media\/47155"}],"wp:attachment":[{"href":"https:\/\/www.actualidadadiario.com\/index.php\/wp-json\/wp\/v2\/media?parent=47154"}],"wp:term":[{"taxonomy":"category","embeddable":true,"href":"https:\/\/www.actualidadadiario.com\/index.php\/wp-json\/wp\/v2\/categories?post=47154"},{"taxonomy":"post_tag","embeddable":true,"href":"https:\/\/www.actualidadadiario.com\/index.php\/wp-json\/wp\/v2\/tags?post=47154"}],"curies":[{"name":"wp","href":"https:\/\/api.w.org\/{rel}","templated":true}]}}