{"id":47151,"date":"2019-06-28T10:43:51","date_gmt":"2019-06-28T13:43:51","guid":{"rendered":"https:\/\/www.actualidadadiario.com\/?p=47151"},"modified":"2019-06-28T10:43:51","modified_gmt":"2019-06-28T13:43:51","slug":"jubilados-cobran-junio-con-incremento","status":"publish","type":"post","link":"https:\/\/www.actualidadadiario.com\/index.php\/2019\/06\/28\/jubilados-cobran-junio-con-incremento\/","title":{"rendered":"Jubilados cobran junio con incremento"},"content":{"rendered":"\n<p><strong><em>En Entre R\u00edos, m\u00e1s de 40.000 Jubilados, pensionados y retirados provinciales percibir\u00e1n sus haberes de junio con aumentos en el mismo porcentaje que los trabajadores en actividad, de acuerdo al escalaf\u00f3n al que pertenecen<\/em><\/strong><\/p>\n\n\n\n<p><\/p>\n\n\n\n<p><\/p>\n\n\n\n<p>El cronograma comenzar\u00e1 el s\u00e1bado 29 de junio y finaliza el\nviernes 5 de julio. En tanto, el primer SAC se abonar\u00e1 del mi\u00e9rcoles 10 al\nviernes 12.<\/p>\n\n\n\n<p>El presidente de la Caja de Jubilaciones y Pensiones, Daniel\nEl\u00edas, explic\u00f3 que los aumentos se liquidaron y efectivizaron 30 d\u00edas que hayan\npercibidos sus haberes los trabajadores estatales. <\/p>\n\n\n\n<p>Los incrementos son aplicados a los beneficios jubilatorios\npor la vigencia del 82% m\u00f3vil que reconoce el sistema entrerriano, mecanismo de\nmovilidad que garantiza que los haberes previsionales perciban exactamente los\nmismos incrementos que los cargos y escalafones con los cuales se les\nliquidaron a los beneficiarios en actividad.<\/p>\n\n\n\n<p>Al respecto el funcionario dijo que el gobernador Gustavo\nBordet instruy\u00f3 para que los beneficiarios percibieran sus aumentos\ncorrespondientes a cada escalaf\u00f3n. \u201cEstos aumentos no s\u00f3lo son la consecuencia\ndel 82% m\u00f3vil, tambi\u00e9n es el resultado de una provincia que fue realizando un\nordenamiento de sus cuentas, reconocimiento del d\u00e9ficit previsional por parte\ndel gobierno nacional y la optimizaci\u00f3n de los recursos en el marco de una\ngesti\u00f3n austera y transparente&#8221;, apunt\u00f3.<\/p>\n\n\n\n<p>Finalmente, se detall\u00f3 que de un total de casi 53.000\nbeneficiarios, 40.000 tuvieron incremento en sus haberes, dentro de los cuales\nse encuentran escalafones como Escalaf\u00f3n General, Docentes, Tunel Subfluvial,\nVialidad Provincial, Autoridades Superiores, Enfermer\u00eda, M\u00e9dico Asistencial,\nContadur\u00eda, IAFAS, ATER y ENERSA ; as\u00ed como tambi\u00e9n repercute en la mayor\u00eda de\nlos escalafones municipales como Lucas Gonzalez, Villaguay, General Galarza,\nPuerto Yerua, La Paz, Paran\u00e1, Nogoy\u00e1, Viale, Urdinarrain, Victoria, Hern\u00e1ndez,\nHernandarias, Hasenkamp, Ram\u00edrez, Crespo, Concordia y Col\u00f3n.<\/p>\n\n\n\n<p><strong>El cronograma de pago\nes el siguiente:<\/strong><\/p>\n\n\n\n<p><strong>Lunes 1\/7, (se\nacredita s\u00e1bado 29\/6),<\/strong> se abona hasta 25.000 pesos.<\/p>\n\n\n\n<p><strong>Martes 2\/7<\/strong>, se\nabona de 25.000 a 35.000 pesos.<\/p>\n\n\n\n<p><strong>Mi\u00e9rcoles 3\/7<\/strong>, se\nabona 35.001 a 45.000 pesos.<\/p>\n\n\n\n<p><strong>Jueves 4\/7<\/strong>, se\nabona de 45.001 a 65.000 pesos.<\/p>\n\n\n\n<p><strong>Viernes 5\/7<\/strong>, se\nabona mayores a 65.000 y funcionarios. <\/p>\n\n\n\n<p><strong>Pago del primer SAC<\/strong><\/p>\n\n\n\n<p><strong>Mi\u00e9rcoles 10\/7<\/strong>,\nse abona hasta 10.000 pesos. <\/p>\n\n\n\n<p><strong>Jueves 11\/7<\/strong>, se\nabona de 10.001 a 20.000 pesos.<\/p>\n\n\n\n<p><strong>Viernes 12\/7<\/strong>, se\nabona de 20.000 y funcionarios.<\/p>\n","protected":false},"excerpt":{"rendered":"<p>En Entre R\u00edos, m\u00e1s de 40.000 Jubilados, pensionados y retirados provinciales percibir\u00e1n sus haberes de junio con aumentos en el mismo porcentaje que los trabajadores en actividad, de acuerdo al escalaf\u00f3n al que pertenecen El cronograma comenzar\u00e1 el s\u00e1bado 29 de junio y finaliza el viernes 5 de julio. En tanto, el primer SAC se abonar\u00e1 del mi\u00e9rcoles 10 al viernes 12. El presidente de la Caja de Jubilaciones y Pensiones, Daniel El\u00edas, explic\u00f3 que los aumentos se liquidaron y efectivizaron 30 d\u00edas que hayan percibidos sus haberes los trabajadores&#8230;<\/p>\n","protected":false},"author":3,"featured_media":47152,"comment_status":"closed","ping_status":"closed","sticky":false,"template":"","format":"standard","meta":[],"categories":[9],"tags":[],"_links":{"self":[{"href":"https:\/\/www.actualidadadiario.com\/index.php\/wp-json\/wp\/v2\/posts\/47151"}],"collection":[{"href":"https:\/\/www.actualidadadiario.com\/index.php\/wp-json\/wp\/v2\/posts"}],"about":[{"href":"https:\/\/www.actualidadadiario.com\/index.php\/wp-json\/wp\/v2\/types\/post"}],"author":[{"embeddable":true,"href":"https:\/\/www.actualidadadiario.com\/index.php\/wp-json\/wp\/v2\/users\/3"}],"replies":[{"embeddable":true,"href":"https:\/\/www.actualidadadiario.com\/index.php\/wp-json\/wp\/v2\/comments?post=47151"}],"version-history":[{"count":1,"href":"https:\/\/www.actualidadadiario.com\/index.php\/wp-json\/wp\/v2\/posts\/47151\/revisions"}],"predecessor-version":[{"id":47153,"href":"https:\/\/www.actualidadadiario.com\/index.php\/wp-json\/wp\/v2\/posts\/47151\/revisions\/47153"}],"wp:featuredmedia":[{"embeddable":true,"href":"https:\/\/www.actualidadadiario.com\/index.php\/wp-json\/wp\/v2\/media\/47152"}],"wp:attachment":[{"href":"https:\/\/www.actualidadadiario.com\/index.php\/wp-json\/wp\/v2\/media?parent=47151"}],"wp:term":[{"taxonomy":"category","embeddable":true,"href":"https:\/\/www.actualidadadiario.com\/index.php\/wp-json\/wp\/v2\/categories?post=47151"},{"taxonomy":"post_tag","embeddable":true,"href":"https:\/\/www.actualidadadiario.com\/index.php\/wp-json\/wp\/v2\/tags?post=47151"}],"curies":[{"name":"wp","href":"https:\/\/api.w.org\/{rel}","templated":true}]}}