{"id":4715,"date":"2016-11-17T10:06:50","date_gmt":"2016-11-17T13:06:50","guid":{"rendered":"http:\/\/actualidadadiario.com\/site\/?p=4715"},"modified":"2016-11-17T10:06:50","modified_gmt":"2016-11-17T13:06:50","slug":"el-gobierno-equipara-al-laboratorio-regional-de-leche","status":"publish","type":"post","link":"https:\/\/www.actualidadadiario.com\/index.php\/2016\/11\/17\/el-gobierno-equipara-al-laboratorio-regional-de-leche\/","title":{"rendered":"El gobierno equipar\u00e1 al laboratorio regional de leche"},"content":{"rendered":"<p><em><strong>La Mesa de Lecher\u00eda provincial es el \u00e1mbito de an\u00e1lisis especializado de la situaci\u00f3n del sector y surgi\u00f3 por propuesta del Ministerio de Producci\u00f3n implementadas en los \u00faltimos tiempos y proponga acciones a futuro. La premisa es la elaboraci\u00f3n de un proyecto de trabajo que siente las bases de una actividad estable y sustentable en el tiempo<\/strong><\/em><\/p>\n<p>&nbsp;<\/p>\n<p>&nbsp;<\/p>\n<p>&nbsp;<\/p>\n<p>&nbsp;<\/p>\n<p>&nbsp;<\/p>\n<p>Convocada por el ministro de Producci\u00f3n, Carlos Scheppens, tuvo lugar una nueva reuni\u00f3n de la Mesa de Lecher\u00eda provincial. Entre los temas abordados en esta oportunidad, los funcionarios provinciales anunciaron a las entidades presentes la firma por parte del Gobernador Bordet del decreto N\u00ba 3332\/16 que autoriza la adquisici\u00f3n de equipos para el laboratorio regional de leche, para su posterior puesta en funcionamiento. Con esta r\u00fabrica, comienza el proceso administrativo de la licitaci\u00f3n, esperando que en los pr\u00f3ximos meses se encuentre funcionando.<\/p>\n<p>&nbsp;<\/p>\n<p>El sector productivo, a trav\u00e9s de sus diferentes entidades representativas, solicit\u00f3 flexibilizar el acceso a las l\u00edneas de cr\u00e9ditos y financiamiento destinados al sector contemplados en los Programas Prodaf y Proderi, y las l\u00edneas espec\u00edficas de Cr\u00e9ditos otorgadas por el CFI. Se pretende as\u00ed, acceder al financiamiento y agilizar los tr\u00e1mites, una vez otorgados los mismos, para su efectivizaci\u00f3n.<\/p>\n<p>&nbsp;<\/p>\n<p>Asimismo se acord\u00f3 entre los integrantes de la mesa, como tema fundamental, colaborar en la identificaci\u00f3n de los tambos de la Provincia a trav\u00e9s de la Inscripci\u00f3n Tambera Anual, que este a\u00f1o prev\u00e9 adem\u00e1s una Encuesta a Tambos y Tambos \u2013 Queser\u00edas, a trav\u00e9s de una mayor difusi\u00f3n y con la colaboraci\u00f3n de los Municipios, Juntas de Gobierno y dem\u00e1s organizaciones que agrupan al Sector.<\/p>\n<p>&nbsp;<\/p>\n<p>Otro punto es sectorizar la mesa por sector o por tema. Algunos de esos t\u00f3picos espec\u00edficos a abordar ser\u00edan la cuesti\u00f3n medioambiental, alternativas de financiamiento, el tratamiento de los tambos queser\u00edas, comercializaci\u00f3n y an\u00e1lisis de estructuras de precios. La intenci\u00f3n es dividir esta mesa interinstitucional en espec\u00edfica por tema, para despu\u00e9s volcar eso y con definiciones m\u00e1s precisas a la mesa pol\u00edtica interinstitucional.<\/p>\n<p>&nbsp;<\/p>\n<p>Por \u00faltimo, en la reuni\u00f3n se volvi\u00f3 a debatir el tema caminos y se analiz\u00f3 la situaci\u00f3n de la trama vial. En este sentido, se solicit\u00f3 al Ministerio de Producci\u00f3n que realice las gestiones necesarias ante la Direcci\u00f3n Provincial de Vialidad para identificar y sectorizar los aquellas zonas en las que sigue siendo dif\u00edcil transitar.<\/p>\n<p>&nbsp;<\/p>\n<p>&nbsp;<\/p>\n<p>&nbsp;<\/p>\n<p>&nbsp;<\/p>\n<p>&nbsp;<\/p>\n<p>&nbsp;<\/p>\n<p><strong>Presentaci\u00f3n del INTI <\/strong><\/p>\n<p>El INTI L\u00e1cteos realiz\u00f3 la presentaci\u00f3n sobre las \u201cCapacidades del INTI L\u00e1cteos para asistir al sector lechero provincial\u201d, destacando la particularidad de que Entre R\u00edos es el \u00fanico gobierno Provincial, socio promotor del Centro. En la ocasi\u00f3n, se desarroll\u00f3 una exposici\u00f3n en relaci\u00f3n a los sub productos de l\u00e1cteos y cuestiones medioambientales que se vienen trabajando.<\/p>\n<p>&nbsp;<\/p>\n<p>Al realizar una evaluaci\u00f3n de este nuevo encuentro de la Mesa Lechera, el secretario de Producci\u00f3n Primaria, Mart\u00edn Barbieri, remarc\u00f3 que el objetivo de la creaci\u00f3n de este espacio &#8220;es generar que las instituciones representantes del sector lechero provincial encuentren una lugar de trabajo, debate y discusi\u00f3n para intercambiar propuestas, oportunidades e iniciativas, que ser\u00e1n luego plasmados en proyectos que podamos realizar en conjunto con el gobierno provincial\u201d.<\/p>\n<p>&nbsp;<\/p>\n<p>La jornada que insumi\u00f3 varias horas de intercambio, cont\u00f3 con la presencia de, adem\u00e1s de funcionarios y t\u00e9cnicos de las distintas \u00e1reas ministeriales relacionadas con la actividad, la Asociaci\u00f3n de Peque\u00f1os y Medianos Productores L\u00e1cteos (Apymel), el Centro del Industrias L\u00e1cteas de Entre R\u00edos (Ciler), la C\u00e1mara de Productores (Caproler), la Federaci\u00f3n de Tamberos (Feprotaer), la Federaci\u00f3n Agraria Argentina (FAA), Sociedad Rural, Colegio de Veterinarios y Colegio de Ingenieros Agr\u00f3nomos.<\/p>\n<p>&nbsp;<\/p>\n<p>Entre los Organismos p\u00fablicos, se cont\u00f3 a la Uader, Instituto de Control de la Alimentaci\u00f3n, Secretar\u00eda de Medio Ambiente, INTA, INTI y Senasa.<\/p>\n","protected":false},"excerpt":{"rendered":"<p>La Mesa de Lecher\u00eda provincial es el \u00e1mbito de an\u00e1lisis especializado de la situaci\u00f3n del sector y surgi\u00f3 por propuesta del Ministerio de Producci\u00f3n implementadas en los \u00faltimos tiempos y proponga acciones a futuro. La premisa es la elaboraci\u00f3n de un proyecto de trabajo que siente las bases de una actividad estable y sustentable en el tiempo &nbsp; &nbsp; &nbsp; &nbsp; &nbsp; Convocada por el ministro de Producci\u00f3n, Carlos Scheppens, tuvo lugar una nueva reuni\u00f3n de la Mesa de Lecher\u00eda provincial. Entre los temas abordados en esta oportunidad, los funcionarios&#8230;<\/p>\n","protected":false},"author":3,"featured_media":4716,"comment_status":"closed","ping_status":"closed","sticky":false,"template":"","format":"standard","meta":[],"categories":[15],"tags":[],"_links":{"self":[{"href":"https:\/\/www.actualidadadiario.com\/index.php\/wp-json\/wp\/v2\/posts\/4715"}],"collection":[{"href":"https:\/\/www.actualidadadiario.com\/index.php\/wp-json\/wp\/v2\/posts"}],"about":[{"href":"https:\/\/www.actualidadadiario.com\/index.php\/wp-json\/wp\/v2\/types\/post"}],"author":[{"embeddable":true,"href":"https:\/\/www.actualidadadiario.com\/index.php\/wp-json\/wp\/v2\/users\/3"}],"replies":[{"embeddable":true,"href":"https:\/\/www.actualidadadiario.com\/index.php\/wp-json\/wp\/v2\/comments?post=4715"}],"version-history":[{"count":1,"href":"https:\/\/www.actualidadadiario.com\/index.php\/wp-json\/wp\/v2\/posts\/4715\/revisions"}],"predecessor-version":[{"id":4717,"href":"https:\/\/www.actualidadadiario.com\/index.php\/wp-json\/wp\/v2\/posts\/4715\/revisions\/4717"}],"wp:featuredmedia":[{"embeddable":true,"href":"https:\/\/www.actualidadadiario.com\/index.php\/wp-json\/wp\/v2\/media\/4716"}],"wp:attachment":[{"href":"https:\/\/www.actualidadadiario.com\/index.php\/wp-json\/wp\/v2\/media?parent=4715"}],"wp:term":[{"taxonomy":"category","embeddable":true,"href":"https:\/\/www.actualidadadiario.com\/index.php\/wp-json\/wp\/v2\/categories?post=4715"},{"taxonomy":"post_tag","embeddable":true,"href":"https:\/\/www.actualidadadiario.com\/index.php\/wp-json\/wp\/v2\/tags?post=4715"}],"curies":[{"name":"wp","href":"https:\/\/api.w.org\/{rel}","templated":true}]}}