{"id":47148,"date":"2019-06-27T11:00:17","date_gmt":"2019-06-27T14:00:17","guid":{"rendered":"https:\/\/www.actualidadadiario.com\/?p=47148"},"modified":"2019-06-27T11:00:17","modified_gmt":"2019-06-27T14:00:17","slug":"el-mapa-con-las-mejores-ciudades-para-ver-el-eclipse-solar","status":"publish","type":"post","link":"https:\/\/www.actualidadadiario.com\/index.php\/2019\/06\/27\/el-mapa-con-las-mejores-ciudades-para-ver-el-eclipse-solar\/","title":{"rendered":"El mapa con las mejores ciudades para ver el eclipse solar"},"content":{"rendered":"\n<p><strong><em>El pr\u00f3ximo martes 2 de julio se producir\u00e1 un eclipse solar total que ya despert\u00f3 el inter\u00e9s en todo el mundo. Seg\u00fan las estimaciones cient\u00edficas, la experiencia se repetir\u00e1 reci\u00e9n en 2020. El anterior que se vio en el pa\u00eds fue en 2010, pero solo se pudo apreciar en un rinc\u00f3n de la Argentina: en la ciudad de El Calafate y en El Chalt\u00e9n, en la Patagonia<\/em><\/strong><\/p>\n\n\n\n<p><\/p>\n\n\n\n<p><\/p>\n\n\n\n<p>La franja del eclipse, que en el centro del pa\u00eds se ver\u00e1 a\nlas 17.40, tiene 201 kil\u00f3metros de ancho: baja desde Chile por San Juan, La\nRioja, San Luis, C\u00f3rdoba, Santa Fe y Buenos Aires. Y en cada una de estas\nprovincias, hay lugares privilegiados para disfrutar del fen\u00f3meno.<\/p>\n\n\n\n<p>Algunos de ellos son las localidades cordobesas de R\u00edo\nCuarto, Alcira, Villa Dolores, General Deheza, General Cabrera y La Carlota;\nlas sanjuaninas como Rodeo, Jachal y zona norte del Gran San Juan; Chepes en La\nRioja; Merlo, en San Luis; las ciudades santafesinas de Venado Tuerto y Murphy\ny las localidades bonaerenses de Chascom\u00fas, Jun\u00edn y Rojas.<\/p>\n","protected":false},"excerpt":{"rendered":"<p>El pr\u00f3ximo martes 2 de julio se producir\u00e1 un eclipse solar total que ya despert\u00f3 el inter\u00e9s en todo el mundo. Seg\u00fan las estimaciones cient\u00edficas, la experiencia se repetir\u00e1 reci\u00e9n en 2020. El anterior que se vio en el pa\u00eds fue en 2010, pero solo se pudo apreciar en un rinc\u00f3n de la Argentina: en la ciudad de El Calafate y en El Chalt\u00e9n, en la Patagonia La franja del eclipse, que en el centro del pa\u00eds se ver\u00e1 a las 17.40, tiene 201 kil\u00f3metros de ancho: baja desde Chile&#8230;<\/p>\n","protected":false},"author":3,"featured_media":47149,"comment_status":"closed","ping_status":"closed","sticky":false,"template":"","format":"standard","meta":[],"categories":[4],"tags":[],"_links":{"self":[{"href":"https:\/\/www.actualidadadiario.com\/index.php\/wp-json\/wp\/v2\/posts\/47148"}],"collection":[{"href":"https:\/\/www.actualidadadiario.com\/index.php\/wp-json\/wp\/v2\/posts"}],"about":[{"href":"https:\/\/www.actualidadadiario.com\/index.php\/wp-json\/wp\/v2\/types\/post"}],"author":[{"embeddable":true,"href":"https:\/\/www.actualidadadiario.com\/index.php\/wp-json\/wp\/v2\/users\/3"}],"replies":[{"embeddable":true,"href":"https:\/\/www.actualidadadiario.com\/index.php\/wp-json\/wp\/v2\/comments?post=47148"}],"version-history":[{"count":1,"href":"https:\/\/www.actualidadadiario.com\/index.php\/wp-json\/wp\/v2\/posts\/47148\/revisions"}],"predecessor-version":[{"id":47150,"href":"https:\/\/www.actualidadadiario.com\/index.php\/wp-json\/wp\/v2\/posts\/47148\/revisions\/47150"}],"wp:featuredmedia":[{"embeddable":true,"href":"https:\/\/www.actualidadadiario.com\/index.php\/wp-json\/wp\/v2\/media\/47149"}],"wp:attachment":[{"href":"https:\/\/www.actualidadadiario.com\/index.php\/wp-json\/wp\/v2\/media?parent=47148"}],"wp:term":[{"taxonomy":"category","embeddable":true,"href":"https:\/\/www.actualidadadiario.com\/index.php\/wp-json\/wp\/v2\/categories?post=47148"},{"taxonomy":"post_tag","embeddable":true,"href":"https:\/\/www.actualidadadiario.com\/index.php\/wp-json\/wp\/v2\/tags?post=47148"}],"curies":[{"name":"wp","href":"https:\/\/api.w.org\/{rel}","templated":true}]}}