{"id":47139,"date":"2019-06-27T10:58:14","date_gmt":"2019-06-27T13:58:14","guid":{"rendered":"https:\/\/www.actualidadadiario.com\/?p=47139"},"modified":"2019-06-27T10:58:14","modified_gmt":"2019-06-27T13:58:14","slug":"bolsonaro-rechaza-criticas-de-merkel-sobre-amazonia","status":"publish","type":"post","link":"https:\/\/www.actualidadadiario.com\/index.php\/2019\/06\/27\/bolsonaro-rechaza-criticas-de-merkel-sobre-amazonia\/","title":{"rendered":"Bolsonaro rechaza cr\u00edticas de Merkel sobre Amazonia"},"content":{"rendered":"\n<p><strong><em>El presidente Jair Bolsonaro dijo hoy al arribar a Jap\u00f3n que Alemania tiene que aprender de Brasil en materia de pol\u00edtica ambiental, al rebatir cr\u00edticas formuladas ayer por la canciller Angela Merkel<\/em><\/strong><\/p>\n\n\n\n<p><\/p>\n\n\n\n<p><\/p>\n\n\n\n<p>&#8220;Ellos (alemanes) tienen mucho que aprender de\nnosotros&#8221; sobre medioambiente, declar\u00f3 el mandatario a poco de aterrizar\nen Osaka para participar en la cumbre del G-20.<\/p>\n\n\n\n<p>Bolsonaro agreg\u00f3 que est\u00e1 dispuesto a tener &#8220;una\nconversaci\u00f3n clara&#8221; con Merkel.<\/p>\n\n\n\n<p>El mi\u00e9rcoles la l\u00edder alemana hab\u00eda manifestado &#8220;gran\npreocupaci\u00f3n las acciones del presidente&#8221; en materia de deforestaci\u00f3n.<\/p>\n\n\n\n<p>Alemania es el principal financiador del Fondo Amazonia que\ndesde hace una d\u00e9cada ha aportado millones de d\u00f3lares para mitigar el\ndesmatamiento.<\/p>\n\n\n\n<p>Por otra parte Bolsonaro sostuvo hoy que &#8220;el presidente\nde Brasil no est\u00e1 a aqu\u00ed para recibir advertencias otros pa\u00edses, tiene que\nhaber respeto con Brasil&#8221;.<\/p>\n\n\n\n<p>&#8220;No aceptaremos ser tratados como fueron tratados otros\notros jefes de Estado (brasile\u00f1os)&#8221;, coment\u00f3 Bolsonaro que asumi\u00f3 en enero\ny participa en su primera reuni\u00f3n del G20. Por lo pronto no fue anunciado un\nencuentro bilateral entre Bolsonaro y Merkel.<\/p>\n\n\n\n<p>El gobernante sudamericano se reunir\u00e1 este viernes con su\nhom\u00f3logo franc\u00e9s Emmanuel Macron.<\/p>\n\n\n\n<p>El mandatario franc\u00e9s tambi\u00e9n ha expresado cr\u00edticas a la\npol\u00edtica de Bolsonaro sobre la floresta y su amenaza de denunciar el Acuerdo de\nParis sobre el cambio clim\u00e1tico.<\/p>\n","protected":false},"excerpt":{"rendered":"<p>El presidente Jair Bolsonaro dijo hoy al arribar a Jap\u00f3n que Alemania tiene que aprender de Brasil en materia de pol\u00edtica ambiental, al rebatir cr\u00edticas formuladas ayer por la canciller Angela Merkel &#8220;Ellos (alemanes) tienen mucho que aprender de nosotros&#8221; sobre medioambiente, declar\u00f3 el mandatario a poco de aterrizar en Osaka para participar en la cumbre del G-20. Bolsonaro agreg\u00f3 que est\u00e1 dispuesto a tener &#8220;una conversaci\u00f3n clara&#8221; con Merkel. El mi\u00e9rcoles la l\u00edder alemana hab\u00eda manifestado &#8220;gran preocupaci\u00f3n las acciones del presidente&#8221; en materia de deforestaci\u00f3n. Alemania es el&#8230;<\/p>\n","protected":false},"author":3,"featured_media":47140,"comment_status":"closed","ping_status":"closed","sticky":false,"template":"","format":"standard","meta":[],"categories":[4],"tags":[],"_links":{"self":[{"href":"https:\/\/www.actualidadadiario.com\/index.php\/wp-json\/wp\/v2\/posts\/47139"}],"collection":[{"href":"https:\/\/www.actualidadadiario.com\/index.php\/wp-json\/wp\/v2\/posts"}],"about":[{"href":"https:\/\/www.actualidadadiario.com\/index.php\/wp-json\/wp\/v2\/types\/post"}],"author":[{"embeddable":true,"href":"https:\/\/www.actualidadadiario.com\/index.php\/wp-json\/wp\/v2\/users\/3"}],"replies":[{"embeddable":true,"href":"https:\/\/www.actualidadadiario.com\/index.php\/wp-json\/wp\/v2\/comments?post=47139"}],"version-history":[{"count":1,"href":"https:\/\/www.actualidadadiario.com\/index.php\/wp-json\/wp\/v2\/posts\/47139\/revisions"}],"predecessor-version":[{"id":47141,"href":"https:\/\/www.actualidadadiario.com\/index.php\/wp-json\/wp\/v2\/posts\/47139\/revisions\/47141"}],"wp:featuredmedia":[{"embeddable":true,"href":"https:\/\/www.actualidadadiario.com\/index.php\/wp-json\/wp\/v2\/media\/47140"}],"wp:attachment":[{"href":"https:\/\/www.actualidadadiario.com\/index.php\/wp-json\/wp\/v2\/media?parent=47139"}],"wp:term":[{"taxonomy":"category","embeddable":true,"href":"https:\/\/www.actualidadadiario.com\/index.php\/wp-json\/wp\/v2\/categories?post=47139"},{"taxonomy":"post_tag","embeddable":true,"href":"https:\/\/www.actualidadadiario.com\/index.php\/wp-json\/wp\/v2\/tags?post=47139"}],"curies":[{"name":"wp","href":"https:\/\/api.w.org\/{rel}","templated":true}]}}