{"id":47136,"date":"2019-06-27T10:57:37","date_gmt":"2019-06-27T13:57:37","guid":{"rendered":"https:\/\/www.actualidadadiario.com\/?p=47136"},"modified":"2019-06-27T10:57:37","modified_gmt":"2019-06-27T13:57:37","slug":"mas-dudas-sobre-la-salud-de-merkel-volvio-a-sufrir-fuertes-temblores","status":"publish","type":"post","link":"https:\/\/www.actualidadadiario.com\/index.php\/2019\/06\/27\/mas-dudas-sobre-la-salud-de-merkel-volvio-a-sufrir-fuertes-temblores\/","title":{"rendered":"M\u00e1s dudas sobre la salud de Merkel: volvi\u00f3 a sufrir fuertes temblores"},"content":{"rendered":"\n<p><strong><em>La canciller alemana, Angela Merkel, volvi\u00f3 a sufrir esta ma\u00f1ana un visible temblor en manos y piernas durante el acto celebrado en el palacio de Bellevue, en Berl\u00edn. La imagen que r\u00e1pidamente circul\u00f3 en los medio despert\u00f3 las dudas sobre su salud<\/em><\/strong><\/p>\n\n\n\n<p><\/p>\n\n\n\n<p><\/p>\n\n\n\n<p>Merkel se encontraba en la sede de la Presidencia del pa\u00eds\npara asistir al acto de cese de la ministra de Justicia alemana y al\nnombramiento de su sucesora. En medio de la ceremonia, mientras la canciller\nesperaba frente al estrado para tomar la palabra, se la percibi\u00f3 nuevamente con\nfuertes temblores.<\/p>\n\n\n\n<p>En las im\u00e1genes difundidas por las cadenas alemanas, se\npuede ver como la canciller, que el pr\u00f3ximo 17 de julio cumplir\u00e1 65 a\u00f1os, trata\nde contener los espamos agarr\u00e1ndose los brazos. Un asistente le acerca un vaso\nde agua, pero ella lo rechaza.<\/p>\n\n\n\n<p>La semana pasada Merkel trat\u00f3 de restar importancia a las\nespeculaciones desatadas sobre su estado de salud tras un episodio similar al\nde esta ma\u00f1ana, cuando se la vio intentando controlar un temblor de manos y\npiernas mientras recib\u00eda al presidente de Ucrania, Volod\u00edmir Zelenski.<\/p>\n\n\n\n<p>Las im\u00e1genes de la canciller bajo el sol, con signos de\ndebilidad f\u00edsica y sujet\u00e1ndose repetidamente las manos para tratar de calmar el\ntemblor, durante aproximadamente medio minuto y mientras sonaba el himno\nalem\u00e1n, se convirtieron r\u00e1pidamente en objeto de comentarios en los medios\nalemanes.<\/p>\n\n\n\n<p>&#8220;Estoy bien, me he bebido al menos tres vasos de agua,\nque parece que me faltaban, ahora me siento de nuevo bien&#8221;, explic\u00f3 m\u00e1s\ntarde la canciller, que atribuy\u00f3 su temblor a un supuesto problema de\ndeshidrataci\u00f3n, al ser preguntada por esa cuesti\u00f3n en una comparecencia\nconjunta con Zelenski.<\/p>\n\n\n\n<p>A diferencia del acto con el presidente ucraniano, que tuvo\nlugar al aire libre, en el patio de Canciller\u00eda, el de hoy se celebr\u00f3 en el interior\ndel palacio de Bellevue.<\/p>\n\n\n\n<p>Alemania est\u00e1 atravesando estos d\u00edas una ola de calor con\ntemperaturas de casi 39 grados en algunos puntos del pa\u00eds, aunque el tiempo\npromete para hoy y ma\u00f1ana una peque\u00f1a tregua hasta el fin de semana, donde se\nvuelven a esperar temperaturas similares a las del mi\u00e9rcoles.<\/p>\n","protected":false},"excerpt":{"rendered":"<p>La canciller alemana, Angela Merkel, volvi\u00f3 a sufrir esta ma\u00f1ana un visible temblor en manos y piernas durante el acto celebrado en el palacio de Bellevue, en Berl\u00edn. La imagen que r\u00e1pidamente circul\u00f3 en los medio despert\u00f3 las dudas sobre su salud Merkel se encontraba en la sede de la Presidencia del pa\u00eds para asistir al acto de cese de la ministra de Justicia alemana y al nombramiento de su sucesora. En medio de la ceremonia, mientras la canciller esperaba frente al estrado para tomar la palabra, se la percibi\u00f3&#8230;<\/p>\n","protected":false},"author":3,"featured_media":47137,"comment_status":"closed","ping_status":"closed","sticky":false,"template":"","format":"standard","meta":[],"categories":[4],"tags":[],"_links":{"self":[{"href":"https:\/\/www.actualidadadiario.com\/index.php\/wp-json\/wp\/v2\/posts\/47136"}],"collection":[{"href":"https:\/\/www.actualidadadiario.com\/index.php\/wp-json\/wp\/v2\/posts"}],"about":[{"href":"https:\/\/www.actualidadadiario.com\/index.php\/wp-json\/wp\/v2\/types\/post"}],"author":[{"embeddable":true,"href":"https:\/\/www.actualidadadiario.com\/index.php\/wp-json\/wp\/v2\/users\/3"}],"replies":[{"embeddable":true,"href":"https:\/\/www.actualidadadiario.com\/index.php\/wp-json\/wp\/v2\/comments?post=47136"}],"version-history":[{"count":1,"href":"https:\/\/www.actualidadadiario.com\/index.php\/wp-json\/wp\/v2\/posts\/47136\/revisions"}],"predecessor-version":[{"id":47138,"href":"https:\/\/www.actualidadadiario.com\/index.php\/wp-json\/wp\/v2\/posts\/47136\/revisions\/47138"}],"wp:featuredmedia":[{"embeddable":true,"href":"https:\/\/www.actualidadadiario.com\/index.php\/wp-json\/wp\/v2\/media\/47137"}],"wp:attachment":[{"href":"https:\/\/www.actualidadadiario.com\/index.php\/wp-json\/wp\/v2\/media?parent=47136"}],"wp:term":[{"taxonomy":"category","embeddable":true,"href":"https:\/\/www.actualidadadiario.com\/index.php\/wp-json\/wp\/v2\/categories?post=47136"},{"taxonomy":"post_tag","embeddable":true,"href":"https:\/\/www.actualidadadiario.com\/index.php\/wp-json\/wp\/v2\/tags?post=47136"}],"curies":[{"name":"wp","href":"https:\/\/api.w.org\/{rel}","templated":true}]}}