{"id":47133,"date":"2019-06-27T10:56:57","date_gmt":"2019-06-27T13:56:57","guid":{"rendered":"https:\/\/www.actualidadadiario.com\/?p=47133"},"modified":"2019-06-27T10:56:57","modified_gmt":"2019-06-27T13:56:57","slug":"europa-sofocada-por-temperaturas-record-para-un-mes-de-junio","status":"publish","type":"post","link":"https:\/\/www.actualidadadiario.com\/index.php\/2019\/06\/27\/europa-sofocada-por-temperaturas-record-para-un-mes-de-junio\/","title":{"rendered":"Europa, sofocada por temperaturas r\u00e9cord para un mes de junio"},"content":{"rendered":"\n<p><strong><em>El mercurio segu\u00eda subiendo en las \u00faltimas horas en Europa, especialmente en el oeste del viejo continente, con temperaturas hist\u00f3ricas para un mes de junio que podr\u00edan intensificarse todav\u00eda m\u00e1s en los pr\u00f3ximos d\u00edas en varios pa\u00edses. \u201cLas can\u00edculas, cada vez m\u00e1s frecuentes y precoces, son un s\u00edntoma del cambio clim\u00e1tico\u201c, aseguraron los cient\u00edficos<\/em><\/strong><\/p>\n\n\n\n<p><\/p>\n\n\n\n<p><\/p>\n\n\n\n<p>\u201cNuestro diagn\u00f3stico es que cada vez van a ser m\u00e1s precoces,\nm\u00e1s intensas y m\u00e1s frecuentes\u201d, alert\u00f3 Jean Jouzel, ex vicepresidente del Grupo\nIntergubernamental de Expertos sobre el Cambio Clim\u00e1tico (GIEC). \u201cLos veranos\nm\u00e1s calurosos en Europa desde el a\u00f1o 1500 son todos de principios del siglo\nXXI: 2018, 2010, 2003, 2016, 2002\u2033, detall\u00f3, por su parte, Stefan Rahmstorf.<\/p>\n\n\n\n<p>\u201cEste aumento de los extremos de calor se est\u00e1 produciendo\ncomo la ciencia hab\u00eda previsto, como resultado directo de un calentamiento\ninducido por los gases de efecto invernadero de la combusti\u00f3n de carb\u00f3n,\npetr\u00f3leo y gas\u201d, manifest\u00f3 este investigador del Potsdam Institute for Climate\nImpact Research (PIK).<\/p>\n\n\n\n<p>Por otro lado, de acuerdo con una estimaci\u00f3n de la\nOrganizaci\u00f3n de las Naciones Unidas (ONU) que sali\u00f3 a la luz a mediados de este\nmes, la poblaci\u00f3n mundial llegar\u00e1 a la impresionante cifra de 9.700 millones de\npersonas en el 2050, contra los 7.700 millones actuales. En sus predicciones,\nel ente pronostic\u00f3 una duplicaci\u00f3n de los habitantes de \u00c1frica subsahariana y\nque en China bajar\u00e1n a 31,4 millones, es decir un 2,2% menos.<\/p>\n\n\n\n<p>\u201cLa poblaci\u00f3n del planeta podr\u00eda llegar a cerca de 11 mil\nmillones de individuos en 2100. El reporte \u2018Perspectivas de la poblaci\u00f3n en el\nmundo\u2019 tambi\u00e9n confirma el envejecimiento de la poblaci\u00f3n mundial debido al\naumento de la esperanza de vida y a una baja de la fecundidad\u201d, detall\u00f3 la\ninvestigaci\u00f3n difundida por el organismo.<\/p>\n\n\n\n<p>\u201cEl n\u00famero de pa\u00edses que experimentan una reducci\u00f3n de su\npoblaci\u00f3n aument\u00f3. Desde 2010, 27 pa\u00edses o territorios han tenido una reducci\u00f3n\nde al menos 1% en el tama\u00f1o de su poblaci\u00f3n, un fen\u00f3meno provocado por bajos\nniveles de fecundidad\u201d, remarc\u00f3 el estudio del Departamento de Asuntos Econ\u00f3micos\ny Sociales de la ONU.<\/p>\n\n\n\n<p>\u201cPara 2050, m\u00e1s de la mitad del crecimiento proyectado para\nla poblaci\u00f3n mundial se concentrar\u00e1 en nueve pa\u00edses: India, Nigeria, Pakist\u00e1n,\nRep\u00fablica Democr\u00e1tica del Congo, Etiop\u00eda, Tanzania, Indonesia, Egipto y Estados\nUnidos. Mientras que el \u00edndice de nacimientos global, que baj\u00f3 de 3,2 por mujer\nen 1990 a 2,5 en 2019, se estabilizar\u00e1 en 2,2 en 2050\u2033, finaliz\u00f3.<\/p>\n","protected":false},"excerpt":{"rendered":"<p>El mercurio segu\u00eda subiendo en las \u00faltimas horas en Europa, especialmente en el oeste del viejo continente, con temperaturas hist\u00f3ricas para un mes de junio que podr\u00edan intensificarse todav\u00eda m\u00e1s en los pr\u00f3ximos d\u00edas en varios pa\u00edses. \u201cLas can\u00edculas, cada vez m\u00e1s frecuentes y precoces, son un s\u00edntoma del cambio clim\u00e1tico\u201c, aseguraron los cient\u00edficos \u201cNuestro diagn\u00f3stico es que cada vez van a ser m\u00e1s precoces, m\u00e1s intensas y m\u00e1s frecuentes\u201d, alert\u00f3 Jean Jouzel, ex vicepresidente del Grupo Intergubernamental de Expertos sobre el Cambio Clim\u00e1tico (GIEC). \u201cLos veranos m\u00e1s calurosos en&#8230;<\/p>\n","protected":false},"author":3,"featured_media":47134,"comment_status":"closed","ping_status":"closed","sticky":false,"template":"","format":"standard","meta":[],"categories":[4],"tags":[],"_links":{"self":[{"href":"https:\/\/www.actualidadadiario.com\/index.php\/wp-json\/wp\/v2\/posts\/47133"}],"collection":[{"href":"https:\/\/www.actualidadadiario.com\/index.php\/wp-json\/wp\/v2\/posts"}],"about":[{"href":"https:\/\/www.actualidadadiario.com\/index.php\/wp-json\/wp\/v2\/types\/post"}],"author":[{"embeddable":true,"href":"https:\/\/www.actualidadadiario.com\/index.php\/wp-json\/wp\/v2\/users\/3"}],"replies":[{"embeddable":true,"href":"https:\/\/www.actualidadadiario.com\/index.php\/wp-json\/wp\/v2\/comments?post=47133"}],"version-history":[{"count":1,"href":"https:\/\/www.actualidadadiario.com\/index.php\/wp-json\/wp\/v2\/posts\/47133\/revisions"}],"predecessor-version":[{"id":47135,"href":"https:\/\/www.actualidadadiario.com\/index.php\/wp-json\/wp\/v2\/posts\/47133\/revisions\/47135"}],"wp:featuredmedia":[{"embeddable":true,"href":"https:\/\/www.actualidadadiario.com\/index.php\/wp-json\/wp\/v2\/media\/47134"}],"wp:attachment":[{"href":"https:\/\/www.actualidadadiario.com\/index.php\/wp-json\/wp\/v2\/media?parent=47133"}],"wp:term":[{"taxonomy":"category","embeddable":true,"href":"https:\/\/www.actualidadadiario.com\/index.php\/wp-json\/wp\/v2\/categories?post=47133"},{"taxonomy":"post_tag","embeddable":true,"href":"https:\/\/www.actualidadadiario.com\/index.php\/wp-json\/wp\/v2\/tags?post=47133"}],"curies":[{"name":"wp","href":"https:\/\/api.w.org\/{rel}","templated":true}]}}