{"id":47130,"date":"2019-06-27T10:55:37","date_gmt":"2019-06-27T13:55:37","guid":{"rendered":"https:\/\/www.actualidadadiario.com\/?p=47130"},"modified":"2019-06-27T10:55:37","modified_gmt":"2019-06-27T13:55:37","slug":"apagon-lopetegui-ira-al-congreso-el-proximo-miercoles-a-dar-su-informe","status":"publish","type":"post","link":"https:\/\/www.actualidadadiario.com\/index.php\/2019\/06\/27\/apagon-lopetegui-ira-al-congreso-el-proximo-miercoles-a-dar-su-informe\/","title":{"rendered":"Apag\u00f3n: Lopetegui ir\u00e1 al Congreso el pr\u00f3ximo mi\u00e9rcoles a dar su informe"},"content":{"rendered":"\n<p><strong><em>El secretario de Energ\u00eda de la Naci\u00f3n se presentar\u00e1 ante el Senado a casi 15 para dar cuenta del avance de la investigaci\u00f3n por la falla que dej\u00f3 sin luz a todo el pa\u00eds, Uruguay, parte de Brasil y Paraguay<\/em><\/strong><\/p>\n\n\n\n<p><\/p>\n\n\n\n<p><\/p>\n\n\n\n<p>El secretario de Energ\u00eda de la Naci\u00f3n, Gustavo Lopetegui,\nconcurrir\u00e1 el pr\u00f3ximo mi\u00e9rcoles al Senado a brindar explicaciones sobre el\ncurso de la investigaci\u00f3n del gran apag\u00f3n que el pasado 16 de junio dej\u00f3 sin\nluz a todo el pa\u00eds, Uruguay y parte de Brasil y Paraguay.<\/p>\n\n\n\n<p>Seg\u00fan informaron fuentes oficiales, el funcionario\nresponder\u00e1 al requerimiento de los legisladores que d\u00edas pasados hab\u00edan\nsolicitado su presencia y se apersonar\u00e1 a las 10 ante la Comisi\u00f3n de Miner\u00eda,\nEnerg\u00eda y Combustibles de la C\u00e1mara de Senadores que preside el neuquino\nGuillermo Pereyra.<\/p>\n\n\n\n<p>Pereyra elev\u00f3 el pedido a la Presidencia de la C\u00e1mara de\nSenadores argumentando que &#8220;el evento fue de una magnitud sin precedentes\ny requiere de explicaciones detalladas de los m\u00e1ximos responsables en su car\u00e1cter\nde poder concedente del servicio el\u00e9ctrico&#8221;.<\/p>\n\n\n\n<p>Lopetegui tambi\u00e9n podr\u00eda ser convocado a la comisi\u00f3n de\nEnerg\u00eda de la C\u00e1mara baja, donde se presentaron varios pedidos similares.<\/p>\n\n\n\n<p>&#8220;Es un evento extraordinario que no debiera haber\nocurrido de ninguna manera. No hay razones para que esto haya ocurrido y haya\nquedado todo el pa\u00eds sin energ\u00eda&#8221;, hab\u00eda dicho Lopetegui, en conferencia\nde prensa ese domingo D\u00eda del padre, al anticipar que la &#8220;la desconexi\u00f3n\ntotal&#8221; se habr\u00eda producido &#8220;autom\u00e1ticamente, cuando se detectan\ndesequilibrios que podr\u00edan causar un da\u00f1o mayor&#8221;.<\/p>\n\n\n\n<p>Adem\u00e1s, hab\u00eda explicado que las empresas responsables de la\nprovisi\u00f3n del servicio el\u00e9ctrico Camesa y Transener deb\u00edan relevar la\ninformaci\u00f3n para determinar las causas del apag\u00f3n y entregar un informe en 15\nd\u00edas.<\/p>\n\n\n\n<p>&#8220;Las empresas tienen que presentar los informes y\nveremos qu\u00e9 ocurri\u00f3 porque los resarcimientos deben pagarse. Depende qu\u00e9\nocurri\u00f3&#8221;, apunt\u00f3 el funcionario al remarcar que &#8220;las inversiones que\nse han realizado en estos tres a\u00f1os fueron muchas y muy cuantiosas&#8221;.<\/p>\n\n\n\n<p>En tanto, hoy tambi\u00e9n se conoci\u00f3 que el Gobierno nacional\ndesign\u00f3 al Instituto de Investigaciones Tecnol\u00f3gicas para Redes y Equipos\nEl\u00e9ctricos (IITRE-LAT) de la Facultad de Ingenier\u00eda de la Universidad Nacional\nde La Plata (UNLP) para investigar las causas del apag\u00f3n.<\/p>\n\n\n\n<p>El seleccionado, conocido tambi\u00e9n como Laboratorio de Alta\nTensi\u00f3n, se dedica a la actividad de vinculaci\u00f3n con el sector electrot\u00e9cnico y\ncuenta con reconocidos antecedentes en el \u00e1rea el\u00e9ctrica.<\/p>\n\n\n\n<p>&#8220;Hemos intervenido en muchos incidentes de diferente\nmagnitud que han afectado al sistema el\u00e9ctrico; algunos muy recordados por la\npoblaci\u00f3n, como el gran apag\u00f3n que hubo en febrero de 1999 cuando se incendi\u00f3\nla subestaci\u00f3n de Azopardo, o aquella falla en la doble terna que une Hudson\ncon Costanera, que hace unos a\u00f1os dej\u00f3 sin luz a grandes zonas de Buenos Aires&#8221;,\ndetall\u00f3 en un comunicado.<\/p>\n\n\n\n<p>Seg\u00fan el requerimiento, en un plazo aproximado de 15 d\u00edas la\nUNLP deber\u00e1 recolectar la informaci\u00f3n, analizar las fallas y evaluar la tarea\nde las empresas involucradas para informar de manera fehaciente las razones del\nblack out que dej\u00f3 sin luz a toda la Argentina, Uruguay y parte de Brasil y\nParaguay.<\/p>\n","protected":false},"excerpt":{"rendered":"<p>El secretario de Energ\u00eda de la Naci\u00f3n se presentar\u00e1 ante el Senado a casi 15 para dar cuenta del avance de la investigaci\u00f3n por la falla que dej\u00f3 sin luz a todo el pa\u00eds, Uruguay, parte de Brasil y Paraguay El secretario de Energ\u00eda de la Naci\u00f3n, Gustavo Lopetegui, concurrir\u00e1 el pr\u00f3ximo mi\u00e9rcoles al Senado a brindar explicaciones sobre el curso de la investigaci\u00f3n del gran apag\u00f3n que el pasado 16 de junio dej\u00f3 sin luz a todo el pa\u00eds, Uruguay y parte de Brasil y Paraguay. Seg\u00fan informaron fuentes&#8230;<\/p>\n","protected":false},"author":3,"featured_media":47131,"comment_status":"closed","ping_status":"closed","sticky":false,"template":"","format":"standard","meta":[],"categories":[18],"tags":[],"_links":{"self":[{"href":"https:\/\/www.actualidadadiario.com\/index.php\/wp-json\/wp\/v2\/posts\/47130"}],"collection":[{"href":"https:\/\/www.actualidadadiario.com\/index.php\/wp-json\/wp\/v2\/posts"}],"about":[{"href":"https:\/\/www.actualidadadiario.com\/index.php\/wp-json\/wp\/v2\/types\/post"}],"author":[{"embeddable":true,"href":"https:\/\/www.actualidadadiario.com\/index.php\/wp-json\/wp\/v2\/users\/3"}],"replies":[{"embeddable":true,"href":"https:\/\/www.actualidadadiario.com\/index.php\/wp-json\/wp\/v2\/comments?post=47130"}],"version-history":[{"count":1,"href":"https:\/\/www.actualidadadiario.com\/index.php\/wp-json\/wp\/v2\/posts\/47130\/revisions"}],"predecessor-version":[{"id":47132,"href":"https:\/\/www.actualidadadiario.com\/index.php\/wp-json\/wp\/v2\/posts\/47130\/revisions\/47132"}],"wp:featuredmedia":[{"embeddable":true,"href":"https:\/\/www.actualidadadiario.com\/index.php\/wp-json\/wp\/v2\/media\/47131"}],"wp:attachment":[{"href":"https:\/\/www.actualidadadiario.com\/index.php\/wp-json\/wp\/v2\/media?parent=47130"}],"wp:term":[{"taxonomy":"category","embeddable":true,"href":"https:\/\/www.actualidadadiario.com\/index.php\/wp-json\/wp\/v2\/categories?post=47130"},{"taxonomy":"post_tag","embeddable":true,"href":"https:\/\/www.actualidadadiario.com\/index.php\/wp-json\/wp\/v2\/tags?post=47130"}],"curies":[{"name":"wp","href":"https:\/\/api.w.org\/{rel}","templated":true}]}}