{"id":47127,"date":"2019-06-27T10:54:58","date_gmt":"2019-06-27T13:54:58","guid":{"rendered":"https:\/\/www.actualidadadiario.com\/?p=47127"},"modified":"2019-06-27T10:54:58","modified_gmt":"2019-06-27T13:54:58","slug":"g20-macri-se-reunio-con-el-primer-ministro-japones-en-la-previa-de-la-cumbre","status":"publish","type":"post","link":"https:\/\/www.actualidadadiario.com\/index.php\/2019\/06\/27\/g20-macri-se-reunio-con-el-primer-ministro-japones-en-la-previa-de-la-cumbre\/","title":{"rendered":"G20: Macri se reuni\u00f3 con el primer ministro japon\u00e9s en la previa de la cumbre"},"content":{"rendered":"\n<p><strong><em>El Presidente se reuni\u00f3 con Shinzo Abe en el hotel Hyat Regency de Osaka. Agradeci\u00f3 la &#8220;apertura del mercado japon\u00e9s a la carne vacuna y de cordero de la Patagonia, despu\u00e9s de muchos a\u00f1os&#8221; y pidi\u00f3 &#8220;abrirlo tambi\u00e9n para ar\u00e1ndanos y cerezas&#8221;<\/em><\/strong><\/p>\n\n\n\n<p><\/p>\n\n\n\n<p><\/p>\n\n\n\n<p>En la previa de la Cumbre de L\u00edderes del G20, Mauricio Macri\narranc\u00f3 este jueves su agenda de trabajo con una reuni\u00f3n con el premier japon\u00e9s\nShinzo Abe, en el hotel Hyat Regency de Osaka. <\/p>\n\n\n\n<p>El encuentro entre ambos mandatarios tuvo por objetivo\n&#8220;revalidar el buen entendimiento&#8221; entre gobiernos que se plasm\u00f3 meses\natr\u00e1s en la firma de un Acuerdo para la Promoci\u00f3n y Protecci\u00f3n de Inversiones.<\/p>\n\n\n\n<p>Durante la reuni\u00f3n, el jefe de Estado le manifest\u00f3 a Abe su\nagradecimiento por la apertura del mercado japon\u00e9s a los productos argentinos,\nsobre todo la carne vacuna y de cordero de la Patagonia, que &#8220;entr\u00f3 por\nprimera vez despu\u00e9s de muchos a\u00f1os&#8221;, informaron desde Presidencia. <\/p>\n\n\n\n<p>Vale recordar que la carne bovina ser\u00e1 promocionada desde\nhoy en la cumbre a trav\u00e9s de una feria sobre la cultura argentina y su\ngastronom\u00eda, organizada por una popular cadena de supermercados.<\/p>\n\n\n\n<p>&#8220;Tambi\u00e9n nos gustar\u00eda abrir el mercado para ar\u00e1ndanos y\ncerezas&#8221;, se\u00f1al\u00f3 Macri tras el encuentro con Abe y confi\u00f3 en que se pueda\navanzar con acuerdos para lograrlo &#8220;lo m\u00e1s r\u00e1pido que se pueda&#8221;. <\/p>\n\n\n\n<p>Adem\u00e1s del encuentro con el anfitri\u00f3n de la cumbre, se\nespera que Macri mantenga al menos siete reuniones bilaterales con sus pares de\nlos principales pa\u00edses del mundo en un G20 que est\u00e1 cruzado por el inminente\nacuerdo de libre comercio de la Uni\u00f3n Europea y el Mercosur, y la guerra\ncomercial entre China y Estados Unidos.<\/p>\n\n\n\n<p>La reuni\u00f3n con Abe, que dur\u00f3 20 minutos, sirvi\u00f3 para acercar\nposturas de cara a la cumbre del viernes y s\u00e1bado, en la que se buscar\u00e1\nconsensuar medidas sobre protecci\u00f3n medioambiental y a favor del libre comercio\nen el clima actual de tensi\u00f3n. <\/p>\n\n\n\n<p>El encuentro marca &#8220;una continuidad de la relaci\u00f3n de\ncercan\u00eda que Macri y el gobernante japon\u00e9s vienen construyendo y que tuvo su\n\u00faltima expresi\u00f3n hace casi siete meses en Buenos Aires con motivo de la reuni\u00f3n\ndel G20 que organiz\u00f3 la Argentina&#8221;, se\u00f1alaron desde la Canciller\u00eda. <\/p>\n\n\n\n<p><strong>Una cumbre marcada\npor la tensi\u00f3n comercial <\/strong><\/p>\n\n\n\n<p>Sentado entre el presidente de los Estados Unidos, Donald\nTrump; y el l\u00edder del Partido Comunista Chino, Xi Jinping, en momentos en los\ncuales negocian una tregua a su &#8220;guerra comercial&#8221;; el presidente ruso\nVladimir Putin y los devaluados l\u00edderes europeos, Emmanuel Macron (Francia) y\n\u00c1ngela Merkel (Alemania), estar\u00e1 tambi\u00e9n el presidente Macri, quien arrib\u00f3 a\nprimera hora de este jueves a Jap\u00f3n procedente de Indonesia.<\/p>\n\n\n\n<p>Durante la Cumbre, Macri &#8220;ratificar\u00e1 el compromiso de\nla Argentina con la agenda multilateral para un crecimiento econ\u00f3mico con\ndesarrollo equitativo y sostenible&#8221;, aseguraron en la Canciller\u00eda. <\/p>\n\n\n\n<p>Acompa\u00f1ado por el jefe de gabinete, Marcos Pe\u00f1a; el\ncanciller Jorge Faurie; el ministro de Hacienda, Nicol\u00e1s Dujovne, y el\nsecretario de Asuntos Estrat\u00e9gicos, Fulvio Pompeo, entre otros, Macri asistir\u00e1\nal inicio del debate siendo parte de la tr\u00edada de pa\u00edses que conducen las\ndeliberaciones del G20 -conocido como la troika-.<\/p>\n","protected":false},"excerpt":{"rendered":"<p>El Presidente se reuni\u00f3 con Shinzo Abe en el hotel Hyat Regency de Osaka. Agradeci\u00f3 la &#8220;apertura del mercado japon\u00e9s a la carne vacuna y de cordero de la Patagonia, despu\u00e9s de muchos a\u00f1os&#8221; y pidi\u00f3 &#8220;abrirlo tambi\u00e9n para ar\u00e1ndanos y cerezas&#8221; En la previa de la Cumbre de L\u00edderes del G20, Mauricio Macri arranc\u00f3 este jueves su agenda de trabajo con una reuni\u00f3n con el premier japon\u00e9s Shinzo Abe, en el hotel Hyat Regency de Osaka. El encuentro entre ambos mandatarios tuvo por objetivo &#8220;revalidar el buen entendimiento&#8221; entre&#8230;<\/p>\n","protected":false},"author":3,"featured_media":47128,"comment_status":"closed","ping_status":"closed","sticky":false,"template":"","format":"standard","meta":[],"categories":[18],"tags":[],"_links":{"self":[{"href":"https:\/\/www.actualidadadiario.com\/index.php\/wp-json\/wp\/v2\/posts\/47127"}],"collection":[{"href":"https:\/\/www.actualidadadiario.com\/index.php\/wp-json\/wp\/v2\/posts"}],"about":[{"href":"https:\/\/www.actualidadadiario.com\/index.php\/wp-json\/wp\/v2\/types\/post"}],"author":[{"embeddable":true,"href":"https:\/\/www.actualidadadiario.com\/index.php\/wp-json\/wp\/v2\/users\/3"}],"replies":[{"embeddable":true,"href":"https:\/\/www.actualidadadiario.com\/index.php\/wp-json\/wp\/v2\/comments?post=47127"}],"version-history":[{"count":1,"href":"https:\/\/www.actualidadadiario.com\/index.php\/wp-json\/wp\/v2\/posts\/47127\/revisions"}],"predecessor-version":[{"id":47129,"href":"https:\/\/www.actualidadadiario.com\/index.php\/wp-json\/wp\/v2\/posts\/47127\/revisions\/47129"}],"wp:featuredmedia":[{"embeddable":true,"href":"https:\/\/www.actualidadadiario.com\/index.php\/wp-json\/wp\/v2\/media\/47128"}],"wp:attachment":[{"href":"https:\/\/www.actualidadadiario.com\/index.php\/wp-json\/wp\/v2\/media?parent=47127"}],"wp:term":[{"taxonomy":"category","embeddable":true,"href":"https:\/\/www.actualidadadiario.com\/index.php\/wp-json\/wp\/v2\/categories?post=47127"},{"taxonomy":"post_tag","embeddable":true,"href":"https:\/\/www.actualidadadiario.com\/index.php\/wp-json\/wp\/v2\/tags?post=47127"}],"curies":[{"name":"wp","href":"https:\/\/api.w.org\/{rel}","templated":true}]}}