{"id":47122,"date":"2019-06-27T10:53:34","date_gmt":"2019-06-27T13:53:34","guid":{"rendered":"https:\/\/www.actualidadadiario.com\/?p=47122"},"modified":"2019-06-27T10:53:34","modified_gmt":"2019-06-27T13:53:34","slug":"primera-encuesta-con-las-formulas-confirmadas-los-fernandez-estan-cerca-del-triunfo-en-primera-vuelta","status":"publish","type":"post","link":"https:\/\/www.actualidadadiario.com\/index.php\/2019\/06\/27\/primera-encuesta-con-las-formulas-confirmadas-los-fernandez-estan-cerca-del-triunfo-en-primera-vuelta\/","title":{"rendered":"Primera encuesta con las f\u00f3rmulas confirmadas: los Fern\u00e1ndez est\u00e1n cerca del triunfo en primera vuelta"},"content":{"rendered":"\n<p><strong><em>A s\u00f3lo d\u00edas que se oficializaran las listas y las f\u00f3rmulas, una consultora arroj\u00f3 que el binomio de Alberto Fern\u00e1ndez-Cristina Fern\u00e1ndez de Kirchner superar\u00eda los 40 puntos en las PASO y casi un 10% arriba de Mauricio Macri y Miguel \u00c1ngel Pichetto. Cu\u00e1nto miden Lavagna y la izquierda, y c\u00f3mo les va a Espert y G\u00f3mez Centuri\u00f3n, los due\u00f1os del voto PRO &#8220;desencantado&#8221;<\/em><\/strong><\/p>\n\n\n\n<p><\/p>\n\n\n\n<p><\/p>\n\n\n\n<p>El s\u00e1bado cerr\u00f3 el plazo l\u00edmite y, a partir de all\u00ed, los\ndistintos frentes que se conformaron y que competir\u00e1n por cargos ejecutivos y\nlegislativos en las PASO de agosto abandonaron las inc\u00f3gnitas y ya tienen\nconfirmado qui\u00e9nes son sus candidatos. En ese marco, empez\u00f3 una espera por los\nprimeros resultados de encuestas que arrojaran las primeras perspectivas\nrespecto de qu\u00e9 har\u00e1 el electorado frente a las urnas.<\/p>\n\n\n\n<p>La consultora Federico Gonz\u00e1lez &amp; Asociados public\u00f3 un\ntrabajo realizado en formato mixto (telef\u00f3nico y presencial) en el AMBA e\ninterior del pa\u00eds con 1600 casos, del que surge que el Frente de Todos de\nAlberto Fern\u00e1ndez y Cristina Fern\u00e1ndez de Kirchner est\u00e1 al borde de derrotar en\nprimera vuelta a Mauricio Macri y Miguel \u00c1ngel Pichetto. <\/p>\n\n\n\n<p>Seg\u00fan el sondeo -con indecisos y votos en blanco\nproyectados- los Fern\u00e1ndez lideran con claridad el panorama con 41,6%, arriba\nde Juntos por el cambio que alcanza un 33,5%. Se trata de una diferencia de 8\npuntos que, si bien no garantiza una victoria en primera vuelta, se encuentra a\nun escaso 1,9% de lograrlo.<\/p>\n\n\n\n<p>En comicios presidenciales de la Argentina, para resultar\nganador en primera vuelta es necesario obtener el 45% de los votos v\u00e1lidos o un\n40% con una diferencial de 10 puntos respecto del segundo para evitar un\nballotage.<\/p>\n\n\n\n<p>Muy lejos aparece el ex ministro de Econom\u00eda Roberto Lavagna\ncon 8,8%, mientras que Jos\u00e9 Luis Espert -despu\u00e9s de las m\u00faltiples operaciones\nentre ilegales e ileg\u00edtimas del Gobierno para bajarlo- logra una sorprendente y\npositiva performance de 6,5%. <\/p>\n\n\n\n<p>El ex titular de la Aduana Juan Jos\u00e9 G\u00f3mez Centuri\u00f3n, que\nlidera una lista de fuerte impronta celeste anti derechos, se queda con un\n2,1%. <\/p>\n\n\n\n<p>Estos datos son clave, porque el propio macrismo estima que\nentre Lavagna, Espert y G\u00f3mez Centuri\u00f3n se mueven los votos\n&#8220;desencantados&#8221; con el fracaso econ\u00f3mico y social de la\nadministraci\u00f3n PRO. Seg\u00fan el sondeo de Gonz\u00e1lez &amp; Asociados, los tres sumados\njuntan casi 20 puntos. <\/p>\n\n\n\n<p>En cuanto a las opciones de izquierda, el FIT Unidad\nconsigue un 4,1% con Nicol\u00e1s del Ca\u00f1o al frente, mientras que el Nuevo Mas de\nManuela Castea\u00f1eira logra un 0,1%.<\/p>\n","protected":false},"excerpt":{"rendered":"<p>A s\u00f3lo d\u00edas que se oficializaran las listas y las f\u00f3rmulas, una consultora arroj\u00f3 que el binomio de Alberto Fern\u00e1ndez-Cristina Fern\u00e1ndez de Kirchner superar\u00eda los 40 puntos en las PASO y casi un 10% arriba de Mauricio Macri y Miguel \u00c1ngel Pichetto. Cu\u00e1nto miden Lavagna y la izquierda, y c\u00f3mo les va a Espert y G\u00f3mez Centuri\u00f3n, los due\u00f1os del voto PRO &#8220;desencantado&#8221; El s\u00e1bado cerr\u00f3 el plazo l\u00edmite y, a partir de all\u00ed, los distintos frentes que se conformaron y que competir\u00e1n por cargos ejecutivos y legislativos en las&#8230;<\/p>\n","protected":false},"author":3,"featured_media":46881,"comment_status":"closed","ping_status":"closed","sticky":false,"template":"","format":"standard","meta":[],"categories":[9],"tags":[],"_links":{"self":[{"href":"https:\/\/www.actualidadadiario.com\/index.php\/wp-json\/wp\/v2\/posts\/47122"}],"collection":[{"href":"https:\/\/www.actualidadadiario.com\/index.php\/wp-json\/wp\/v2\/posts"}],"about":[{"href":"https:\/\/www.actualidadadiario.com\/index.php\/wp-json\/wp\/v2\/types\/post"}],"author":[{"embeddable":true,"href":"https:\/\/www.actualidadadiario.com\/index.php\/wp-json\/wp\/v2\/users\/3"}],"replies":[{"embeddable":true,"href":"https:\/\/www.actualidadadiario.com\/index.php\/wp-json\/wp\/v2\/comments?post=47122"}],"version-history":[{"count":1,"href":"https:\/\/www.actualidadadiario.com\/index.php\/wp-json\/wp\/v2\/posts\/47122\/revisions"}],"predecessor-version":[{"id":47123,"href":"https:\/\/www.actualidadadiario.com\/index.php\/wp-json\/wp\/v2\/posts\/47122\/revisions\/47123"}],"wp:featuredmedia":[{"embeddable":true,"href":"https:\/\/www.actualidadadiario.com\/index.php\/wp-json\/wp\/v2\/media\/46881"}],"wp:attachment":[{"href":"https:\/\/www.actualidadadiario.com\/index.php\/wp-json\/wp\/v2\/media?parent=47122"}],"wp:term":[{"taxonomy":"category","embeddable":true,"href":"https:\/\/www.actualidadadiario.com\/index.php\/wp-json\/wp\/v2\/categories?post=47122"},{"taxonomy":"post_tag","embeddable":true,"href":"https:\/\/www.actualidadadiario.com\/index.php\/wp-json\/wp\/v2\/tags?post=47122"}],"curies":[{"name":"wp","href":"https:\/\/api.w.org\/{rel}","templated":true}]}}