{"id":47117,"date":"2019-06-27T10:52:07","date_gmt":"2019-06-27T13:52:07","guid":{"rendered":"https:\/\/www.actualidadadiario.com\/?p=47117"},"modified":"2019-06-27T10:52:07","modified_gmt":"2019-06-27T13:52:07","slug":"perotti-verna-y-ziliotto-en-respaldo-a-fernandez-fernandez","status":"publish","type":"post","link":"https:\/\/www.actualidadadiario.com\/index.php\/2019\/06\/27\/perotti-verna-y-ziliotto-en-respaldo-a-fernandez-fernandez\/","title":{"rendered":"Perotti, Verna y Ziliotto en respaldo a Fern\u00e1ndez-Fern\u00e1ndez"},"content":{"rendered":"\n<p><strong><em>\u201cDesde un principio fui claro sobre mi apoyo\u201d, expres\u00f3 el gobernador electo de Santa Fe. Los pampeanos pasaron ayer por el Instituto Patria<\/em><\/strong><\/p>\n\n\n\n<p><\/p>\n\n\n\n<p><\/p>\n\n\n\n<p>Hay cada vez menos dudosos en el peronismo. El gobernador\nelecto de Santa Fe, el senador Omar Perotti, ratific\u00f3 ayer su apoyo a la\nf\u00f3rmula presidencial del Frente de Todos, en l\u00ednea con lo expresado por la\nmayor\u00eda de los gobernadores peronistas y el bloque del PJ en el Senado. \u201cDesde\nun principio fui claro sobre mi apoyo a la f\u00f3rmula del Partido Justicialista de\nAlberto y Cristina\u201d, asegur\u00f3 Perotti. Horas despu\u00e9s, Alberto Fern\u00e1ndez y\nCristina Kirchner recibieron en el Instituto Patria al gobernador de La Pampa,\nCarlos Verna, y su sucesor electo, el diputado Sergio Ziliotto, quienes tambi\u00e9n\nle manifestaron su respaldo.<\/p>\n\n\n\n<p>Las definiciones se dan un d\u00eda despu\u00e9s del encuentro del\nbloque de senadores del PJ que design\u00f3 al cordob\u00e9s Carlos Caserio como nuevo\njefe, luego del sorpresivo salto de Miguel \u00c1ngel Pichetto a Cambiemos. Result\u00f3\nllamativo como Caserio r\u00e1pidamente se desmarc\u00f3 del gobernador Juan Schiaretti.\nAvis\u00f3 que \u00e9l no se mantendr\u00eda prescindente de la puja presidencial y que\napoyaba la f\u00f3rmula de los Fern\u00e1ndez, poniendo de relieve la diferencia de\ncriterios existente en el peronismo cordob\u00e9s. <\/p>\n\n\n\n<p>Todav\u00eda integrante del mismo bloque, Perotti mostr\u00f3 un\ncriterio similar. \u201cDesde la conformaci\u00f3n del frente en Santa Fe tom\u00e9 el\ncompromiso de acompa\u00f1ar la decisi\u00f3n que tomara mi partido\u201d, record\u00f3 en una\nentrevista del diario La Capital. Desde la Casa Rosada hab\u00edan tratado de\ninstalar la idea de Perotti como un \u201camigo\u201d del macrismo que adoptar\u00eda ante las\nelecciones nacionales una postura similar a la de Schiaretti. La gran\ndiferencia entre ambos es que Perotti hizo alianza con el kirchnerismo para los\ncomicios provinciales mientras que Schiaretti no. En C\u00f3rdoba, CFK mand\u00f3 a bajar\nsu lista unilateralmente como gesto de unidad. <\/p>\n\n\n\n<p>Cuando la ex presidenta viaj\u00f3 a Rosario para la presentaci\u00f3n\nde su libro, Perotti la llam\u00f3 para avisarle que no asistir\u00eda porque se tomar\u00eda\nunos d\u00edas de descanso. Pero en su lugar estuvo la vicegobernadora electa\nAlejandra Rodenas y el presidente del PJ santafesino, Ricardo Olivera. Sin\nembargo, desde el Gobierno buscaban seguir sembrando dudas sobre el\nalineamiento de Perotti, que ayer termin\u00f3 por despejar cualquier rumor con sus\ndeclaraciones. Por otro lado, en Santa Fe el peronismo vuelve a marchar unido\npara las elecciones de octubre con una \u00fanica lista de candidatos a diputados\nque encabeza el kirchnerista Marcos Cleri.<\/p>\n\n\n\n<p>Ayer tambi\u00e9n, desde el Instituto Patria distribuyeron la\nfoto de la f\u00f3rmula presidencial del Frente de Todos con Verna y Ziliotto. En\nese caso la imagen es menos sorpresiva porque nunca hubo dudas respecto a su\nalineamiento nacional. Verna, que en su momento estuvo duramente enfrentado a\nlos Kirchner, desde hace tiempo mostr\u00f3 su adhesi\u00f3n a un armado de unidad del\nperonismo para derrotar a Cambiemos. Lo mismo Ziliotto, quien se hizo conocido\na nivel nacional cuando torci\u00f3 la votaci\u00f3n en la C\u00e1mara baja a favor de la\ndespenalizaci\u00f3n del aborto. En mayo pasado, el diputado derrot\u00f3 en las\nelecciones a gobernador al candidato radical por m\u00e1s de 20 puntos. <\/p>\n\n\n\n<p>De esta manera, s\u00f3lo Schiaretti y el salte\u00f1o Juan Manuel\nUrtubey \u2013compa\u00f1ero de f\u00f3rmula de Roberto Lavagna en Consenso Federal\u2013 quedaron\ncomo los \u00fanicos gobernadores peronistas que no expresaron su apoyo a la f\u00f3rmula\ndel Frente de Todos. Incluso tambi\u00e9n algunos que no est\u00e1n en el peronismo como\nel gobernador de Santiago del Estero, Gerardo Zamora, y el de Chubut, Mariano\nArcioni, quienes encabezan fuerzas provinciales, mostraron su adhesi\u00f3n a los\nFern\u00e1ndez-Fern\u00e1ndez m\u00e1s all\u00e1 que en sus provincias lleven boletas cortas, s\u00f3lo\ncon candidatos a diputados nacionales y sin categor\u00eda presidencial.<\/p>\n","protected":false},"excerpt":{"rendered":"<p>\u201cDesde un principio fui claro sobre mi apoyo\u201d, expres\u00f3 el gobernador electo de Santa Fe. Los pampeanos pasaron ayer por el Instituto Patria Hay cada vez menos dudosos en el peronismo. El gobernador electo de Santa Fe, el senador Omar Perotti, ratific\u00f3 ayer su apoyo a la f\u00f3rmula presidencial del Frente de Todos, en l\u00ednea con lo expresado por la mayor\u00eda de los gobernadores peronistas y el bloque del PJ en el Senado. \u201cDesde un principio fui claro sobre mi apoyo a la f\u00f3rmula del Partido Justicialista de Alberto y&#8230;<\/p>\n","protected":false},"author":3,"featured_media":47118,"comment_status":"closed","ping_status":"closed","sticky":false,"template":"","format":"standard","meta":[],"categories":[18],"tags":[],"_links":{"self":[{"href":"https:\/\/www.actualidadadiario.com\/index.php\/wp-json\/wp\/v2\/posts\/47117"}],"collection":[{"href":"https:\/\/www.actualidadadiario.com\/index.php\/wp-json\/wp\/v2\/posts"}],"about":[{"href":"https:\/\/www.actualidadadiario.com\/index.php\/wp-json\/wp\/v2\/types\/post"}],"author":[{"embeddable":true,"href":"https:\/\/www.actualidadadiario.com\/index.php\/wp-json\/wp\/v2\/users\/3"}],"replies":[{"embeddable":true,"href":"https:\/\/www.actualidadadiario.com\/index.php\/wp-json\/wp\/v2\/comments?post=47117"}],"version-history":[{"count":1,"href":"https:\/\/www.actualidadadiario.com\/index.php\/wp-json\/wp\/v2\/posts\/47117\/revisions"}],"predecessor-version":[{"id":47119,"href":"https:\/\/www.actualidadadiario.com\/index.php\/wp-json\/wp\/v2\/posts\/47117\/revisions\/47119"}],"wp:featuredmedia":[{"embeddable":true,"href":"https:\/\/www.actualidadadiario.com\/index.php\/wp-json\/wp\/v2\/media\/47118"}],"wp:attachment":[{"href":"https:\/\/www.actualidadadiario.com\/index.php\/wp-json\/wp\/v2\/media?parent=47117"}],"wp:term":[{"taxonomy":"category","embeddable":true,"href":"https:\/\/www.actualidadadiario.com\/index.php\/wp-json\/wp\/v2\/categories?post=47117"},{"taxonomy":"post_tag","embeddable":true,"href":"https:\/\/www.actualidadadiario.com\/index.php\/wp-json\/wp\/v2\/tags?post=47117"}],"curies":[{"name":"wp","href":"https:\/\/api.w.org\/{rel}","templated":true}]}}