{"id":47114,"date":"2019-06-27T10:51:25","date_gmt":"2019-06-27T13:51:25","guid":{"rendered":"https:\/\/www.actualidadadiario.com\/?p=47114"},"modified":"2019-06-27T10:51:25","modified_gmt":"2019-06-27T13:51:25","slug":"progreso-en-los-derechos-del-nino","status":"publish","type":"post","link":"https:\/\/www.actualidadadiario.com\/index.php\/2019\/06\/27\/progreso-en-los-derechos-del-nino\/","title":{"rendered":"Progreso en los derechos del ni\u00f1o"},"content":{"rendered":"\n<p><strong><em>En la quinta sesi\u00f3n del a\u00f1o, y con una r\u00e1pida votaci\u00f3n a mano alzada, la C\u00e1mara de Diputados otorg\u00f3 media sanci\u00f3n para la abogada Marisa Graham. Adem\u00e1s, el Congreso convirti\u00f3 en ley el Fondo para v\u00edctimas de Trata<\/em><\/strong><\/p>\n\n\n\n<p><\/p>\n\n\n\n<p><\/p>\n\n\n\n<p>La C\u00e1mara de Diputados aprob\u00f3 la designaci\u00f3n de la abogada\nMarisa Graham como nueva Defensora de los Ni\u00f1os, Ni\u00f1as y Adolescentes. De este\nmodo, los nombramientos de Graham y los defensores adjuntos electos Facundo\nHern\u00e1ndez y Fabi\u00e1n Repetto por un per\u00edodo de cinco a\u00f1os, deben ser ratificados\npor el Senado, tras lo cual reci\u00e9n despu\u00e9s podr\u00e1n jurar en el cargo, que se\nencuentra vacante desde la creaci\u00f3n de la Defensor\u00eda, en 2005, al amparo de la\nley de Protecci\u00f3n Integral de los Derechos de Ni\u00f1os, Ni\u00f1as y Adolescentes.<\/p>\n\n\n\n<p>El proceso de selecci\u00f3n de los defensores designados fue\nimpulsado por la comisi\u00f3n bicameral de Defensa de los Derechos del Ni\u00f1o, que se\ncre\u00f3 en 2017, y que llev\u00f3 adelante un concurso de oposici\u00f3n y antecedentes, que\nrecibi\u00f3 m\u00e1s de 70 postulaciones.<\/p>\n\n\n\n<p>Graham es abogada, especialista en ni\u00f1ez, y desde hace m\u00e1s\nde tres d\u00e9cadas trabaja en la protecci\u00f3n de los derechos de los ni\u00f1os y\nadolescentes; acredita una s\u00f3lida formaci\u00f3n acad\u00e9mica y hace m\u00e1s de veinte a\u00f1os\nque se desempe\u00f1a como profesora regular de Derecho de Familia en la Facultad de\nDerecho de la UBA.<\/p>\n\n\n\n<p><strong>Rol bicameral<\/strong><\/p>\n\n\n\n<p>Por haber sido la \u00faltima titular de la bicameral, la\ndiputada PRO Samanta Acerenza fue la encargada de presentar la iniciativa, de\nla que dijo vienen a dar respuesta a &#8220;una deuda de 14a\u00f1os de parte de la\ndemocracia&#8221;. La legisladora macrista valor\u00f3 el aporte de las numerosas organizaciones\nciviles que participaron en el debate para motorizar la designaci\u00f3n del\ndefensor.<\/p>\n\n\n\n<p>Sobre las caracter\u00edsticas del concurso, puntualiz\u00f3 que se\ntom\u00f3 un riguroso examen a los postulantes, de los cuales 15 superaron la\ninstancia y presentaron&nbsp; y presentaron\nsus respectivos planes de trabajo. Tambi\u00e9n destac\u00f3 el rol activo que tuvo la\nbicameral en la etapa final del proceso, y resalt\u00f3 el desaf\u00edo que asumi\u00f3 de\n&#8220;planificar un concurso con caracter\u00edsticas in\u00e9ditas en el Congreso&#8221;.<\/p>\n\n\n\n<p><strong>Planteo\n&#8220;celeste&#8221;<\/strong><\/p>\n\n\n\n<p>A ra\u00edz de su postura p\u00fablica a favor de la despenalizaci\u00f3n\nde la interrupci\u00f3n voluntaria de embarazos, un grupo de militantes en contra de\nla legalizaci\u00f3n del aborto, identificados con sus caracter\u00edsticos pa\u00f1uelos\ncelestes, se concentr\u00f3 en la entrada del Palacio del Congreso, para exigir que\nno se avalara la designaci\u00f3n de Graham.<\/p>\n\n\n\n<p>En ese sentido, la diputada Cornelia Schmidt Liermann, del\nPRO y del bando &#8220;celeste&#8221;, evidenci\u00f3 su descontento: \u201cEn un tema tan\nsensible como la elecci\u00f3n de la defensora del Ni\u00f1o hubiese sido una buena\noportunidad hacernos escuchar a muchos que defendemos la instituci\u00f3n del\ndefensor del Ni\u00f1o pero no est\u00e1bamos de acuerdo con la persona elegida por ser\nuna ferviente militante del aborto\u201d, remarc\u00f3.<\/p>\n\n\n\n<p><strong>Acuerdos<\/strong><\/p>\n\n\n\n<p>El plenario de la C\u00e1mara baja aprob\u00f3 tambi\u00e9n otros proyectos,\nsin debates y con breves exposiciones de sus autores: la creaci\u00f3n de un r\u00e9gimen\nde operaciones de comercio al por menor dentro de zonas francas; la\nmodificaci\u00f3n a la Ley de Tr\u00e1nsito, sobre habilitaci\u00f3n especial para veh\u00edculos\nde servicios de emergencia, y la declaraci\u00f3n de &#8220;orden p\u00fablico&#8221; al\nacceso y permanencia de los perros-gu\u00eda en lugares p\u00fablicos tambi\u00e9n est\u00e1n en el\ntemario.<\/p>\n\n\n\n<p>Otro de los temas tratados fue el aval al convenio entre el\nMinisterio del Interior y las provincias de Buenos Aires, C\u00f3rdoba y Santa Fe\npara la integraci\u00f3n de la Comisi\u00f3n Interjurisdiccional de la Cuenca de la\nLaguna La Picasa.<\/p>\n\n\n\n<p><strong>Ley para v\u00edctimas de\nTrata<\/strong><\/p>\n\n\n\n<p>La C\u00e1mara Baja tambi\u00e9n convirti\u00f3 en ley un proyecto por el\ncual se crea un Fondo de Asistencia Directa a V\u00edctimas de Trata. El proyecto,\nque contaba con media sanci\u00f3n del Senado, propone crear el Fondo Fiduciario\nP\u00fablico denominado &#8220;Fondo de Asistencia Directa a V\u00edctimas de Trata -ley\n26.364&#8221;. La iniciativa fue aprobada por 183 votos afirmativos, contra uno\nnegativo.<\/p>\n\n\n\n<p>El proyecto establece que los bienes del Fondo Fiduciario\nser\u00e1n los &#8220;fondos l\u00edquidos decomisados y aquellos que constituyen el\nproducido de la venta de los bienes decomisados en procesos relacionados con el\ndelito de Trata y explotaci\u00f3n de personas y de lavado de activos provenientes\nde tales il\u00edcitos cuya sentencia se encuentre firme o, no encontr\u00e1ndose firme,\ncuando el juez de la causa autorice la venta&#8221;.<\/p>\n\n\n\n<p>Adem\u00e1s, dicta que el Poder Ejecutivo nacional implementar\u00e1\nun sitio de consulta p\u00fablica u gratuita en internet, a fin de dar publicidad a\nlos bienes que ingresen al Fondo, as\u00ed como tambi\u00e9n a todas las decisiones,\nauditorias e informes que se realicen en el marco de la presente ley.<\/p>\n","protected":false},"excerpt":{"rendered":"<p>En la quinta sesi\u00f3n del a\u00f1o, y con una r\u00e1pida votaci\u00f3n a mano alzada, la C\u00e1mara de Diputados otorg\u00f3 media sanci\u00f3n para la abogada Marisa Graham. Adem\u00e1s, el Congreso convirti\u00f3 en ley el Fondo para v\u00edctimas de Trata La C\u00e1mara de Diputados aprob\u00f3 la designaci\u00f3n de la abogada Marisa Graham como nueva Defensora de los Ni\u00f1os, Ni\u00f1as y Adolescentes. De este modo, los nombramientos de Graham y los defensores adjuntos electos Facundo Hern\u00e1ndez y Fabi\u00e1n Repetto por un per\u00edodo de cinco a\u00f1os, deben ser ratificados por el Senado, tras lo&#8230;<\/p>\n","protected":false},"author":3,"featured_media":47115,"comment_status":"closed","ping_status":"closed","sticky":false,"template":"","format":"standard","meta":[],"categories":[9],"tags":[],"_links":{"self":[{"href":"https:\/\/www.actualidadadiario.com\/index.php\/wp-json\/wp\/v2\/posts\/47114"}],"collection":[{"href":"https:\/\/www.actualidadadiario.com\/index.php\/wp-json\/wp\/v2\/posts"}],"about":[{"href":"https:\/\/www.actualidadadiario.com\/index.php\/wp-json\/wp\/v2\/types\/post"}],"author":[{"embeddable":true,"href":"https:\/\/www.actualidadadiario.com\/index.php\/wp-json\/wp\/v2\/users\/3"}],"replies":[{"embeddable":true,"href":"https:\/\/www.actualidadadiario.com\/index.php\/wp-json\/wp\/v2\/comments?post=47114"}],"version-history":[{"count":1,"href":"https:\/\/www.actualidadadiario.com\/index.php\/wp-json\/wp\/v2\/posts\/47114\/revisions"}],"predecessor-version":[{"id":47116,"href":"https:\/\/www.actualidadadiario.com\/index.php\/wp-json\/wp\/v2\/posts\/47114\/revisions\/47116"}],"wp:featuredmedia":[{"embeddable":true,"href":"https:\/\/www.actualidadadiario.com\/index.php\/wp-json\/wp\/v2\/media\/47115"}],"wp:attachment":[{"href":"https:\/\/www.actualidadadiario.com\/index.php\/wp-json\/wp\/v2\/media?parent=47114"}],"wp:term":[{"taxonomy":"category","embeddable":true,"href":"https:\/\/www.actualidadadiario.com\/index.php\/wp-json\/wp\/v2\/categories?post=47114"},{"taxonomy":"post_tag","embeddable":true,"href":"https:\/\/www.actualidadadiario.com\/index.php\/wp-json\/wp\/v2\/tags?post=47114"}],"curies":[{"name":"wp","href":"https:\/\/api.w.org\/{rel}","templated":true}]}}