{"id":47112,"date":"2019-06-27T10:50:43","date_gmt":"2019-06-27T13:50:43","guid":{"rendered":"https:\/\/www.actualidadadiario.com\/?p=47112"},"modified":"2019-06-27T10:50:43","modified_gmt":"2019-06-27T13:50:43","slug":"monzo-felicito-a-los-diputados-peronistas-que-le-ganaron-a-cambiemos","status":"publish","type":"post","link":"https:\/\/www.actualidadadiario.com\/index.php\/2019\/06\/27\/monzo-felicito-a-los-diputados-peronistas-que-le-ganaron-a-cambiemos\/","title":{"rendered":"Monz\u00f3 felicit\u00f3 a los diputados peronistas que le ganaron a Cambiemos"},"content":{"rendered":"\n<p><strong><em>El presidente de la C\u00e1mara empez\u00f3 la sesi\u00f3n conmemorando las victorias del PJ en La Pampa, Santa Fe y C\u00f3rdoba<\/em><\/strong><\/p>\n\n\n\n<p><\/p>\n\n\n\n<p><\/p>\n\n\n\n<p>&#8220;La presidencia aprovecha para felicitar al nuevo\ngobernador elegido por la provincia de La Pampa, Sergio Ziliotto&#8221;, abri\u00f3\nEmilo Monzo la sesi\u00f3n de este mi\u00e9rcoles, la \u00faltima antes de las primarias y la\nm\u00e1s corta en mucho tiempo. Duro solo tres horas. <\/p>\n\n\n\n<p>Pero los primeros minutos, por decisi\u00f3n de Monzo, fueron\npara debatir a diputados ganadores en sus provincias, todos peronistas.\nZiliotto celebr\u00f3 su victoria con la V en alto y le sigui\u00f3 el reconocimiento a\nAlejandra Rodenas, vice electa de Santa Fe y luego pas\u00f3 a la categor\u00eda de\nmunicipales: Mart\u00edn Llaryora (C\u00f3rdoba), Martin P\u00e9rez (R\u00edo Grande) y Mar\u00eda\nEmilia Soria (General Roca).<\/p>\n\n\n\n<p>Todos les ganaron a variantes locales de Cambiemos, pero\nMonz\u00f3 detuvo la sesi\u00f3n para aplaudirlos, sus compa\u00f1eros de bloque palmeaban\npero varios empezaron a preguntarse porqu\u00e9 ten\u00edan que homenajear a sus\nverdugos. <\/p>\n\n\n\n<p>El presidente de Diputados expuso su bronca con el cierre de\nlistas, donde no pudo ubicar a ninguno de los legisladores cercanos en la\nprovincia de Buenos Aires.<\/p>\n\n\n\n<p>La sesi\u00f3n sirvi\u00f3 para que asumiera Alejandra Caballero,\nquien completar\u00e1 el mandato de Anabella Hers Cabral, pese a no ser su sucesora\ninmediata. Lo era Jorge Garayalde, pero la nueva ley de paridad obliga a\nrespetar el g\u00e9nero en los reemplazos. <\/p>\n\n\n\n<p>Se aprob\u00f3 a mano alzada y con pol\u00e9mica la nueva defensora\ndel ni\u00f1o, la creaci\u00f3n de un fondo fiduciario para las v\u00edctimas de trata y se\nqued\u00f3 sin qu\u00f3rum cuando Cambiemos quiso aprobar el acuerdo de inversiones del\nMercosur y el kirchnerismo dej\u00f3 sus bancas vac\u00edas.<\/p>\n\n\n\n<p>Los oradores casi no se oyeron, por las conversaciones\npermanentes entre bancas para repasar ganadores y perdedores del cierre de\nlistas. Monz\u00f3 se fue r\u00e1pido. Ya hab\u00eda felicitado a sus amigos. <\/p>\n","protected":false},"excerpt":{"rendered":"<p>El presidente de la C\u00e1mara empez\u00f3 la sesi\u00f3n conmemorando las victorias del PJ en La Pampa, Santa Fe y C\u00f3rdoba &#8220;La presidencia aprovecha para felicitar al nuevo gobernador elegido por la provincia de La Pampa, Sergio Ziliotto&#8221;, abri\u00f3 Emilo Monzo la sesi\u00f3n de este mi\u00e9rcoles, la \u00faltima antes de las primarias y la m\u00e1s corta en mucho tiempo. Duro solo tres horas. Pero los primeros minutos, por decisi\u00f3n de Monzo, fueron para debatir a diputados ganadores en sus provincias, todos peronistas. Ziliotto celebr\u00f3 su victoria con la V en alto&#8230;<\/p>\n","protected":false},"author":3,"featured_media":26380,"comment_status":"closed","ping_status":"closed","sticky":false,"template":"","format":"standard","meta":[],"categories":[18],"tags":[],"_links":{"self":[{"href":"https:\/\/www.actualidadadiario.com\/index.php\/wp-json\/wp\/v2\/posts\/47112"}],"collection":[{"href":"https:\/\/www.actualidadadiario.com\/index.php\/wp-json\/wp\/v2\/posts"}],"about":[{"href":"https:\/\/www.actualidadadiario.com\/index.php\/wp-json\/wp\/v2\/types\/post"}],"author":[{"embeddable":true,"href":"https:\/\/www.actualidadadiario.com\/index.php\/wp-json\/wp\/v2\/users\/3"}],"replies":[{"embeddable":true,"href":"https:\/\/www.actualidadadiario.com\/index.php\/wp-json\/wp\/v2\/comments?post=47112"}],"version-history":[{"count":1,"href":"https:\/\/www.actualidadadiario.com\/index.php\/wp-json\/wp\/v2\/posts\/47112\/revisions"}],"predecessor-version":[{"id":47113,"href":"https:\/\/www.actualidadadiario.com\/index.php\/wp-json\/wp\/v2\/posts\/47112\/revisions\/47113"}],"wp:featuredmedia":[{"embeddable":true,"href":"https:\/\/www.actualidadadiario.com\/index.php\/wp-json\/wp\/v2\/media\/26380"}],"wp:attachment":[{"href":"https:\/\/www.actualidadadiario.com\/index.php\/wp-json\/wp\/v2\/media?parent=47112"}],"wp:term":[{"taxonomy":"category","embeddable":true,"href":"https:\/\/www.actualidadadiario.com\/index.php\/wp-json\/wp\/v2\/categories?post=47112"},{"taxonomy":"post_tag","embeddable":true,"href":"https:\/\/www.actualidadadiario.com\/index.php\/wp-json\/wp\/v2\/tags?post=47112"}],"curies":[{"name":"wp","href":"https:\/\/api.w.org\/{rel}","templated":true}]}}