{"id":47110,"date":"2019-06-27T10:49:25","date_gmt":"2019-06-27T13:49:25","guid":{"rendered":"https:\/\/www.actualidadadiario.com\/?p=47110"},"modified":"2019-06-27T10:49:25","modified_gmt":"2019-06-27T13:49:25","slug":"determinan-la-distribucion-del-impuesto-al-consumo-electrico","status":"publish","type":"post","link":"https:\/\/www.actualidadadiario.com\/index.php\/2019\/06\/27\/determinan-la-distribucion-del-impuesto-al-consumo-electrico\/","title":{"rendered":"Determinan la distribuci\u00f3n del impuesto al consumo el\u00e9ctrico"},"content":{"rendered":"\n<p><strong><em>Desde la Secretar\u00eda de Gobierno de Energ\u00eda, el Gobierno estableci\u00f3 la distribuci\u00f3n del impuesto al consumo el\u00e9ctrico. La medida fue oficializada este jueves en el Bolet\u00edn Oficial, mediante la resoluci\u00f3n 355\/2019, que cuenta con la firma del secretario de Gobierno a cargo del sector, Gustavo Lopetegui<\/em><\/strong><\/p>\n\n\n\n<p><\/p>\n\n\n\n<p><\/p>\n\n\n\n<p>De esta manera, determinaron que la suma equivalente al\n19,86% de la recaudaci\u00f3n total del Fondo Nacional de Energ\u00eda El\u00e9ctrica (FNEE)\nser\u00e1 destinada al Fondo Fiduciario para el Transporte El\u00e9ctrico Federal\nestablecido por la resoluci\u00f3n 657 del 3 de diciembre de 1999 de la ex\nSecretar\u00eda de Energ\u00eda del ex Ministerio de Econom\u00eda y Obras y Servicios\nP\u00fablicos, convalidada por el art\u00edculo 74 de la ley 25.401.<\/p>\n\n\n\n<p>As\u00ed, la normativa manifiesta que el monto resultante de\naplicar el 80,14% sobre la recaudaci\u00f3n total del FNEE se destinar\u00e1 al Fondo\nSubsidiario para Compensaciones Regionales de Tarifas a Usuarios Finales (FCT)\ny al Fondo para Desarrollo El\u00e9ctrico del Interior (FEDEI), distribuy\u00e9ndose el\nmencionado monto en la proporci\u00f3n establecida en el art\u00edculo 70 de la ley\n24.065.<\/p>\n\n\n\n<p>La ley 15.336 cre\u00f3 el Fondo Nacional de la Energ\u00eda El\u00e9ctrica\n(FNEE) con la finalidad de contribuir a la financiaci\u00f3n de los planes de\nelectrificaci\u00f3n, constituido por un recargo sobre las tarifas que paguen los\ncompradores del mercado mayorista, es decir las empresas distribuidoras y los\ngrandes usuarios, como asimismo por los reembolsos m\u00e1s sus intereses de los\npr\u00e9stamos que se hagan con los recursos del Fondo.<\/p>\n\n\n\n<p>En este contexto, para determinar el recargo correspondiente\nse aplicar\u00e1 un coeficiente de adecuaci\u00f3n trimestral (CAT) referido a los\nper\u00edodos estacionales. Este monto resultar\u00e1 de considerar la facturaci\u00f3n neta\nque efect\u00faan los generadores por los contratos a t\u00e9rmino y spot en el Mercado\nEl\u00e9ctrico Mayorista (MEM) correspondientes al trimestre inmediato anterior al\nde liquidaci\u00f3n, dividido el total de la energ\u00eda megavatio hora involucrada en\nesa facturaci\u00f3n, y su comparaci\u00f3n con el mismo cociente correspondiente al\ntrimestre mayo\/julio 2003 que se tomar\u00e1 como base.<\/p>\n\n\n\n<p>Asimismo, mediante la normativa vigente se estableci\u00f3 que el\n60% del FNEE ser\u00e1 destinado a la creaci\u00f3n del Fondo Subsidiario para\nCompensaciones Regionales de Tarifas a Usuarios Finales (FCT), distribuy\u00e9ndose\n\u00e9ste entre las jurisdicciones provinciales que hayan adherido a los principios\ntarifarios contenidos en la mencionada ley, y el 40% restante para alimentar el\nFondo para el Desarrollo El\u00e9ctrico del Interior (FEDEI), el que ser\u00e1\ndistribuido en funci\u00f3n a los \u00edndices repartidores vigentes o a los que el CFEE\ndetermine en el futuro.<\/p>\n\n\n\n<p>En este sentido, la medida explica que mediante la\nresoluci\u00f3n 657 del 3 de diciembre de 1999 de la ex Secretar\u00eda de Energ\u00eda del ex\nMinisterio de Econom\u00eda y Obras y Servicios P\u00fablicos, se constituy\u00f3 el Fondo\nFiduciario para el Transporte El\u00e9ctrico Federal (FFTEF), cuyo destino es\nparticipar en el financiamiento de las obras que se identifiquen como una\nampliaci\u00f3n del sistema de transporte de energ\u00eda el\u00e9ctrica en alta tensi\u00f3n\ndestinada al abastecimiento de la demanda o a la interconexi\u00f3n de regiones\nel\u00e9ctricas para mejora de calidad y\/o seguridad de la demanda.<\/p>\n\n\n\n<p>As\u00ed las cosas, desde Energ\u00eda se\u00f1alan que \u201ccorresponde\nestablecer que el 0,7% sobre la recaudaci\u00f3n total del FNEE se destinar\u00e1 al FCT\ny al FEDEI, distribuyendo el mencionado monto en la proporci\u00f3n establecida en\nel art\u00edculo 70 de la ley 24.065\u2033. En tanto, desde el 27 de diciembre de 2018 se\nactualiz\u00f3 el valor del gravamen a 80 $\/MWh.<\/p>\n","protected":false},"excerpt":{"rendered":"<p>Desde la Secretar\u00eda de Gobierno de Energ\u00eda, el Gobierno estableci\u00f3 la distribuci\u00f3n del impuesto al consumo el\u00e9ctrico. La medida fue oficializada este jueves en el Bolet\u00edn Oficial, mediante la resoluci\u00f3n 355\/2019, que cuenta con la firma del secretario de Gobierno a cargo del sector, Gustavo Lopetegui De esta manera, determinaron que la suma equivalente al 19,86% de la recaudaci\u00f3n total del Fondo Nacional de Energ\u00eda El\u00e9ctrica (FNEE) ser\u00e1 destinada al Fondo Fiduciario para el Transporte El\u00e9ctrico Federal establecido por la resoluci\u00f3n 657 del 3 de diciembre de 1999 de la&#8230;<\/p>\n","protected":false},"author":3,"featured_media":15636,"comment_status":"closed","ping_status":"closed","sticky":false,"template":"","format":"standard","meta":[],"categories":[2],"tags":[],"_links":{"self":[{"href":"https:\/\/www.actualidadadiario.com\/index.php\/wp-json\/wp\/v2\/posts\/47110"}],"collection":[{"href":"https:\/\/www.actualidadadiario.com\/index.php\/wp-json\/wp\/v2\/posts"}],"about":[{"href":"https:\/\/www.actualidadadiario.com\/index.php\/wp-json\/wp\/v2\/types\/post"}],"author":[{"embeddable":true,"href":"https:\/\/www.actualidadadiario.com\/index.php\/wp-json\/wp\/v2\/users\/3"}],"replies":[{"embeddable":true,"href":"https:\/\/www.actualidadadiario.com\/index.php\/wp-json\/wp\/v2\/comments?post=47110"}],"version-history":[{"count":1,"href":"https:\/\/www.actualidadadiario.com\/index.php\/wp-json\/wp\/v2\/posts\/47110\/revisions"}],"predecessor-version":[{"id":47111,"href":"https:\/\/www.actualidadadiario.com\/index.php\/wp-json\/wp\/v2\/posts\/47110\/revisions\/47111"}],"wp:featuredmedia":[{"embeddable":true,"href":"https:\/\/www.actualidadadiario.com\/index.php\/wp-json\/wp\/v2\/media\/15636"}],"wp:attachment":[{"href":"https:\/\/www.actualidadadiario.com\/index.php\/wp-json\/wp\/v2\/media?parent=47110"}],"wp:term":[{"taxonomy":"category","embeddable":true,"href":"https:\/\/www.actualidadadiario.com\/index.php\/wp-json\/wp\/v2\/categories?post=47110"},{"taxonomy":"post_tag","embeddable":true,"href":"https:\/\/www.actualidadadiario.com\/index.php\/wp-json\/wp\/v2\/tags?post=47110"}],"curies":[{"name":"wp","href":"https:\/\/api.w.org\/{rel}","templated":true}]}}