{"id":47096,"date":"2019-06-27T10:46:01","date_gmt":"2019-06-27T13:46:01","guid":{"rendered":"https:\/\/www.actualidadadiario.com\/?p=47096"},"modified":"2019-06-27T10:46:01","modified_gmt":"2019-06-27T13:46:01","slug":"se-acelero-la-caida-del-empleo-de-calidad-en-abril-y-el-salario-real-se-hundio-10","status":"publish","type":"post","link":"https:\/\/www.actualidadadiario.com\/index.php\/2019\/06\/27\/se-acelero-la-caida-del-empleo-de-calidad-en-abril-y-el-salario-real-se-hundio-10\/","title":{"rendered":"Se aceler\u00f3 la ca\u00edda del empleo de calidad en abril y el salario real se hundi\u00f3 10%"},"content":{"rendered":"\n<p><strong><em>El trabajo registrado cay\u00f3 1,7% interanual en abril, lo que signific\u00f3 la p\u00e9rdida de 204.000 puestos. La fuerte ca\u00edda aminor\u00f3 su ritmo, lo que entusiasm\u00f3 a los funcionario del Ministerio de Producci\u00f3n, que sugirieron ayer -durante la presentaci\u00f3n los datos del SIPA- que el declive laboral podr\u00eda haber encontrado un piso. Pero lo cierto es que mientras hubo un leve rebote del empleo p\u00fablico y monotributista, la cantidad de asalariados del sector privado aceler\u00f3 su ca\u00edda. Se profundiza la tendencia a la precarizaci\u00f3n<\/em><\/strong><\/p>\n\n\n\n<p><\/p>\n\n\n\n<p><\/p>\n\n\n\n<p>Con una econom\u00eda que en abril tuvo un leve repunte,\ntraccionado exclusivamente por el agro pero sin derrame al resto de los\nsectores (ver p\u00e1gina 7), la sangr\u00eda de puestos de calidad se agudiz\u00f3. Durante\nese mes se destruyeron 10.800 empleos privados en relaci\u00f3n de dependencia. Es\ndecir, hubo una ca\u00edda mensual desestacionalizada del 0,2%. En un a\u00f1o, 141.000\nasalariados quedaron en la calle y el derrumbe lleg\u00f3 al 2,2%.<\/p>\n\n\n\n<p>A tono con la crisis sectorial, potenciada por la\ndevaluaci\u00f3n y el ajuste monetario con tasas por las nubes, la industria sigui\u00f3\nexpulsando trabajadores: 8.900 s\u00f3lo en abril, 64.200 en los \u00faltimos doce meses\ny 136.000 en lo que va del mandato de Mauricio Macri. El comercio y las\nactividades empresariales tambi\u00e9n aceleraron la p\u00e9rdida de empleo: 9.700 y\n12.700 en el mes.<\/p>\n\n\n\n<p>En simult\u00e1neo, el salario real del sector privado se\ndesplom\u00f3 9,9% a tono con un cierre de paritarias demorado y luego de la\naceleraci\u00f3n inflacionaria de comienzo de a\u00f1o.<\/p>\n\n\n\n<p>El deterioro del empleo privado de calidad fue compensado\nparcialmente por un rebote del 0,4% mensual sin estacionalidad en el empleo\np\u00fablico, probablemente impulsado por el proceso electoral en Naci\u00f3n, provincias\ny municipios. Tambi\u00e9n repunt\u00f3 la cantidad de monotributistas (0,1% mensual) y\nel trabajo dom\u00e9stico (0,4%). Con todo, la cantidad de trabajadores formales\ntuvo su octava ca\u00edda interanual consecutiva.<\/p>\n\n\n\n<p>Tambi\u00e9n hubo una recuperaci\u00f3n de las expectativas\nempresariales de contrataci\u00f3n que, despu\u00e9s de seis meses seguidos en terreno\nnegativo, se ubicaron en apenas 1,7%, por debajo de la banda de &#8220;estabilidad\nlaboral&#8221;, ubicada entre 3% y 6%.<\/p>\n","protected":false},"excerpt":{"rendered":"<p>El trabajo registrado cay\u00f3 1,7% interanual en abril, lo que signific\u00f3 la p\u00e9rdida de 204.000 puestos. La fuerte ca\u00edda aminor\u00f3 su ritmo, lo que entusiasm\u00f3 a los funcionario del Ministerio de Producci\u00f3n, que sugirieron ayer -durante la presentaci\u00f3n los datos del SIPA- que el declive laboral podr\u00eda haber encontrado un piso. Pero lo cierto es que mientras hubo un leve rebote del empleo p\u00fablico y monotributista, la cantidad de asalariados del sector privado aceler\u00f3 su ca\u00edda. Se profundiza la tendencia a la precarizaci\u00f3n Con una econom\u00eda que en abril tuvo&#8230;<\/p>\n","protected":false},"author":3,"featured_media":47097,"comment_status":"closed","ping_status":"closed","sticky":false,"template":"","format":"standard","meta":[],"categories":[2],"tags":[],"_links":{"self":[{"href":"https:\/\/www.actualidadadiario.com\/index.php\/wp-json\/wp\/v2\/posts\/47096"}],"collection":[{"href":"https:\/\/www.actualidadadiario.com\/index.php\/wp-json\/wp\/v2\/posts"}],"about":[{"href":"https:\/\/www.actualidadadiario.com\/index.php\/wp-json\/wp\/v2\/types\/post"}],"author":[{"embeddable":true,"href":"https:\/\/www.actualidadadiario.com\/index.php\/wp-json\/wp\/v2\/users\/3"}],"replies":[{"embeddable":true,"href":"https:\/\/www.actualidadadiario.com\/index.php\/wp-json\/wp\/v2\/comments?post=47096"}],"version-history":[{"count":1,"href":"https:\/\/www.actualidadadiario.com\/index.php\/wp-json\/wp\/v2\/posts\/47096\/revisions"}],"predecessor-version":[{"id":47098,"href":"https:\/\/www.actualidadadiario.com\/index.php\/wp-json\/wp\/v2\/posts\/47096\/revisions\/47098"}],"wp:featuredmedia":[{"embeddable":true,"href":"https:\/\/www.actualidadadiario.com\/index.php\/wp-json\/wp\/v2\/media\/47097"}],"wp:attachment":[{"href":"https:\/\/www.actualidadadiario.com\/index.php\/wp-json\/wp\/v2\/media?parent=47096"}],"wp:term":[{"taxonomy":"category","embeddable":true,"href":"https:\/\/www.actualidadadiario.com\/index.php\/wp-json\/wp\/v2\/categories?post=47096"},{"taxonomy":"post_tag","embeddable":true,"href":"https:\/\/www.actualidadadiario.com\/index.php\/wp-json\/wp\/v2\/tags?post=47096"}],"curies":[{"name":"wp","href":"https:\/\/api.w.org\/{rel}","templated":true}]}}