{"id":47093,"date":"2019-06-27T10:45:23","date_gmt":"2019-06-27T13:45:23","guid":{"rendered":"https:\/\/www.actualidadadiario.com\/?p=47093"},"modified":"2019-06-27T10:45:23","modified_gmt":"2019-06-27T13:45:23","slug":"supermercados-alertan-por-fuerte-caida-de-ventas-en-junio","status":"publish","type":"post","link":"https:\/\/www.actualidadadiario.com\/index.php\/2019\/06\/27\/supermercados-alertan-por-fuerte-caida-de-ventas-en-junio\/","title":{"rendered":"Supermercados alertan por fuerte ca\u00edda de ventas en junio"},"content":{"rendered":"\n<p><strong><em>La ca\u00edda del consumo empeora en junio. Los n\u00fameros de mayo indicaron que la canasta de consumo masivo cay\u00f3 un 6% interanual, acumulando una baja del 8% en los primeros meses del a\u00f1o. Pero desde el sector supermercadista y mayorista hacen un balance de junio y advierten que la ca\u00edda es muy fuerte, peor que en los \u00faltimos meses<\/em><\/strong><\/p>\n\n\n\n<p><\/p>\n\n\n\n<p><\/p>\n\n\n\n<p>V\u00edctor Fera, due\u00f1o de la cadena mayorista Maxi consumo, est\u00e1\npreocupado y advirti\u00f3 que es &#8220;muy triste&#8221; lo que est\u00e1 pasando:\n&#8220;Contra el mes pasado, las ventas de junio vienen entre un 12% y un 13%\npor debajo. Si la comparaci\u00f3n es contra el mismo mes del a\u00f1o pasado, en junio\nhabr\u00e1 una ca\u00edda en bultos, no hablo de facturaci\u00f3n, de no menos del 15%&#8221;.<\/p>\n\n\n\n<p>&#8220;A la gente le alcanza cada vez menos la plata, los\nprimeros cinco o seis d\u00edas del mes las ventas son extraordinarias y despu\u00e9s se\ndesploman. Las alacenas y las heladeras de la gente est\u00e1n vac\u00edas. Cuando la\ngente cobra sale desesperada a comprar alimentos. La mercader\u00eda subi\u00f3 por\nencima de los sueldos un 30%, no les alcanza. Se usa cada vez m\u00e1s la tarjeta\npara pagar alimentos en cuotas&#8221;, se\u00f1al\u00f3 Fera a Radio Mitre.<\/p>\n\n\n\n<p>La consultora Kantar explica que las primeras marcas se\nredujeron un 13% en mayo, mientras las segundas marcas crecieron un 6%, y un 2%\nlas terceras marcas. Una encuesta de DAlessio\/Irol para Claves detall\u00f3 que 8 de\ncada 10 consumidores se pasaron a segundas marcas y las utilizan en el 20 a 60%\nde sus categor\u00edas de compras. Por algo el sector supermercadista ya desarroll\u00f3\nm\u00e1s de 400 productos de marca propia.<\/p>\n\n\n\n<p>Kantar alerta: &#8220;Todos los hogares resignan, m\u00e1s all\u00e1 de\nsu poder adquisitivo y realidad. De todas formas la contracci\u00f3n en la base de\nla pir\u00e1mide duplica a la de la cima&#8221;. Mientras crece el arroz, la polenta\ny las pastas secas, caen varias categor\u00edas no solo e alimentos, tambi\u00e9n de\ninfusiones, bebidas, cuidado personal y cuidado de la casa. Las bajas m\u00e1s\ncontundentes se ven en l\u00e1cteos y congelados.<\/p>\n\n\n\n<p>Desde Maxi consumo, Fera ejemplific\u00f3: &#8220;Bebidas cay\u00f3\nmuch\u00edsimo, mucho m\u00e1s del 20% que dicen. Hoy los duraznos en alm\u00edbar se\nconvirtieron en un producto suntuario y cayeron hasta un 25%. No cayeron las\ncategor\u00edas fideos, arroz, aceite y harina porque la gente se pas\u00f3 a esas\ncategor\u00edas para poder comer. Es muy triste&#8221;.<\/p>\n\n\n\n<p>Desde una cadena de supermercados de talla internacional,\nuno de sus gerentes explic\u00f3: &#8220;Vemos que hay productos que la gente est\u00e1\ndejando de comprar como shampoo y lo reemplaza por jab\u00f3n blanco. Lo mismo pasa\ncon productos de limpieza que muchos son reemplazados por vinagre a la hora de\nlimpiar y desinfectar&#8221;. No hay se\u00f1ales de una pronta recuperaci\u00f3n, al\ncontrario, en algunas categor\u00edas no se reduce el consumo, se lo elimina\ndirectamente.<\/p>\n","protected":false},"excerpt":{"rendered":"<p>La ca\u00edda del consumo empeora en junio. Los n\u00fameros de mayo indicaron que la canasta de consumo masivo cay\u00f3 un 6% interanual, acumulando una baja del 8% en los primeros meses del a\u00f1o. Pero desde el sector supermercadista y mayorista hacen un balance de junio y advierten que la ca\u00edda es muy fuerte, peor que en los \u00faltimos meses V\u00edctor Fera, due\u00f1o de la cadena mayorista Maxi consumo, est\u00e1 preocupado y advirti\u00f3 que es &#8220;muy triste&#8221; lo que est\u00e1 pasando: &#8220;Contra el mes pasado, las ventas de junio vienen entre&#8230;<\/p>\n","protected":false},"author":3,"featured_media":47094,"comment_status":"closed","ping_status":"closed","sticky":false,"template":"","format":"standard","meta":[],"categories":[2],"tags":[],"_links":{"self":[{"href":"https:\/\/www.actualidadadiario.com\/index.php\/wp-json\/wp\/v2\/posts\/47093"}],"collection":[{"href":"https:\/\/www.actualidadadiario.com\/index.php\/wp-json\/wp\/v2\/posts"}],"about":[{"href":"https:\/\/www.actualidadadiario.com\/index.php\/wp-json\/wp\/v2\/types\/post"}],"author":[{"embeddable":true,"href":"https:\/\/www.actualidadadiario.com\/index.php\/wp-json\/wp\/v2\/users\/3"}],"replies":[{"embeddable":true,"href":"https:\/\/www.actualidadadiario.com\/index.php\/wp-json\/wp\/v2\/comments?post=47093"}],"version-history":[{"count":1,"href":"https:\/\/www.actualidadadiario.com\/index.php\/wp-json\/wp\/v2\/posts\/47093\/revisions"}],"predecessor-version":[{"id":47095,"href":"https:\/\/www.actualidadadiario.com\/index.php\/wp-json\/wp\/v2\/posts\/47093\/revisions\/47095"}],"wp:featuredmedia":[{"embeddable":true,"href":"https:\/\/www.actualidadadiario.com\/index.php\/wp-json\/wp\/v2\/media\/47094"}],"wp:attachment":[{"href":"https:\/\/www.actualidadadiario.com\/index.php\/wp-json\/wp\/v2\/media?parent=47093"}],"wp:term":[{"taxonomy":"category","embeddable":true,"href":"https:\/\/www.actualidadadiario.com\/index.php\/wp-json\/wp\/v2\/categories?post=47093"},{"taxonomy":"post_tag","embeddable":true,"href":"https:\/\/www.actualidadadiario.com\/index.php\/wp-json\/wp\/v2\/tags?post=47093"}],"curies":[{"name":"wp","href":"https:\/\/api.w.org\/{rel}","templated":true}]}}