{"id":4709,"date":"2016-11-17T10:05:03","date_gmt":"2016-11-17T13:05:03","guid":{"rendered":"http:\/\/actualidadadiario.com\/site\/?p=4709"},"modified":"2016-11-17T10:05:03","modified_gmt":"2016-11-17T13:05:03","slug":"financiamiento-internacional-para-obras-de-estabilizacion-de-barrancas-y-plantas-de-tratamiento-cloacal","status":"publish","type":"post","link":"https:\/\/www.actualidadadiario.com\/index.php\/2016\/11\/17\/financiamiento-internacional-para-obras-de-estabilizacion-de-barrancas-y-plantas-de-tratamiento-cloacal\/","title":{"rendered":"Financiamiento internacional para obras de estabilizaci\u00f3n de barrancas y plantas de tratamiento cloacal"},"content":{"rendered":"<p><em><strong>El gobierno entrerriano present\u00f3 en la Conferencia sobre Cambio Clim\u00e1tico (COP22), que se realiza en Marruecos, la estrategia de la provincia frente al cambio clim\u00e1tico. Gustavo Bordet, acompa\u00f1ado por la secretaria de Ambiente, Bel\u00e9n Esteves, se reuni\u00f3 con el vicepresidente del Banco de Desarrollo de Am\u00e9rica Latina (CAF), Luis Enrique Berrizbeitia, para gestionar financiamiento de obras p\u00fablicas para la adaptaci\u00f3n al cambio clim\u00e1tico y la mitigaci\u00f3n de riesgos como son los sostenimientos de barrancas y plantas de tratamiento<\/strong><\/em><\/p>\n<p>&nbsp;<\/p>\n<p>&nbsp;<\/p>\n<p>&nbsp;<\/p>\n<p>&nbsp;<\/p>\n<p>&nbsp;<\/p>\n<p>CAF es un banco de desarrollo constituido en 1970 y conformado por 19 pa\u00edses &#8211; 17 de Am\u00e9rica Latina y el Caribe, Espa\u00f1a y Portugal- y 13 bancos privados de la regi\u00f3n. Promueve un modelo de desarrollo sostenible, mediante operaciones de cr\u00e9dito, recursos no reembolsables y apoyo en la estructuraci\u00f3n t\u00e9cnica y financiera de proyectos de los sectores p\u00fablico y privado de Am\u00e9rica Latina.<\/p>\n<p>&nbsp;<\/p>\n<p>&#8220;El cambio clim\u00e1tico ya est\u00e1 instalado, lo que tenemos que hacer es tomar medidas y realizar gestiones para reducir los riesgos frente a determinada situaci\u00f3n de vulnerabilidad&#8221;, afirm\u00f3 Bordet y agreg\u00f3 que \u201cpor primera vez, la provincia de Entre R\u00edos dise\u00f1\u00f3 una estrategia de desarrollo bajo en carbono y resiliente al cambio clim\u00e1tico que consiste en la integraci\u00f3n de las cuestiones ambientales en los planes y estrategias de desarrollo; potenciando alianzas p\u00fablico privadas eficaces, locales e internacionales\u201d.<\/p>\n<p>&nbsp;<\/p>\n<p>El plan provincial prev\u00e9 tambi\u00e9n la participaci\u00f3n de la sociedad civil, la implementaci\u00f3n de programas para apoyar el desarrollo sostenible bajo en carbono y la capacidad de resiliencia de las \u00e1reas m\u00e1s vulnerables del territorio provincial; y preparaci\u00f3n de planes de mitigaci\u00f3n y de adaptaci\u00f3n.<\/p>\n<p>&nbsp;<\/p>\n<p>Con ese objetivo, Bordet y Esteves mantuvieron una reuni\u00f3n con el vicepresidente del Banco de Desarrollo de Am\u00e9rica Latina (CAF), Luis Enrique Berrizbeitia, con qui\u00e9n dialogaron sobre el financiamiento para obras p\u00fablicas para adaptaci\u00f3n al cambio clim\u00e1tico como son los sostenimientos de barrancas, principalmente para la zona de La Paz- Santa Elena que se vieron muy afectadas por las \u00faltimas inundaciones.<\/p>\n<p>&nbsp;<\/p>\n<p>La provincia propuso adem\u00e1s la creaci\u00f3n de un fondo clim\u00e1tico para financiar las actividades de los sectores privados, tanto rurales como industriales, para la adaptaci\u00f3n y mitigaci\u00f3n de emisiones de gases de efectos invernadero. &#8220;Se trata de una reconversi\u00f3n industrial para mitigar las contribuciones al cambio clim\u00e1tico y evitar contaminaci\u00f3n&#8221;, precis\u00f3 Esteves.<\/p>\n<p>&nbsp;<\/p>\n<p>La vig\u00e9simo segunda reuni\u00f3n (COP 22) de la Convenci\u00f3n de Cambio Clim\u00e1tico es importante ya que luego del Acuerdo de Par\u00eds, firmado el a\u00f1o pasado (COP 21), definir\u00e1 que los estados pasen a la acci\u00f3n, por eso Entre R\u00edos llev\u00f3 su estrategia provincial de cambio clim\u00e1tico, que es transversal, \u201cya que el gobernador nos pide el trabajo sin\u00e9rgico entre todos los Ministerios para mitigar los efectos clim\u00e1ticos y avanzar en acciones de adaptaci\u00f3n, porque el cambio clim\u00e1tico es hoy una realidad innegable, que sin hacer estamentos apocal\u00edpticos, nos obliga a redoblar los esfuerzos, junto a todos los sectores de la sociedad. Todos somos responsables del cuidado de la casa com\u00fan, y tenemos la obligaci\u00f3n de dejar un lugar mejor para las generaciones futuras\u201d, expres\u00f3 Esteves.<\/p>\n","protected":false},"excerpt":{"rendered":"<p>El gobierno entrerriano present\u00f3 en la Conferencia sobre Cambio Clim\u00e1tico (COP22), que se realiza en Marruecos, la estrategia de la provincia frente al cambio clim\u00e1tico. Gustavo Bordet, acompa\u00f1ado por la secretaria de Ambiente, Bel\u00e9n Esteves, se reuni\u00f3 con el vicepresidente del Banco de Desarrollo de Am\u00e9rica Latina (CAF), Luis Enrique Berrizbeitia, para gestionar financiamiento de obras p\u00fablicas para la adaptaci\u00f3n al cambio clim\u00e1tico y la mitigaci\u00f3n de riesgos como son los sostenimientos de barrancas y plantas de tratamiento &nbsp; &nbsp; &nbsp; &nbsp; &nbsp; CAF es un banco de desarrollo constituido&#8230;<\/p>\n","protected":false},"author":3,"featured_media":4710,"comment_status":"closed","ping_status":"closed","sticky":false,"template":"","format":"standard","meta":[],"categories":[9],"tags":[],"_links":{"self":[{"href":"https:\/\/www.actualidadadiario.com\/index.php\/wp-json\/wp\/v2\/posts\/4709"}],"collection":[{"href":"https:\/\/www.actualidadadiario.com\/index.php\/wp-json\/wp\/v2\/posts"}],"about":[{"href":"https:\/\/www.actualidadadiario.com\/index.php\/wp-json\/wp\/v2\/types\/post"}],"author":[{"embeddable":true,"href":"https:\/\/www.actualidadadiario.com\/index.php\/wp-json\/wp\/v2\/users\/3"}],"replies":[{"embeddable":true,"href":"https:\/\/www.actualidadadiario.com\/index.php\/wp-json\/wp\/v2\/comments?post=4709"}],"version-history":[{"count":1,"href":"https:\/\/www.actualidadadiario.com\/index.php\/wp-json\/wp\/v2\/posts\/4709\/revisions"}],"predecessor-version":[{"id":4711,"href":"https:\/\/www.actualidadadiario.com\/index.php\/wp-json\/wp\/v2\/posts\/4709\/revisions\/4711"}],"wp:featuredmedia":[{"embeddable":true,"href":"https:\/\/www.actualidadadiario.com\/index.php\/wp-json\/wp\/v2\/media\/4710"}],"wp:attachment":[{"href":"https:\/\/www.actualidadadiario.com\/index.php\/wp-json\/wp\/v2\/media?parent=4709"}],"wp:term":[{"taxonomy":"category","embeddable":true,"href":"https:\/\/www.actualidadadiario.com\/index.php\/wp-json\/wp\/v2\/categories?post=4709"},{"taxonomy":"post_tag","embeddable":true,"href":"https:\/\/www.actualidadadiario.com\/index.php\/wp-json\/wp\/v2\/tags?post=4709"}],"curies":[{"name":"wp","href":"https:\/\/api.w.org\/{rel}","templated":true}]}}