{"id":47085,"date":"2019-06-27T10:43:06","date_gmt":"2019-06-27T13:43:06","guid":{"rendered":"https:\/\/www.actualidadadiario.com\/?p=47085"},"modified":"2019-06-27T10:43:06","modified_gmt":"2019-06-27T13:43:06","slug":"el-senado-aprobo-cambios-en-la-ley-de-procedimientos-constitucionales-y-la-creacion-de-cargos-penitenciarios","status":"publish","type":"post","link":"https:\/\/www.actualidadadiario.com\/index.php\/2019\/06\/27\/el-senado-aprobo-cambios-en-la-ley-de-procedimientos-constitucionales-y-la-creacion-de-cargos-penitenciarios\/","title":{"rendered":"El Senado aprob\u00f3 cambios en la Ley de Procedimientos Constitucionales y  la creaci\u00f3n de cargos penitenciarios"},"content":{"rendered":"\n<p><strong><em>Tal como estaba previsto, sesion\u00f3 este mi\u00e9rcoles la C\u00e1mara de Senadores de la Provincia. Obtuvo media sanci\u00f3n el proyecto que impulsa el Poder Ejecutivo para introducir cambios en la Ley de Procedimientos Constitucionales. Adem\u00e1s se sancion\u00f3 la creaci\u00f3n de 50 cargos para el Servicio Penitenciario Provincial<\/em><\/strong><\/p>\n\n\n\n<p><\/p>\n\n\n\n<p><\/p>\n\n\n\n<p>Presidida por el vicepresidente primero del Cuerpo, Aldo\nBallestena, se desarroll\u00f3 este mi\u00e9rcoles una nueva sesi\u00f3n de la C\u00e1mara de\nSenadores.<\/p>\n\n\n\n<p>Los senadores dieron tratamiento, con despacho de comisi\u00f3n\nal proyecto de ley del Poder Ejecutivo que modifica los art\u00edculos 1\u00b0, 5 bis,\napartado B, 11, 15, 16 35, 51, y el cap\u00edtulo V de la Ley N\u00b0 8369.<\/p>\n\n\n\n<p>El texto determina que \u201clas personas humanas o jur\u00eddicas tendr\u00e1n\nacci\u00f3n de amparo contra toda decisi\u00f3n, acto, hecho u omisi\u00f3n de autoridad\nadministrativa, judicial o legislativa en ejercicio de funciones\nadministrativas, funcionario, corporaci\u00f3n o empleado p\u00fablico provincial,\nmunicipal o comunal, o de un particular, que en forma actual o inminente,\namenace, restrinja, altere, impida o lesione de manera manifiestamente\nileg\u00edtima el ejercicio de un derecho o garant\u00eda impl\u00edcito o expl\u00edcito\nreconocido por la Constituci\u00f3n Nacional o Provincial, con excepci\u00f3n de la libertad\nindividual tutelada por el Habeas Corpus\u201d.<\/p>\n\n\n\n<p>\u201cSi el titular del derecho lesionado estuviere\nimposibilitado de ejercer la acci\u00f3n, podr\u00e1 deducirla en su nombre un tercero\u201d,\nse agrega.<\/p>\n\n\n\n<p><strong>Fundamentos<\/strong><\/p>\n\n\n\n<p>Fue el senador Lucas Larrarte, miembro informante, el que\nrecord\u00f3 que la actual normativa tiene ya 30 a\u00f1os, tiempo durante el que se\nsucedieron las reformas de las constituciones de la provincia y de la\nArgentina, con la introducci\u00f3n de cambios que motivan claramente la necesidad\nde cambiar la ley vigente.<\/p>\n\n\n\n<p>A\u00f1adi\u00f3 que tambi\u00e9n se modifica la org\u00e1nica de tribunales.<\/p>\n\n\n\n<p>Despu\u00e9s explic\u00f3 que se incorporan normas sobre el\nprocedimiento de amparo, y se incorporan cuestiones sobre la acci\u00f3n de\ninconstitucionalidad. \u201cSe cambia la forma de hacer este reclamo\u201d, indic\u00f3.<\/p>\n\n\n\n<p>Tambi\u00e9n se modifica la intervenci\u00f3n del Superior Tribunal de\nJusticia en los casos de amparo o de la inconstitucionalidad. Destac\u00f3 los\ncambios que permiten la celeridad en la intervenci\u00f3n del Alto Tribunal.<\/p>\n\n\n\n<p>Otro elemento que se introduce es el destinado a que puedan\nexistir sentencias contradictorias.<\/p>\n\n\n\n<p>\u201cVa a readecuar el sistema de competencias para un tr\u00e1mite\nm\u00e1s equitativo en la inconstitucionalidad\u201d, asegur\u00f3 Larrarte, titular de la\nComisi\u00f3n de Asuntos Constitucionales.<\/p>\n\n\n\n<p><strong>\u201cNo somos ingenuos\u201d,\ndijo Kisser<\/strong><\/p>\n\n\n\n<p>Por su parte el Senador Kisser agreg\u00f3 que hay cambios a un\nsistema de amparo que reclamaba reglamentaciones. Record\u00f3 la incorporaci\u00f3n del\namparo en la Constituci\u00f3n de 1933 para atender cuestiones urgentes.<\/p>\n\n\n\n<p>\u201cEs una modificaci\u00f3n que hab\u00eda que hacer\u201d, asegur\u00f3, por la\nreforma de la Constituci\u00f3n Nacional, que plasm\u00f3 institutos importantes que no\nexist\u00edan. Como Larrarte, destac\u00f3 el trabajo fecundo de la Constituyente\nentrerriana de 2008, que lo ampli\u00f3, incorporando por ejemplo el amparo\nambiental.<\/p>\n\n\n\n<p>Histori\u00f3 c\u00f3mo se ha agilizado el uso del Amparo, \u201cmuy\ndiferente a lo que pasaba en la d\u00e9cada del 70\u201d, opin\u00f3 el letrado, hoy\nrepresentante del departamento Paran\u00e1 en la C\u00e1mara Alta, \u201clos tiempos han cambiado,\ny con ellos, el amparo\u201d.<\/p>\n\n\n\n<p>Indic\u00f3 la importancia del Amparo en el resguardo de los\nderechos de salud.<\/p>\n\n\n\n<p>\u201cNo somos ingenuos cuando analizamos y trabajamos este\nproyecto\u201d, puntualiz\u00f3, revelando los reclamos que ha hecho el Iosper en\nrelaci\u00f3n al tema que tiene una posici\u00f3n de defensa de los recursos de la obra\nsocial.<\/p>\n\n\n\n<p>Hizo votos para que, al momento de resolver el Superior\nTribunal en cuestiones de salud, sea en orden a salvar vidas, como ha pasado en\nun tiempo reciente. \u201cVamos a acompa\u00f1ar, pero llamamos a la reflexi\u00f3n y a la\nprudencia a los magistrados de todos los niveles para que no perdamos de vista\nla importancia de la vida de la persona, no la plata que pueda perder la obra\nsocial. Salvar vidas y mejorar la calidad de vida son objetivos del derecho\u201d,\ncoment\u00f3.<\/p>\n\n\n\n<p>\u201cEl apuro viene porque desde el IOSPER lo vienen pidiendo.\nNo somos ingenuos. No desproteger a la sociedad es el anhelo de quien habla\u201d,\ncerr\u00f3 Kisser.<\/p>\n\n\n\n<p><strong>La respuesta<\/strong><\/p>\n\n\n\n<p>\u201cSin \u00e1nimo de polemizar\u201d, dijo Larrarte, estableci\u00f3 que la\nreforma se hace no pensando en un organismo en particular.<\/p>\n\n\n\n<p>El proyecto fue aprobado en general y particular y fue\ngirado a la C\u00e1mara de Diputados.<\/p>\n\n\n\n<p><strong>Nuevos agentes\npenitenciarios<\/strong><\/p>\n\n\n\n<p>Los senadores le dieron sanci\u00f3n definitiva al proyecto de\nley mediante el que se crean 50 cargos de agentes penitenciaros en la jurisdicci\u00f3n\nde la Direcci\u00f3n General del Servicio Penitenciario.<\/p>\n\n\n\n<p>En primer lugar, se ingres\u00f3 el despacho de comisi\u00f3n que fue\nfirmado este mi\u00e9rcoles por la ma\u00f1ana.<\/p>\n\n\n\n<p>El senador Kisser explic\u00f3 que se trata de personal que hace\nel servicio espec\u00edfico en las c\u00e1rceles, como, por ejemplo, atenci\u00f3n y guardias.<\/p>\n\n\n\n<p>\u201cEs en parte motivado en el incremento de ingresos, lo que\nhace a la seguridad propia que se debe brindar a los reclusos respetando sus\nderechos humanos\u201d, destac\u00f3.<\/p>\n\n\n\n<p>Reclam\u00f3 conocer qui\u00e9n va a ingresar, lo que es derecho de\nlos legisladores. Lament\u00f3 el incremento del delito y la existencia de muchos\ndetenidos que est\u00e1n en las c\u00e1rceles entrerrianas, pero son de origen Federal.<\/p>\n\n\n\n<p>Destac\u00f3 la aplicaci\u00f3n de la ley provincial de Narcomenudeo,\nque por su correcta aplicaci\u00f3n ha aumentado el n\u00famero de ingresos en las\nunidades penales.<\/p>\n\n\n\n<p>Adujo que la premura es en parte porque muchos ya est\u00e1n\ndesempe\u00f1\u00e1ndose y con esto se regulariza la incorporaci\u00f3n que ya est\u00e1 preparado\npara hacerlo.<\/p>\n\n\n\n<p>Por su parte la senadora Nancy Miranda, titular de la\nComisi\u00f3n de Peticiones y Milicias, enfatiz\u00f3 que estos cincuenta cargos son\npocos en relaci\u00f3n a la verdadera necesidad existente. \u201cEs un paso, permite\npaliar en parte lo que se est\u00e1 demandando\u201d, resalt\u00f3.<\/p>\n\n\n\n<p><strong>Terrenos en\nGualeguaych\u00fa<\/strong><\/p>\n\n\n\n<p>Los legisladores trataron sobre tablas un proyecto de ley,\nvenido en revisi\u00f3n, que declara de utilidad p\u00fablica y sujetos a expropiaci\u00f3n\nvarias fracciones de terreno ubicados en la ciudad de Gualeguaych\u00fa, para ser\ndestinados a la apertura y continuaci\u00f3n de la ruta nacional n\u00ba 136, hasta la\naltura de calle Adolfo Alsina.<\/p>\n\n\n\n<p>\u201cSon terrenos estrat\u00e9gicos para la futura circunvalaci\u00f3n de\nla ciudad\u201d, explic\u00f3 el senador de Gualeguaych\u00fa, Nicol\u00e1s Mattiauda, quien\nagradeci\u00f3 a sus pares la sanci\u00f3n definitiva.<\/p>\n\n\n\n<p><strong>Comisaria en\nGualeguay<\/strong><\/p>\n\n\n\n<p>Por pedido del Senador Francisco Morchio, el Cuerpo le dio\nsanci\u00f3n definitiva al proyecto de la diputada Mariela Tassistro, venido en\nrevisi\u00f3n, por el que se autoriza al Gobierno de la provincia a aceptar la\ndonaci\u00f3n de un inmueble para ser destinado a la construcci\u00f3n de una nueva comisar\u00eda\nde la polic\u00eda provincial.<\/p>\n\n\n\n<p>\u201cGualeguay tiene problemas de Seguridad, hay situaciones que\nno deber\u00edan ser en una ciudad de 40000 habitantes. Se ha involucrado el\nmunicipio, con iluminaci\u00f3n, con sistemas de C\u00e1maras, pero hay que seguir\nbuscando la forma de disminuir esa inseguridad que tiene la ciudad\u201d,\nreflexion\u00f3.<\/p>\n\n\n\n<p>Gualeguay tiene en la actualidad de tres comisar\u00edas, y esta\nnueva estar\u00eda en el sudeste, en un lugar estrat\u00e9gico. Enfatiz\u00f3 la necesidad de\ntrabajar en las coincidencias. \u201cFelicito la iniciativa de la diputada, porque\nser\u00e1 una forma de aportar en la lucha contra la inseguridad\u201d, resalt\u00f3.<\/p>\n\n\n\n<p><strong>Transferencia de\ninmuebles en Concordia<\/strong><\/p>\n\n\n\n<p>En el desarrollo de la sesi\u00f3n los senadores, por pedido del\nrepresentante de Concordia, \u00c1ngel Giano, aprobaron sobre tablas un proyecto de\nley que autoriza la transferencia, a t\u00edtulo de donaci\u00f3n, a favor de la\nmunicipalidad de Concordia, inmuebles con destino a la realizaci\u00f3n de obras de\nurbanizaci\u00f3n, viviendas, saneamiento, radicaci\u00f3n y con fines culturales y\nrecreativos, en complejos habitacionales que ya fueron construidos.<\/p>\n\n\n\n<p><strong>Homenaje a Eva Per\u00f3n<\/strong><\/p>\n\n\n\n<p>En el turno de los homenajes el senador \u00c1ngel Giano record\u00f3\nla figura de Eva Per\u00f3n, que naci\u00f3 el 7 de julio de 1919. \u201cNos deber\u00edamos\npreguntar cuanto tiempo es necesario para transformar\u201d, reflexion\u00f3, y se\u00f1al\u00f3\nque, en su corta vida, fue art\u00edfice de un cambio social que se mantiene a\u00fan\nvigente, a trav\u00e9s del Peronismo, que est\u00e1 plenamente vigente.<\/p>\n\n\n\n<p>Resalt\u00f3 la actuaci\u00f3n de Evita durante la gesta del 17 de\noctubre de 1945, cuando \u201cel subsuelo de la patria sublevada\u201d sali\u00f3 en defensa\ndel entonces coronel Per\u00f3n.<\/p>\n\n\n\n<p>Destac\u00f3 la protecci\u00f3n de los ni\u00f1os, los ancianos, de los m\u00e1s\nhumildes, enfatizando la eliminaci\u00f3n de la sociedad patri\u00f3tica (que tomaba a\nlos ni\u00f1os como objetos) y el impulso que le dio a la aprobaci\u00f3n del voto\nfemenino.<\/p>\n\n\n\n<p>Record\u00f3 los libros escritos por Evita, y sus acciones \u201cque\nla convirtieron en un \u00edcono, una mujer capaz de enfrentar a los poderosos\nmientras manten\u00eda una comunicaci\u00f3n franca y genuina con los m\u00e1s humildes, que\nten\u00edan en su acci\u00f3n pol\u00edtica su mayor defensa\u201d.<\/p>\n\n\n\n<p>\u201cLo que dec\u00eda lo llevaba a la pr\u00e1ctica, haciendo carne en la\nArgentina aquello de que donde hay una necesidad, hay un derecho\u201d, agreg\u00f3 el\nlegislador.<\/p>\n\n\n\n<p>Estableci\u00f3 que \u201cfue una mujer amada y odiada\u201d, convertida\ndespu\u00e9s su muerte en un s\u00edmbolo poderoso e imborrable. No dej\u00f3 de mencionar el\nultraje cometido contra su cad\u00e1ver, que se mantuvo oculto 18 a\u00f1os, lo que quiz\u00e1\nacrecent\u00f3 a\u00fan m\u00e1s su figura.<\/p>\n\n\n\n<p>Despu\u00e9s, el senador Giano, hizo una menci\u00f3n a la artista\nIsabel Sarli, \u201cLa Coca\u201d, oriunda de Concordia, recientemente fallecida, que fue\nreconocida por el Senado Provincial en el a\u00f1o 2008.<\/p>\n\n\n\n<p>Una figura de la cultura argentina, ampliamente reconocida\npor su trayectoria, que recibi\u00f3 m\u00faltiples homenajes, siendo designada en 2012\ncomo embajadora cultural de la Argentina por el Estado Nacional.<\/p>\n\n\n\n<p><strong>Homenaje a la UCR<\/strong><\/p>\n\n\n\n<p>Por su parte el senador Raymundo Kisser record\u00f3 que se\ncumplen hoy 128 a\u00f1os del nacimiento formal de la Uni\u00f3n C\u00edvica Radical. \u201cPartido\nque gener\u00f3 otros partidos, que nace a fines del siglo 19 con el empuje de\ninmigrantes que ven\u00edan buscando libertad y trabajo, buscando un crecimiento para\nellos y sus hijos\u201d, afirm\u00f3.<\/p>\n\n\n\n<p>A\u00f1adi\u00f3 que cuando naci\u00f3 la UCR, el pueblo no eleg\u00eda. \u201cSe\nmanoteaban las libretas y se direccionaba el voto\u201d, record\u00f3, agregando que\nj\u00f3venes de aquellas \u00e9pocas lejanas comenzaron a luchar por el voto libre,\ncontradiciendo un esp\u00edritu conservador excluyente que hab\u00eda en esos tiempos.<\/p>\n\n\n\n<p>Mencion\u00f3 documentos y acciones p\u00fablicos que llevaron al\nnacimiento de la Uni\u00f3n C\u00edvica de la Juventud. Aparecieron tambi\u00e9n\nparticipaciones revolucionarias en 1890. \u201cEl nacimiento no fue f\u00e1cil y m\u00e1s de\nla mitad de la historia libre de este pa\u00eds se debe escribir mencionando a la\nUni\u00f3n C\u00edvica Radical\u201d dijo Kisser.<\/p>\n\n\n\n<p>Estableci\u00f3 la importancia de la ley S\u00e1enz Pe\u00f1a, que permiti\u00f3\nla llegada de Hip\u00f3lito Irigoyen a la presidencia de la Rep\u00fablica Argentina.<\/p>\n\n\n\n<p>El legislador del departamento Paran\u00e1 elogi\u00f3 el impulso de\nla uni\u00f3n c\u00edvica a la reforma universitaria. Tambi\u00e9n dijo que fue la UCR impuls\u00f3\nel voto femenino en 1919, pero no lo pudo imponer. Habl\u00f3 de los derechos\nciviles dados a la mujer durante el gobierno de Alvear y ensalz\u00f3 elementos\ndados al trabajador en el segundo per\u00edodo Yrigoyenista, como el descanso\ndominical.<\/p>\n\n\n\n<p>Tambi\u00e9n mencion\u00f3 las ideas que desde la UCR llevaron a la\nreforma constitucional posterior a la ca\u00edda y proscripci\u00f3n del peronismo.<\/p>\n\n\n\n<p>\u201cSer radical es un estilo de vida\u201d, lanz\u00f3 en el Recinto\nKisser, mencion\u00f3 una necesidad de autocr\u00edtica y lament\u00f3 el golpe de 1930, que\ntronch\u00f3 seg\u00fan su mirada, las posibilidades de desarrollo de la Argentina. \u201cPido\ndisculpas si hiero a alguien, pero deb\u00eda decirlo, porque es el \u00faltimo homenaje\nque puedo rendir en este sentido porque mi mandato termina en diciembre\u201d,\nconcluy\u00f3.<\/p>\n\n\n\n<p><strong>Empleados estatales y\nlegislativos<\/strong><\/p>\n\n\n\n<p>La senadora de Federal, Nancy Miranda, dej\u00f3 un saludo\nespecial para los empleados p\u00fablicos que se preparan para festejar su d\u00eda,\nenfatizando la importancia de sus tareas en todos los niveles.<\/p>\n\n\n\n<p>Hizo lo propio con los empleados legislativos, agradeciendo\nde ellos la tarea en orden a su actividad espec\u00edfica, la que permite a los\nsenadores llevar adelante su mandato. <\/p>\n","protected":false},"excerpt":{"rendered":"<p>Tal como estaba previsto, sesion\u00f3 este mi\u00e9rcoles la C\u00e1mara de Senadores de la Provincia. Obtuvo media sanci\u00f3n el proyecto que impulsa el Poder Ejecutivo para introducir cambios en la Ley de Procedimientos Constitucionales. Adem\u00e1s se sancion\u00f3 la creaci\u00f3n de 50 cargos para el Servicio Penitenciario Provincial Presidida por el vicepresidente primero del Cuerpo, Aldo Ballestena, se desarroll\u00f3 este mi\u00e9rcoles una nueva sesi\u00f3n de la C\u00e1mara de Senadores. Los senadores dieron tratamiento, con despacho de comisi\u00f3n al proyecto de ley del Poder Ejecutivo que modifica los art\u00edculos 1\u00b0, 5 bis, apartado&#8230;<\/p>\n","protected":false},"author":3,"featured_media":47086,"comment_status":"closed","ping_status":"closed","sticky":false,"template":"","format":"standard","meta":[],"categories":[9],"tags":[],"_links":{"self":[{"href":"https:\/\/www.actualidadadiario.com\/index.php\/wp-json\/wp\/v2\/posts\/47085"}],"collection":[{"href":"https:\/\/www.actualidadadiario.com\/index.php\/wp-json\/wp\/v2\/posts"}],"about":[{"href":"https:\/\/www.actualidadadiario.com\/index.php\/wp-json\/wp\/v2\/types\/post"}],"author":[{"embeddable":true,"href":"https:\/\/www.actualidadadiario.com\/index.php\/wp-json\/wp\/v2\/users\/3"}],"replies":[{"embeddable":true,"href":"https:\/\/www.actualidadadiario.com\/index.php\/wp-json\/wp\/v2\/comments?post=47085"}],"version-history":[{"count":1,"href":"https:\/\/www.actualidadadiario.com\/index.php\/wp-json\/wp\/v2\/posts\/47085\/revisions"}],"predecessor-version":[{"id":47087,"href":"https:\/\/www.actualidadadiario.com\/index.php\/wp-json\/wp\/v2\/posts\/47085\/revisions\/47087"}],"wp:featuredmedia":[{"embeddable":true,"href":"https:\/\/www.actualidadadiario.com\/index.php\/wp-json\/wp\/v2\/media\/47086"}],"wp:attachment":[{"href":"https:\/\/www.actualidadadiario.com\/index.php\/wp-json\/wp\/v2\/media?parent=47085"}],"wp:term":[{"taxonomy":"category","embeddable":true,"href":"https:\/\/www.actualidadadiario.com\/index.php\/wp-json\/wp\/v2\/categories?post=47085"},{"taxonomy":"post_tag","embeddable":true,"href":"https:\/\/www.actualidadadiario.com\/index.php\/wp-json\/wp\/v2\/tags?post=47085"}],"curies":[{"name":"wp","href":"https:\/\/api.w.org\/{rel}","templated":true}]}}