{"id":47082,"date":"2019-06-27T10:42:09","date_gmt":"2019-06-27T13:42:09","guid":{"rendered":"https:\/\/www.actualidadadiario.com\/?p=47082"},"modified":"2019-06-27T10:42:09","modified_gmt":"2019-06-27T13:42:09","slug":"kueider-abordo-la-agenda-legislativa-y-politica-con-kunath-y-guastavino","status":"publish","type":"post","link":"https:\/\/www.actualidadadiario.com\/index.php\/2019\/06\/27\/kueider-abordo-la-agenda-legislativa-y-politica-con-kunath-y-guastavino\/","title":{"rendered":"Kueider abord\u00f3 la agenda legislativa y pol\u00edtica con Kunath y Guastavino"},"content":{"rendered":"\n<p><strong><em>\u201cEs muy conveniente articular una estrategia entrerriana en el plano nacional que nos permita consolidar la defensa de los intereses de la provincia; hay un gran trabajo realizado por los legisladores salientes que esperamos continuar\u00a0 y repotenciar\u201d, dijo el candidato a senador por el Frente de Todos, Edgardo Kueider, tras reunirse con Sigrid Kunath y Guillermo Guastavino en el Congreso Nacional<\/em><\/strong><\/p>\n\n\n\n<p><\/p>\n\n\n\n<p><\/p>\n\n\n\n<p>\u201cHemos conformado un gran equipo de trabajo que tiene eje en\nnuestro gobernador y que con mucho esfuerzo comenz\u00f3 a rendir sus frutos. En\nestos \u00faltimos cuatro a\u00f1os Entre R\u00edos ha dado pasos estrat\u00e9gicos para hacer\nrealidad eso que tanto se ha dicho, que es desarrollar su potencial productivo.\nY lo ha hecho tambi\u00e9n de la mano de sus representantes en el Congreso\nNacional\u201d, se\u00f1al\u00f3.<\/p>\n\n\n\n<p>\u201cBordet convirti\u00f3 a Entre R\u00edos en una provincia estable, con\nprevisibilidad, orden, transparencia y con obras muy significativas en curso.\nTenemos que darle el andamiaje necesario a esa estrategia para lograr entre\ntodos nuestro objetivo, una provincia con trabajo, con desarrollo, con\neducaci\u00f3n y con igualdad de oportunidades\u201d, dijo Kueider.<\/p>\n\n\n\n<p>\u201cY para ello es imprescindible un gobierno nacional que\nacompa\u00f1e la estrategia de la provincia, pensando en un perfil productivo y\ngenerador de empleo, que deje la lado la especulaci\u00f3n financiera y pol\u00edtica de\nla que hace gala hoy el gobierno de Mauricio Macri\u201d, expres\u00f3 el funcionario de\nBordet.<\/p>\n\n\n\n<p>\u201cConocemos muy de cerca las problem\u00e1ticas que atraviesan los\ndistintos sectores de la provincia: las econom\u00edas regionales afectadas por las\nretenciones y la liberalizaci\u00f3n de la econom\u00eda que impuso este modelo; los\ncomerciantes ahogados por los tarifazos y la ca\u00edda de las ventas; los\ntrabajadores despedidos y aquellos que ven reducido su sueldo d\u00eda a d\u00eda\nproducto de la inflaci\u00f3n y la devaluaci\u00f3n\u201d, afirm\u00f3.<\/p>\n\n\n\n<p>\u201cLo conocemos porque venimos trabajando hace cuatro a\u00f1os en\ntratar de reducir el impacto de esa crisis que el gobierno de Macri le\nautoinfligi\u00f3 al pa\u00eds y por supuesto a Entre R\u00edos\u201d, asever\u00f3 Kueider.<\/p>\n\n\n\n<p>Tras el pase al oficialismo de Miguel \u00c1ngel Pichetto, el\nbloque de senadores del justicialismo a nivel nacional ser\u00e1 conducido por el\ncordob\u00e9s Carlos Caserio y las vicepresidencias seguir\u00e1n a cargo de Jos\u00e9 Mayans\n(Formosa) y Pedro Guillermo Guastavino, sum\u00e1ndose a la mesa de conducci\u00f3n la\notra representante entrerriana en la C\u00e1mara Alta, Sigrid Kunath.<\/p>\n\n\n\n<p>\u201cLa incorporaci\u00f3n de una mujer en la conducci\u00f3n del bloque\ntiene que ver con una reivindicaci\u00f3n del trabajo que venimos haciendo\u201d, resalt\u00f3\nal respecto la legisladora. Y dej\u00f3 en claro que \u201cno hay una configuraci\u00f3n de un\nnuevo bloque, sino la ratificaci\u00f3n del espacio pol\u00edtico, del bloque\njusticialista de senadores y senadoras, y de nuestro car\u00e1cter de oposici\u00f3n y cr\u00edtica\na la gesti\u00f3n de Macri\u201d.<\/p>\n\n\n\n<p>\u201cEn este sentido nosotros vamos a consolidar este espacio y\nconservar la amplitud, pero siempre desde un criterio de oposici\u00f3n. Si bien, la\nposici\u00f3n mayoritaria implica el acompa\u00f1amiento a la f\u00f3rmula que encabeza\nAlberto Fern\u00e1ndez y Cristina Fern\u00e1ndez de Kirchner\u201d, precis\u00f3.<\/p>\n","protected":false},"excerpt":{"rendered":"<p>\u201cEs muy conveniente articular una estrategia entrerriana en el plano nacional que nos permita consolidar la defensa de los intereses de la provincia; hay un gran trabajo realizado por los legisladores salientes que esperamos continuar\u00a0 y repotenciar\u201d, dijo el candidato a senador por el Frente de Todos, Edgardo Kueider, tras reunirse con Sigrid Kunath y Guillermo Guastavino en el Congreso Nacional \u201cHemos conformado un gran equipo de trabajo que tiene eje en nuestro gobernador y que con mucho esfuerzo comenz\u00f3 a rendir sus frutos. En estos \u00faltimos cuatro a\u00f1os Entre&#8230;<\/p>\n","protected":false},"author":3,"featured_media":47083,"comment_status":"closed","ping_status":"closed","sticky":false,"template":"","format":"standard","meta":[],"categories":[15],"tags":[],"_links":{"self":[{"href":"https:\/\/www.actualidadadiario.com\/index.php\/wp-json\/wp\/v2\/posts\/47082"}],"collection":[{"href":"https:\/\/www.actualidadadiario.com\/index.php\/wp-json\/wp\/v2\/posts"}],"about":[{"href":"https:\/\/www.actualidadadiario.com\/index.php\/wp-json\/wp\/v2\/types\/post"}],"author":[{"embeddable":true,"href":"https:\/\/www.actualidadadiario.com\/index.php\/wp-json\/wp\/v2\/users\/3"}],"replies":[{"embeddable":true,"href":"https:\/\/www.actualidadadiario.com\/index.php\/wp-json\/wp\/v2\/comments?post=47082"}],"version-history":[{"count":1,"href":"https:\/\/www.actualidadadiario.com\/index.php\/wp-json\/wp\/v2\/posts\/47082\/revisions"}],"predecessor-version":[{"id":47084,"href":"https:\/\/www.actualidadadiario.com\/index.php\/wp-json\/wp\/v2\/posts\/47082\/revisions\/47084"}],"wp:featuredmedia":[{"embeddable":true,"href":"https:\/\/www.actualidadadiario.com\/index.php\/wp-json\/wp\/v2\/media\/47083"}],"wp:attachment":[{"href":"https:\/\/www.actualidadadiario.com\/index.php\/wp-json\/wp\/v2\/media?parent=47082"}],"wp:term":[{"taxonomy":"category","embeddable":true,"href":"https:\/\/www.actualidadadiario.com\/index.php\/wp-json\/wp\/v2\/categories?post=47082"},{"taxonomy":"post_tag","embeddable":true,"href":"https:\/\/www.actualidadadiario.com\/index.php\/wp-json\/wp\/v2\/tags?post=47082"}],"curies":[{"name":"wp","href":"https:\/\/api.w.org\/{rel}","templated":true}]}}