{"id":47080,"date":"2019-06-27T10:41:24","date_gmt":"2019-06-27T13:41:24","guid":{"rendered":"https:\/\/www.actualidadadiario.com\/?p=47080"},"modified":"2019-06-27T10:41:24","modified_gmt":"2019-06-27T13:41:24","slug":"el-congreso-de-la-ucr-efectivamente-ordeno-que-las-listas-esten-encabezadas-por-radicales","status":"publish","type":"post","link":"https:\/\/www.actualidadadiario.com\/index.php\/2019\/06\/27\/el-congreso-de-la-ucr-efectivamente-ordeno-que-las-listas-esten-encabezadas-por-radicales\/","title":{"rendered":"El congreso de la UCR efectivamente orden\u00f3 que las listas est\u00e9n encabezadas por radicales"},"content":{"rendered":"\n<p><strong><em>\u201cPotenciar la competitividad electoral de la UCR estableciendo para ello que las listas de senadores y diputados nacionales deber\u00e1n ser encabezadas por un hombre o una mujer afiliados a la UCR\u201d. Eso establece la resoluci\u00f3n del \u00faltimo congreso partidario y, de este modo, queda claro que los radicales que no son cabeza de lista est\u00e1n en falta<\/em><\/strong><\/p>\n\n\n\n<p><\/p>\n\n\n\n<p><\/p>\n\n\n\n<p>Se difundi\u00f3 el texto de la resoluci\u00f3n del Congreso\nProvincial de la UCR, que se reuni\u00f3 el martes 11 de junio en la ciudad de\nVillaguay.<\/p>\n\n\n\n<p>La misma marca que la decisi\u00f3n aprobada por abrumadora\nmayor\u00eda no es \u201cuna expresi\u00f3n de deseo\u201d, como hab\u00eda manifestado d\u00edas atr\u00e1s la\nprecandidata Gabriela Lena, sino que es una orden dispuesta por el \u00f3rgano\nm\u00e1ximo del centenario partido, el Congreso de la UCR Entre R\u00edos.<\/p>\n\n\n\n<p>Teniendo en cuenta esta resoluci\u00f3n, Stella Olalla (segunda\nprecandidata a senadora nacional, debajo de Alfredo De \u00c1ngeli), y Mar\u00eda\nAlejandra Viola (precandidata a diputada en segundo t\u00e9rmino, detr\u00e1s de Emanuel\nGainza) incumplen el mandato y podr\u00e1in ser plausibles de alg\u00fan tipo de sanci\u00f3n.<\/p>\n\n\n\n<p>La diputada provincial Gabriela Lena y precandidata en\nprimer t\u00e9rmino a diputada nacional tiene un atenuante: si bien encabeza, su\nboleta va pegada a la de De \u00c1ngeli- Olalla que s\u00ed incumple la disposici\u00f3n\npartidaria.<\/p>\n\n\n\n<p><strong>La resoluci\u00f3n<\/strong><\/p>\n\n\n\n<p>A continuaci\u00f3n se transcribe la Resoluci\u00f3n del Congreso de\nla Uni\u00f3n C\u00edvica Radical Distrito Entre R\u00edos, que fue aprobada el 11 de junio:<\/p>\n\n\n\n<p>Art\u00edculo N\u00ba1: Adherir en todos sus t\u00e9rminos a la resoluci\u00f3n\ndictada por la Honorable Convenci\u00f3n de la Uni\u00f3n C\u00edvica Radical en la Ciudad\nAut\u00f3noma de Buenos Aires el d\u00eda 27 de mayo por la que se resolvi\u00f3 \u2018confirmar\nlos acuerdos pol\u00edticos nacionales aprobados por la Honorable Convenci\u00f3n\nNacional en su sesi\u00f3n del 15 de marzo de 2015, Cambiemos, y procurar su reformulaci\u00f3n,\nampliaci\u00f3n,, fortalecimiento, mejora e institucionalizaci\u00f3n a trav\u00e9s de un\nprograma com\u00fan que responda a los preceptos doctrinarios de la Uni\u00f3n C\u00edvica\nRadical y atienda los Lineamientos Fundamentales del Programa de Gobierno\naprobados por la Convenci\u00f3n Nacional\u2019.<\/p>\n\n\n\n<p><strong>Art\u00edculo 2\u00ba:<\/strong>\nConstituir y autorizar una Comisi\u00f3n de Acci\u00f3n Pol\u00edtica conformada por el\nPresidente del Congreso Provincial; y el Presidente del Comit\u00e9 Provincial de la\norganizaci\u00f3n de la Juventud Radical.<\/p>\n\n\n\n<p><strong>Art\u00edculo 3\u00ba:<\/strong>\nInstruir y facultar a la Comisi\u00f3n de Acci\u00f3n Pol\u00edtica creada en el art\u00edculo N\u00ba 2\npara que ratifique los acuerdos pol\u00edticos y program\u00e1ticos nacionales efectuados\na partir de Congreso Provincial en 2015 y 2017 y la Convenci\u00f3n Nacional de la\nUCR en 2019, y para establecer la mayor competitividad habilitando la incorporaci\u00f3n\nde otros partidos.<\/p>\n\n\n\n<p><strong>Art\u00edculo 4:<\/strong>\nEstablecer los siguientes objetivos y condiciones para la constituci\u00f3n del\nacuerdo temporal para los cargos de legisladores nacionales y de Parlasur, en\nlas elecciones nacionales del a\u00f1o en curso:<\/p>\n\n\n\n<p><strong>4.1<\/strong> Potenciar la\ncompetitividad electoral de la UCR estableciendo para ello que las listas de\nsenadores y diputados nacionales deber\u00e1n ser encabezadas por un hombre o una\nmujer afiliados a la UCR.<\/p>\n\n\n\n<p><strong>4.2<\/strong> Asimismo se\npodr\u00e1n establecer listas de unidad con las dem\u00e1s fuerzas de la coalici\u00f3n o en\nsu defecto dirimir la mejor oferta electoral en las elecciones PASO.<\/p>\n\n\n\n<p><strong>4.3<\/strong> Solo podr\u00e1n\ndenominarse \u201cCambiemos\u201d aquella alianza transitoria del distrito que integre efectiva\ny org\u00e1nicamente la UCR<\/p>\n\n\n\n<p><strong>4.4<\/strong> La Junta\nElectoral contar\u00e1 con un representante para garantizar la participaci\u00f3n de\ntodos los afiliados.<\/p>\n\n\n\n<p><strong>4.5<\/strong> El Reglamento\nElectoral habilitar\u00e1 que la representaci\u00f3n del distrito a legisladores\nnacionales y Parlasur pueda adherir con varias de las boletas de candidaturas a\nPresidente siempre y cuando los partidos se encuentren formando un acuerdo de\ndistrito.<\/p>\n\n\n\n<p><strong>4.6<\/strong> La UCR\ndesignar\u00e1 el primer apoderado de la alianza constituida.<\/p>\n","protected":false},"excerpt":{"rendered":"<p>\u201cPotenciar la competitividad electoral de la UCR estableciendo para ello que las listas de senadores y diputados nacionales deber\u00e1n ser encabezadas por un hombre o una mujer afiliados a la UCR\u201d. Eso establece la resoluci\u00f3n del \u00faltimo congreso partidario y, de este modo, queda claro que los radicales que no son cabeza de lista est\u00e1n en falta Se difundi\u00f3 el texto de la resoluci\u00f3n del Congreso Provincial de la UCR, que se reuni\u00f3 el martes 11 de junio en la ciudad de Villaguay. La misma marca que la decisi\u00f3n aprobada&#8230;<\/p>\n","protected":false},"author":3,"featured_media":36314,"comment_status":"closed","ping_status":"closed","sticky":false,"template":"","format":"standard","meta":[],"categories":[15],"tags":[],"_links":{"self":[{"href":"https:\/\/www.actualidadadiario.com\/index.php\/wp-json\/wp\/v2\/posts\/47080"}],"collection":[{"href":"https:\/\/www.actualidadadiario.com\/index.php\/wp-json\/wp\/v2\/posts"}],"about":[{"href":"https:\/\/www.actualidadadiario.com\/index.php\/wp-json\/wp\/v2\/types\/post"}],"author":[{"embeddable":true,"href":"https:\/\/www.actualidadadiario.com\/index.php\/wp-json\/wp\/v2\/users\/3"}],"replies":[{"embeddable":true,"href":"https:\/\/www.actualidadadiario.com\/index.php\/wp-json\/wp\/v2\/comments?post=47080"}],"version-history":[{"count":1,"href":"https:\/\/www.actualidadadiario.com\/index.php\/wp-json\/wp\/v2\/posts\/47080\/revisions"}],"predecessor-version":[{"id":47081,"href":"https:\/\/www.actualidadadiario.com\/index.php\/wp-json\/wp\/v2\/posts\/47080\/revisions\/47081"}],"wp:featuredmedia":[{"embeddable":true,"href":"https:\/\/www.actualidadadiario.com\/index.php\/wp-json\/wp\/v2\/media\/36314"}],"wp:attachment":[{"href":"https:\/\/www.actualidadadiario.com\/index.php\/wp-json\/wp\/v2\/media?parent=47080"}],"wp:term":[{"taxonomy":"category","embeddable":true,"href":"https:\/\/www.actualidadadiario.com\/index.php\/wp-json\/wp\/v2\/categories?post=47080"},{"taxonomy":"post_tag","embeddable":true,"href":"https:\/\/www.actualidadadiario.com\/index.php\/wp-json\/wp\/v2\/tags?post=47080"}],"curies":[{"name":"wp","href":"https:\/\/api.w.org\/{rel}","templated":true}]}}