{"id":47077,"date":"2019-06-27T10:40:42","date_gmt":"2019-06-27T13:40:42","guid":{"rendered":"https:\/\/www.actualidadadiario.com\/?p=47077"},"modified":"2019-06-27T10:40:42","modified_gmt":"2019-06-27T13:40:42","slug":"jovenes-entrerrianos-accedieron-a-financiamiento-para-fortalecer-sus-emprendimientos","status":"publish","type":"post","link":"https:\/\/www.actualidadadiario.com\/index.php\/2019\/06\/27\/jovenes-entrerrianos-accedieron-a-financiamiento-para-fortalecer-sus-emprendimientos\/","title":{"rendered":"J\u00f3venes entrerrianos accedieron a financiamiento para fortalecer sus emprendimientos"},"content":{"rendered":"\n<p><strong><em>M\u00e1s de 40 j\u00f3venes entrerrianos recibieron cr\u00e9ditos del programa J\u00f3venes Emprendedores de la mano de la ministra de Desarrollo Social. En esta ocasi\u00f3n fueron m\u00e1s de dos millones de pesos de inversi\u00f3n por parte del gobierno provincial<\/em><\/strong><\/p>\n\n\n\n<p><\/p>\n\n\n\n<p><\/p>\n\n\n\n<p>Este mi\u00e9rcoles, la ministra de Desarrollo Social, Laura\nStratta, entreg\u00f3 cr\u00e9ditos en el marco del programa J\u00f3venes Emprendedores\ndependiente de la Subsecretar\u00eda de Desarrollo Emprendedor, una l\u00ednea que tiene\ncomo objetivo fortalecer proyectos productivos o de servicios, brindando\ncapacitaciones, asesoramiento y aportes. En la ocasi\u00f3n, 26 proyectos que\nnuclean a 43 emprendedores de La Paz, Villaguay, Chajar\u00ed, Gualeguay, Bovril,\nSanta Ana, Viale, Concepci\u00f3n del Uruguay, San Gustavo, Crespo, Federal, Villaguay,\nRosario del Tala, Segu\u00ed, Alcaraz, Los Conquistadores y Federal, fueron beneficiados\na trav\u00e9s del programa.<\/p>\n\n\n\n<p>En el acto de entrega, Stratta sostuvo: \u201cNosotros creemos\nque el gran ordenador de la sociedad es el trabajo y a partir de esa concepci\u00f3n\nes que avanzamos en pol\u00edticas p\u00fablicas que generen oportunidades. Nadie mejor\nque los emprendedores para graficar lo que significan dos cuestiones que me\nparece que son importantes: en primer lugar resaltar lo que es el\nacompa\u00f1amiento del Estado, y no \u00fanicamente de la mano del cr\u00e9dito sino tambi\u00e9n\nde los programas complementarios que existen para que cada uno de los proyectos\nsean sustentables, generen ingresos y mejoren la calidad de vida de cada uno.\nEn segundo lugar, remarcar la creatividad y la innovaci\u00f3n que una observa\ncuando recorre nuestra provincia, y que tiene que estar al servicio del\ncrecimiento y el desarrollo\u201d. <\/p>\n\n\n\n<p>En este sentido tambi\u00e9n retom\u00f3 el trabajo que el \u00e1rea\nrealiza en acompa\u00f1amiento en misiones comerciales al extranjero: \u201cA estas\ninstancias tan importantes no solamente van las empresas de nuestra provincia,\nsino que por la decisi\u00f3n pol\u00edtica del gobernador Gustavo Bordet, se incluy\u00f3 a\nnuestros emprendedores, para acompa\u00f1arlos en el desaf\u00edo de poder mostrar sus\nproductos en el exterior. Hoy tenemos emprendedores entrerrianos y entrerrianas\nparticipando de una misi\u00f3n comercial en Chile\u201d.<\/p>\n\n\n\n<p>Sobre el rol del Estado en el acompa\u00f1amiento de estos\nproyectos, la ministra defini\u00f3: \u201cSomos un Estado que acompa\u00f1a, que es activo,\nque es din\u00e1mico y que trabaja codo a codo para responder a las demandas\nsociales del entramado social que es complejo. Por otro lado, quiero\nreiterarles el compromiso de seguir estando, acompa\u00f1ando, construyendo\npol\u00edticas p\u00fablicas que est\u00e9n al servicio de mejorar la vida de los entrerrianos.\nQueremos seguir abriendo puertas, generando desarrollo y oportunidades para\nconstruir entre todos una sociedad mejor\u201d.<\/p>\n\n\n\n<p>En ese marco, el director de Pol\u00edticas de Apoyo Emprendedor,\nClaudio Rosas Vico, indic\u00f3: &#8220;A trav\u00e9s de este financiamiento podemos\nacompa\u00f1ar a emprendimientos que no tendr\u00edan otras formas de acceso al cr\u00e9dito.\nEsa ha sido una definici\u00f3n pol\u00edtica del gobierno provincial para apuntalar y\ntambi\u00e9n fortalecer la generaci\u00f3n de empleo. De todas maneras, este es un primer\npaso y nos gustar\u00eda poder seguir acompa\u00f1ando estos proyectos desde la formaci\u00f3n\ny asesoramiento permanente. Felicitamos una vez m\u00e1s y agradecemos a los\nemprendedores y emprendedoras por apostar al crecimiento de la provincia&#8221;.<\/p>\n\n\n\n<p>Para comentar su experiencia, tom\u00f3 la palabra Mar\u00eda Delfina\nMicheloud Labath quien manifest\u00f3 su agradecimiento ante esta pol\u00edtica p\u00fablica:\n\u201cAntes que nada quiero agradecer esta posibilidad que el gobierno nos da a los\nj\u00f3venes, de poder trabajar en forma independiente. En mi caso es un\nemprendimiento unipersonal, que consiste en brindar un servicio para generar un\ncontrol de calidad de productos con an\u00e1lisis breves y sencillos, en base a la\ntoma de muestra. Tambi\u00e9n trabajo el \u00e1rea de energ\u00edas renovables, investigando\nlos biodigestores y sus controles, que es un sector no explotado en la\nprovincia. Agradezco nuevamente la posibilidad de que nos permitan generar\ntrabajo independiente, porque por ejemplo en mi caso no hubiera contado con el\ncapital suficiente para darle continuidad al trabajo que vengo realizando de\nasesor\u00eda en las empresas\u201d.<\/p>\n\n\n\n<p>En el mismo sentido, el emprendedor Walter El\u00edas expres\u00f3:\n\u201cQuiero desde mi lugar felicitar a quienes recibieron los fondos para estos 26\nproyectos, porque gracias a ello podr\u00e1n iniciarse en este camino hermoso de\nemprender, el cual a veces es complicado porque para desarrollar y darle forma\nse requieren recursos, algo que no es f\u00e1cil de conseguir en los tiempos que\ncorren. Y aqu\u00ed es donde aparece este maravilloso programa, que se lleva\nadelante gracias a nuestro gobernador y a nuestra ministra de Desarrollo\nSocial, que es J\u00f3venes Emprendedores\u201d. <\/p>\n\n\n\n<p>Acto seguido, el emprendedor explic\u00f3: \u201cMi proyecto lo llevo\nadelante con mi socio y consiste en la fabricaci\u00f3n de simuladores de aviones.\nHoy d\u00eda hemos logrado un producto que est\u00e1 certificado a nivel nacional y que\ntiene todos los par\u00e1metros para serlo tambi\u00e9n a nivel internacional. Gracias a\nesto dimos nuestro primer paso en lo que se refiere a exportaci\u00f3n, y sobre todo\ngracias al Ministerio de Desarrollo Social, que nos facilit\u00f3 la participaci\u00f3n\nen la ronda de negocios en Montevideo, Uruguay, y nos brind\u00f3 capacitaciones\nsobre c\u00f3mo organizarnos para concurrir\u201d.<\/p>\n\n\n\n<p>De la actividad participaron los directores de Capital\nEmprendedor, Oscar Bustamante; de Evaluaci\u00f3n y Seguimiento de Proyectos,\nCristian Klein; y de Formaci\u00f3n en Competencias Emprendedores, Juan Mansur.\nTambi\u00e9n estuvieron presentes Cristina Ponce, titular del IPRODI, y la concejal\nde Paran\u00e1, Stefan\u00eda Cora.<\/p>\n","protected":false},"excerpt":{"rendered":"<p>M\u00e1s de 40 j\u00f3venes entrerrianos recibieron cr\u00e9ditos del programa J\u00f3venes Emprendedores de la mano de la ministra de Desarrollo Social. En esta ocasi\u00f3n fueron m\u00e1s de dos millones de pesos de inversi\u00f3n por parte del gobierno provincial Este mi\u00e9rcoles, la ministra de Desarrollo Social, Laura Stratta, entreg\u00f3 cr\u00e9ditos en el marco del programa J\u00f3venes Emprendedores dependiente de la Subsecretar\u00eda de Desarrollo Emprendedor, una l\u00ednea que tiene como objetivo fortalecer proyectos productivos o de servicios, brindando capacitaciones, asesoramiento y aportes. En la ocasi\u00f3n, 26 proyectos que nuclean a 43 emprendedores de&#8230;<\/p>\n","protected":false},"author":3,"featured_media":47078,"comment_status":"closed","ping_status":"closed","sticky":false,"template":"","format":"standard","meta":[],"categories":[15],"tags":[],"_links":{"self":[{"href":"https:\/\/www.actualidadadiario.com\/index.php\/wp-json\/wp\/v2\/posts\/47077"}],"collection":[{"href":"https:\/\/www.actualidadadiario.com\/index.php\/wp-json\/wp\/v2\/posts"}],"about":[{"href":"https:\/\/www.actualidadadiario.com\/index.php\/wp-json\/wp\/v2\/types\/post"}],"author":[{"embeddable":true,"href":"https:\/\/www.actualidadadiario.com\/index.php\/wp-json\/wp\/v2\/users\/3"}],"replies":[{"embeddable":true,"href":"https:\/\/www.actualidadadiario.com\/index.php\/wp-json\/wp\/v2\/comments?post=47077"}],"version-history":[{"count":1,"href":"https:\/\/www.actualidadadiario.com\/index.php\/wp-json\/wp\/v2\/posts\/47077\/revisions"}],"predecessor-version":[{"id":47079,"href":"https:\/\/www.actualidadadiario.com\/index.php\/wp-json\/wp\/v2\/posts\/47077\/revisions\/47079"}],"wp:featuredmedia":[{"embeddable":true,"href":"https:\/\/www.actualidadadiario.com\/index.php\/wp-json\/wp\/v2\/media\/47078"}],"wp:attachment":[{"href":"https:\/\/www.actualidadadiario.com\/index.php\/wp-json\/wp\/v2\/media?parent=47077"}],"wp:term":[{"taxonomy":"category","embeddable":true,"href":"https:\/\/www.actualidadadiario.com\/index.php\/wp-json\/wp\/v2\/categories?post=47077"},{"taxonomy":"post_tag","embeddable":true,"href":"https:\/\/www.actualidadadiario.com\/index.php\/wp-json\/wp\/v2\/tags?post=47077"}],"curies":[{"name":"wp","href":"https:\/\/api.w.org\/{rel}","templated":true}]}}