{"id":47074,"date":"2019-06-27T10:39:46","date_gmt":"2019-06-27T13:39:46","guid":{"rendered":"https:\/\/www.actualidadadiario.com\/?p=47074"},"modified":"2019-06-27T10:39:46","modified_gmt":"2019-06-27T13:39:46","slug":"desde-la-asociacion-de-juicio-por-jurados-destacan-la-decision-de-bordet-de-promover-los-juicios-populares-en-entre-rios","status":"publish","type":"post","link":"https:\/\/www.actualidadadiario.com\/index.php\/2019\/06\/27\/desde-la-asociacion-de-juicio-por-jurados-destacan-la-decision-de-bordet-de-promover-los-juicios-populares-en-entre-rios\/","title":{"rendered":"Desde la Asociaci\u00f3n de Juicio por Jurados destacan la decisi\u00f3n de Bordet de promover los juicios populares en Entre R\u00edos"},"content":{"rendered":"\n<p><strong><em>El gobernador Gustavo Bordet recibi\u00f3 este mi\u00e9rcoles al vicepresidente de la Asociaci\u00f3n Argentina de Juicio por Jurados, Andr\u00e9s Harfuch, quien destac\u00f3 la decisi\u00f3n del mandatario entrerriano de impulsar la ley de juicios populares en la provincia<\/em><\/strong><\/p>\n\n\n\n<p><\/p>\n\n\n\n<p><\/p>\n\n\n\n<p>Tras el encuentro, realizado en el despacho del gobernador y\ndonde tambi\u00e9n estuvo el diputado Juan Navarro, Harfuch dijo que la reuni\u00f3n con\nel gobernador fue &#8220;muy importante\u201d y apunt\u00f3: \u201cPudimos ver de primera mano\nla determinaci\u00f3n que tiene el gobernador de sacar adelante la ley de Juicio por\nJurados. El consenso es pr\u00e1cticamente total en la C\u00e1mara de Diputados en\nrelaci\u00f3n a que sean los ciudadanos y ciudadanas entrerrianas quienes a partir\nde ahora juzguen los delitos m\u00e1s graves de la sociedad&#8221;.<\/p>\n\n\n\n<p>Harfuch destac\u00f3 &#8220;la ratificaci\u00f3n del gobernador Bordet\nque, m\u00e1s all\u00e1 de su profesi\u00f3n de contador, fue profesor de instrucci\u00f3n c\u00edvica\ndurante muchos a\u00f1os y le apasiona el tema del derecho y conoce muy bien el\nsistema. Lo vio con mucho reconocimiento adem\u00e1s de estar en la Constituci\u00f3n. Y\nahora lleg\u00f3 el tiempo pol\u00edtico para implementarlo&#8221;.<\/p>\n\n\n\n<p>Luego mencion\u00f3 que Buenos Aires, Neuqu\u00e9n y Mendoza ya tienen\nun sistema de jurados funcionando. &#8220;No tenemos que mirar a otros pa\u00edses,\nsino a otra provincias hermanas que tienen sistemas que est\u00e1n funcionando muy\nbien, ya hubo veredictos muy resonantes que tuvieron mucha popularidad. Eso ha\nfacilitado y allanado el camino a Entre R\u00edos&#8221;, expres\u00f3 el vicepresidente\nde la Asociaci\u00f3n.<\/p>\n\n\n\n<p>En el encuentro coincidieron en que &#8220;hay un consenso\nmuy grande de parte de los jueces y abogados, que en otras \u00e9pocas en Argentina\nestaban en contra de este sistema y ahora lo piden porque ven que funciona\nbien&#8221;.<\/p>\n\n\n\n<p>Y agreg\u00f3: &#8220;Hay que tener en claro que cuando los\nciudadanos dan su veredicto son decisiones muy justas y razonables, no ha\nhabido un solo esc\u00e1ndalo p\u00fablico hasta ahora. Ac\u00e1 los ciudadanos tiene mucho\nque aportar y el pueblo entrerriano est\u00e1 en perfectas condiciones para poder\njuzgar a sus semejantes&#8221;.<\/p>\n\n\n\n<p>Andr\u00e9s Harsfuch precis\u00f3 que el Juicio por jurados est\u00e1\nintegrado por 12 personas, con igualdad de g\u00e9nero. Estar\u00e1n dirigidas por un\njuez o jueza, las pruebas se presentan todas en el juicio p\u00fablico en el que\nestar\u00e1n el fiscal y el defensor. Habr\u00e1 instrucciones legales de ese juez o\njueza al jurado acerca de los delitos. Dicho jurado despu\u00e9s se retirar\u00e1 a\ndeliberar y tiene que alcanzar in veredicto un\u00e1nime, tanto para condenar como\npara absolverlo. Los 12 tienen que estar de acuerdo.<\/p>\n\n\n\n<p>Los requisitos son que las personas interesadas en acceder\ntengan entre 18 y 75 a\u00f1os, no deben pertenecer a ninguno de los tres poderes\njer\u00e1rquicos del Estado, no pueden ser abogados, ni pertenecer a las fuerzas de\nseguridad activas ni cleros. Percibir\u00e1n una remuneraci\u00f3n por esa labor.<\/p>\n\n\n\n<p>&#8220;El veredicto del jurado es definitivo, es decir, pone\nfin a la cuesti\u00f3n, con la posibilidad de un nuevo juicio si no se alcanza el\nveredicto un\u00e1nime, que en general no sucede&#8221;, indic\u00f3 y dijo que se aplicar\u00e1\npara aquellos delitos superiores a los 20 a\u00f1os de prisi\u00f3n, es decir, todos los\nhomicidios dolosos, abusos sexuales graves y todos los delitos que conlleven a\nla pena de prisi\u00f3n perpetua\u201d, precis\u00f3 Harfuch.<\/p>\n\n\n\n<p>Finalmente, consider\u00f3 que en la provincia hay un consenso\nun\u00e1nime para la implementaci\u00f3n del sistema. Adem\u00e1s &#8220;a esto se suma que la\nCorte Suprema de la Naci\u00f3n, hace un mes y medios atr\u00e1s, ratific\u00f3 y dio un\nespaldarazo grande al sistema de Juicio por jurados que fue decisivo para que\nel gobernador tome la decisi\u00f3n pol\u00edtica de implementarlo&#8221;.<\/p>\n","protected":false},"excerpt":{"rendered":"<p>El gobernador Gustavo Bordet recibi\u00f3 este mi\u00e9rcoles al vicepresidente de la Asociaci\u00f3n Argentina de Juicio por Jurados, Andr\u00e9s Harfuch, quien destac\u00f3 la decisi\u00f3n del mandatario entrerriano de impulsar la ley de juicios populares en la provincia Tras el encuentro, realizado en el despacho del gobernador y donde tambi\u00e9n estuvo el diputado Juan Navarro, Harfuch dijo que la reuni\u00f3n con el gobernador fue &#8220;muy importante\u201d y apunt\u00f3: \u201cPudimos ver de primera mano la determinaci\u00f3n que tiene el gobernador de sacar adelante la ley de Juicio por Jurados. El consenso es pr\u00e1cticamente&#8230;<\/p>\n","protected":false},"author":3,"featured_media":47075,"comment_status":"closed","ping_status":"closed","sticky":false,"template":"","format":"standard","meta":[],"categories":[15],"tags":[],"_links":{"self":[{"href":"https:\/\/www.actualidadadiario.com\/index.php\/wp-json\/wp\/v2\/posts\/47074"}],"collection":[{"href":"https:\/\/www.actualidadadiario.com\/index.php\/wp-json\/wp\/v2\/posts"}],"about":[{"href":"https:\/\/www.actualidadadiario.com\/index.php\/wp-json\/wp\/v2\/types\/post"}],"author":[{"embeddable":true,"href":"https:\/\/www.actualidadadiario.com\/index.php\/wp-json\/wp\/v2\/users\/3"}],"replies":[{"embeddable":true,"href":"https:\/\/www.actualidadadiario.com\/index.php\/wp-json\/wp\/v2\/comments?post=47074"}],"version-history":[{"count":1,"href":"https:\/\/www.actualidadadiario.com\/index.php\/wp-json\/wp\/v2\/posts\/47074\/revisions"}],"predecessor-version":[{"id":47076,"href":"https:\/\/www.actualidadadiario.com\/index.php\/wp-json\/wp\/v2\/posts\/47074\/revisions\/47076"}],"wp:featuredmedia":[{"embeddable":true,"href":"https:\/\/www.actualidadadiario.com\/index.php\/wp-json\/wp\/v2\/media\/47075"}],"wp:attachment":[{"href":"https:\/\/www.actualidadadiario.com\/index.php\/wp-json\/wp\/v2\/media?parent=47074"}],"wp:term":[{"taxonomy":"category","embeddable":true,"href":"https:\/\/www.actualidadadiario.com\/index.php\/wp-json\/wp\/v2\/categories?post=47074"},{"taxonomy":"post_tag","embeddable":true,"href":"https:\/\/www.actualidadadiario.com\/index.php\/wp-json\/wp\/v2\/tags?post=47074"}],"curies":[{"name":"wp","href":"https:\/\/api.w.org\/{rel}","templated":true}]}}