{"id":47071,"date":"2019-06-27T10:37:06","date_gmt":"2019-06-27T13:37:06","guid":{"rendered":"https:\/\/www.actualidadadiario.com\/?p=47071"},"modified":"2019-06-27T10:37:06","modified_gmt":"2019-06-27T13:37:06","slug":"bordet-debemos-adaptar-nuestras-instituciones-a-lo-que-la-democracia-moderna-nos-exige","status":"publish","type":"post","link":"https:\/\/www.actualidadadiario.com\/index.php\/2019\/06\/27\/bordet-debemos-adaptar-nuestras-instituciones-a-lo-que-la-democracia-moderna-nos-exige\/","title":{"rendered":"Bordet: \u201cDebemos adaptar nuestras instituciones a lo que la democracia moderna nos exige\u201d"},"content":{"rendered":"\n<p><strong><em>El gobernador Gustavo Bordet se\u00f1al\u00f3 que su gesti\u00f3n trabaja en generar las condiciones para la implementaci\u00f3n del sistema de Juicio por jurados en Entre R\u00edos, puesto que es necesario \u201cadaptar nuestras instituciones a lo que los tiempos de la democracia moderna nos exige\u201d<\/em><\/strong><\/p>\n\n\n\n<p><\/p>\n\n\n\n<p><\/p>\n\n\n\n<p>Anticip\u00f3 que en los pr\u00f3ximos d\u00edas remitir\u00e1 a la legislatura\nentrerriana el proyecto de ley de Juicio por jurado, y abog\u00f3 para que la\nnormativa tenga el m\u00e1s amplio consenso.<\/p>\n\n\n\n<p>Junto al presidente del Superior Tribunal de Justicia de\nEntre R\u00edos, Emilio Castrill\u00f3n, y los vocales del cuerpo, el gobernador Gustavo\nBordet presidi\u00f3 este mi\u00e9rcoles el acto de apertura de las jornadas sobre Juicio\npor jurados que se extender\u00e1n hasta el jueves en el sal\u00f3n de actos del Poder\nJudicial de la provincia.<\/p>\n\n\n\n<p>All\u00ed tambi\u00e9n estuvieron presentes las ministras de Gobierno,\nRosario Romero, y de Desarrollo Social, Laura Stratta, adem\u00e1s de legisladores\nprovinciales y referentes del \u00e1mbito judicial entrerriano.<\/p>\n\n\n\n<p>Tras expresar la importancia de poder compartir las jornadas\nen la ciudad de Paran\u00e1, el gobernador Bordet dijo que hace mucho tiempo desde\nla provincia se vienen generando las condiciones para tener un instituto que\nfortalezca a la democracia, como es el de Juicio por jurados.<\/p>\n\n\n\n<p>Se\u00f1al\u00f3 que la tarea realizada en este sentido no fue fruto\nde una cuesti\u00f3n antojadiza, sino que fue fruto de \u201catender a distintos sectores\nde la vida jur\u00eddica del Poder Judicial y del \u00e1mbito legislativo, y tambi\u00e9n de\nescuchar a los ciudadanos de nuestra provincia para poder generar mejores\ncondiciones de calidad democr\u00e1tica para nuestra poblaci\u00f3n. Y el Juicio por\njurado cumple con esa tarea&#8221;, asegur\u00f3 Bordet.<\/p>\n\n\n\n<p>Explic\u00f3 que en nuestro pa\u00eds, tanto la Constituci\u00f3n de 1853\ncomo la Constituci\u00f3n entrerriana del &#8217;33 ya preve\u00edan la posibilidad de la puesta\nen funcionamiento del Juicio por jurado, y apunt\u00f3 que esto, de alg\u00fan modo, fue\nratificado por la Constituci\u00f3n nacional reformada en 1994, y la provincial\nreformada en el a\u00f1o 2008.<\/p>\n\n\n\n<p>Y este sentido explic\u00f3: &#8220;Es tarea nuestra adaptar\nnuestras instituciones a lo que los tiempos de la democracia moderna nos exige.\nEl concepto de democracia que queda plasmado en la Constituci\u00f3n del &#8217;33 est\u00e1\ntomado en una \u00e9poca donde nac\u00edan las democracias que dejaban atr\u00e1s modelos\nmon\u00e1rquicos y se enarbolaban conceptos que en ese momento eran progresistas y\nsuperadores. Pero los tiempos modernos han ido obligando a que las\ninstituciones vayan generando mecanismos que perfeccionen la democracia. No\ntengo ninguna duda que en los a\u00f1os que vienen por delante esto se va a asegurar,\ny si no tenemos instituciones que puedan reflejar ese sentir de la poblaci\u00f3n de\nparticipar activamente en los procesos democr\u00e1ticos que no se agotan solamente\nen el sufragio, sin dudas alguna vamos a tener una carencia de participaci\u00f3n\nciudadana sobre las instituciones\u201d.<\/p>\n\n\n\n<p>Y enseguida remarc\u00f3: \u201cEs muy necesario que el Poder\nJudicial, que muchas veces parece distante de las opiniones y del sentimiento\nde muchos ciudadanos, den la posibilidad a que hombres y mujeres de a pie, que\ntodos los d\u00edas participan activamente de los problemas cotidianos de la\nsociedad, puedan intervenir en procesos que resultan claves para poder a trav\u00e9s\nde su decisi\u00f3n tomar determinaciones. Por eso es que desde el Poder Ejecutivo\nnosotros propiciamos y auspiciamos la posibilidad de que exista un marco\nlegislativo que ponga a Entre R\u00edos en igualdad de las provincias argentinas que\nya tienen esta instituci\u00f3n. No estamos mirando de manera lejana, estamos\nmirando a nuestras provincias vecinas que tienen la instituci\u00f3n de Juicio por\njurado donde ha funcionado perfectamente bien, donde hay una fallo de la Corte\nSuprema que convalida y ratifica el Juicio por jurado y que adem\u00e1s en todas las\nprovincias que se ha implementado nunca se ha vuelto hacia atr\u00e1s con lo cual se\ndemuestra que ha funcionado bien&#8221;.<\/p>\n\n\n\n<p>\u201cEntre R\u00edos tiene que estar a la altura de estas\ncircunstancias \u2013continu\u00f3-. Por eso es que desde el Poder Ejecutivo coincidimos\ncon la visi\u00f3n que tiene la Sala Penal y que tiene el Superior Tribunal de\nJusticia. Coincidimos con la visi\u00f3n que tiene el Colegio de Abogados, con cuyos\nrepresentantes me reun\u00ed y me acercaron el proyecto, y tambi\u00e9n coincidimos con\nla voluntad que muchos legisladores tienen. Es tarea de que el Poder Judicial\nde la provincia de Entre R\u00edos, donde hoy hay aqu\u00ed presente legisladores de\ntodos los bloques, que podamos encontrar los consensos necesarios como lo hemos\nlogrado en otras materias, porque una ley de estas caracter\u00edsticas debe tener\nla plena voluntad y el pleno acuerdo, y buscar en lo posible la unanimidad de\ncriterios. Para esto vamos a estar trabajando y el compromiso, previo a estas\njornadas que sirven para esclarecer e iluminar lo que significa el Juicio por\njurado a muchos ciudadanos que con raz\u00f3n no conocen cabalmente hacia donde se\ndirige esta instituci\u00f3n, es que podamos tener las herramientas de informaci\u00f3n\nnecesarias para poder lograr la mejor legislaci\u00f3n y por sobre todas las cosas\npara poder lograr que el sistema de justicia en la provincia de Entre R\u00edos\nintegre a los hombres y mujeres en las decisiones que afectan a nuestra\nsociedad todos los d\u00edas\u201d, complet\u00f3 Bordet.<\/p>\n\n\n\n<p>Actualmente el sistema de Juicios por Jurados fue aprobado\npor ley en las provincias de Buenos Aires, C\u00f3rdoba, Neuqu\u00e9n, Chaco, Mendoza,\nR\u00edo Negro y San Juan.<\/p>\n\n\n\n<p><strong>Trabajo conjunto<\/strong><\/p>\n\n\n\n<p>Por su parte, el presidente del Tribunal de Justicia, Emilio\nCastrill\u00f3n, sostuvo que &#8220;cuando los tres Poderes conviven, como se viene\nhaciendo estos cuatro a\u00f1os, es posible fortalecer la democracia y que las cosas\nsalgan bien. Bajo la conducci\u00f3n del gobernador, se fije la pol\u00edtica, que la\nLegislatura enmarque las leyes que se puedan interpretar y, en este caso, con\nparticipaci\u00f3n popular, de tal manera de dar soluci\u00f3n a los conflictos y\nmantener el armon\u00eda social que Entre R\u00edos requiere&#8221;. Tras ello agradeci\u00f3 a\nlas instituciones y personas que intervinieron en la organizaci\u00f3n de estas\njornadas.<\/p>\n\n\n\n<p>&#8220;Tenemos entendido se\u00f1or gobernador que enviar\u00e1 un\nnuevo proyecto. Desde el Superior Tribunal se ha expedido favorablemente.\nNuestro cuerpo y los ministerios p\u00fablicos tambi\u00e9n lo acompa\u00f1an. Creo que podr\u00e1\nser el gobernador que logr\u00f3, despu\u00e9s de tantos intentos, el juicio por\njurados&#8221;, concluy\u00f3.<\/p>\n\n\n\n<p><strong>Las jornadas<\/strong><\/p>\n\n\n\n<p>Las jornadas son organizadas por el Instituto de Formaci\u00f3n y\nPerfeccionamiento Judicial \u201cDr. Juan Bautista Alberdi\u201d en forma conjunta con el\nMinisterio de Gobierno y Justicia de Entre R\u00edos, y tienen el auspicio de la\nC\u00e1mara de Senadores y Diputados de la provincia, el Instituto de Estudios\nComparados en Ciencias Penales y Sociales (Inecip), la Asociaci\u00f3n Argentina de\nJuicio por Jurados (AAJJ), la Asociaci\u00f3n de Magistrados y Funcionarios del\nPoder Judicial de Entre R\u00edos y el Colegio de Abogados de la provincia.<\/p>\n\n\n\n<p>Fueron declaradas de inter\u00e9s judicial por el STJER y est\u00e1n\ndestinadas a integrantes de la magistratura, del funcionariado, personal\nadministrativo del Poder Judicial y p\u00fablico en general y se desarrollar\u00e1n en el\nSal\u00f3n de Actos del Poder Judicial, ubicado en el segundo piso de los Tribunales\nde Paran\u00e1.<\/p>\n\n\n\n<p><strong>Autoridades<\/strong><\/p>\n\n\n\n<p>En el acto estuvieron presentes los vocales del STJ,\nBernardo Salduna, Claudia Mizawak, Juan Ram\u00f3n Smaldone, Miguel Angel Giorgio y\nMart\u00edn Carbonelli; el procurador General de Entre R\u00edos, Jorge Garc\u00eda, y el\ndefensor General de la provincia, Maximiliano Ben\u00edtez, adem\u00e1s del secretario de\nJusticia de la provincia, Pablo Biaggini, e integrantes del Poder Judicial de\nprovincias argentinas, del Poder Ejecutivo, Administrativo y Judicial de Entre R\u00edos.<\/p>\n","protected":false},"excerpt":{"rendered":"<p>El gobernador Gustavo Bordet se\u00f1al\u00f3 que su gesti\u00f3n trabaja en generar las condiciones para la implementaci\u00f3n del sistema de Juicio por jurados en Entre R\u00edos, puesto que es necesario \u201cadaptar nuestras instituciones a lo que los tiempos de la democracia moderna nos exige\u201d Anticip\u00f3 que en los pr\u00f3ximos d\u00edas remitir\u00e1 a la legislatura entrerriana el proyecto de ley de Juicio por jurado, y abog\u00f3 para que la normativa tenga el m\u00e1s amplio consenso. Junto al presidente del Superior Tribunal de Justicia de Entre R\u00edos, Emilio Castrill\u00f3n, y los vocales del&#8230;<\/p>\n","protected":false},"author":3,"featured_media":47072,"comment_status":"closed","ping_status":"closed","sticky":false,"template":"","format":"standard","meta":[],"categories":[9],"tags":[],"_links":{"self":[{"href":"https:\/\/www.actualidadadiario.com\/index.php\/wp-json\/wp\/v2\/posts\/47071"}],"collection":[{"href":"https:\/\/www.actualidadadiario.com\/index.php\/wp-json\/wp\/v2\/posts"}],"about":[{"href":"https:\/\/www.actualidadadiario.com\/index.php\/wp-json\/wp\/v2\/types\/post"}],"author":[{"embeddable":true,"href":"https:\/\/www.actualidadadiario.com\/index.php\/wp-json\/wp\/v2\/users\/3"}],"replies":[{"embeddable":true,"href":"https:\/\/www.actualidadadiario.com\/index.php\/wp-json\/wp\/v2\/comments?post=47071"}],"version-history":[{"count":1,"href":"https:\/\/www.actualidadadiario.com\/index.php\/wp-json\/wp\/v2\/posts\/47071\/revisions"}],"predecessor-version":[{"id":47073,"href":"https:\/\/www.actualidadadiario.com\/index.php\/wp-json\/wp\/v2\/posts\/47071\/revisions\/47073"}],"wp:featuredmedia":[{"embeddable":true,"href":"https:\/\/www.actualidadadiario.com\/index.php\/wp-json\/wp\/v2\/media\/47072"}],"wp:attachment":[{"href":"https:\/\/www.actualidadadiario.com\/index.php\/wp-json\/wp\/v2\/media?parent=47071"}],"wp:term":[{"taxonomy":"category","embeddable":true,"href":"https:\/\/www.actualidadadiario.com\/index.php\/wp-json\/wp\/v2\/categories?post=47071"},{"taxonomy":"post_tag","embeddable":true,"href":"https:\/\/www.actualidadadiario.com\/index.php\/wp-json\/wp\/v2\/tags?post=47071"}],"curies":[{"name":"wp","href":"https:\/\/api.w.org\/{rel}","templated":true}]}}