{"id":47065,"date":"2019-06-26T10:18:18","date_gmt":"2019-06-26T13:18:18","guid":{"rendered":"https:\/\/www.actualidadadiario.com\/?p=47065"},"modified":"2019-06-26T10:18:18","modified_gmt":"2019-06-26T13:18:18","slug":"un-militar-de-la-comitiva-de-bolsonaro-fue-arrestado-con-39-kilos-de-cocaina","status":"publish","type":"post","link":"https:\/\/www.actualidadadiario.com\/index.php\/2019\/06\/26\/un-militar-de-la-comitiva-de-bolsonaro-fue-arrestado-con-39-kilos-de-cocaina\/","title":{"rendered":"Un militar de la comitiva de Bolsonaro fue arrestado con 39 kilos de coca\u00edna"},"content":{"rendered":"\n<p><strong><em>La Polic\u00eda espa\u00f1ola detuvo a un militar brasile\u00f1o, miembro de la comitiva oficial del presidente Jair Bolsonaro, al detectar en el aeropuerto de la ciudad de Sevilla una maleta con 39 kilos de coca\u00edna que presuntamente le pertenece<\/em><\/strong><\/p>\n\n\n\n<p><\/p>\n\n\n\n<p><\/p>\n\n\n\n<p>El militar, de 37 a\u00f1os, forma parte de la comitiva de\nBolsonaro que viaja hacia la cumbre del G20 en la ciudad japonesa de Osaka. Fue\ninterceptado en un control policial durante la escala en Sevilla, cuando se encontr\u00f3\nla droga en la maleta.<\/p>\n\n\n\n<p>La detenci\u00f3n del militar, que qued\u00f3 a disposici\u00f3n de la\njusticia espa\u00f1ola, fue confirmada por Bolsonaro, quien ofreci\u00f3 la\n&#8220;inmediata colaboraci\u00f3n&#8221; de Brasil para esclarecer el hecho.<\/p>\n\n\n\n<p>&#8220;He pedido al ministro de Defensa su inmediata\ncolaboraci\u00f3n con la Polic\u00eda espa\u00f1ola para el pronto an\u00e1lisis de los datos,\ncooperando en todas las fases de la investigaci\u00f3n&#8221;, se\u00f1al\u00f3 el mandatario\nen un mensaje que public\u00f3 en su cuenta de Twitter.<\/p>\n\n\n\n<p>En su mensaje, Bolsonaro se\u00f1al\u00f3 que fue informado por el\nMinisterio de Defensa de la detenci\u00f3n en la ciudad espa\u00f1ola de un militar\nperteneciente al &#8220;Ej\u00e9rcito de aviaci\u00f3n brasile\u00f1o que portaba\nestupefacientes&#8221;.<\/p>\n\n\n\n<p>&#8220;La Fuerzas Armadas (brasile\u00f1as) tienen un contingente\nde cerca de 300.000 hombres y mujeres formados en los m\u00e1s \u00edntegros principios\nde la \u00e9tica y moralidad&#8221;, se\u00f1al\u00f3 el jefe de Estado. En caso de que se\n&#8220;compruebe la implicaci\u00f3n del militar en ese delito, ser\u00e1 juzgado y\ncondenado conforme a la ley&#8221;, puntualiz\u00f3.<\/p>\n\n\n\n<p>El detenido viajaba en un avi\u00f3n de avanzada al del que\ntraslada al presidente brasile\u00f1o y estaba previsto que los dos vuelos llegasen\neste mi\u00e9rcoles a Osaka.<\/p>\n","protected":false},"excerpt":{"rendered":"<p>La Polic\u00eda espa\u00f1ola detuvo a un militar brasile\u00f1o, miembro de la comitiva oficial del presidente Jair Bolsonaro, al detectar en el aeropuerto de la ciudad de Sevilla una maleta con 39 kilos de coca\u00edna que presuntamente le pertenece El militar, de 37 a\u00f1os, forma parte de la comitiva de Bolsonaro que viaja hacia la cumbre del G20 en la ciudad japonesa de Osaka. Fue interceptado en un control policial durante la escala en Sevilla, cuando se encontr\u00f3 la droga en la maleta. La detenci\u00f3n del militar, que qued\u00f3 a disposici\u00f3n&#8230;<\/p>\n","protected":false},"author":3,"featured_media":47066,"comment_status":"closed","ping_status":"closed","sticky":false,"template":"","format":"standard","meta":[],"categories":[4],"tags":[],"_links":{"self":[{"href":"https:\/\/www.actualidadadiario.com\/index.php\/wp-json\/wp\/v2\/posts\/47065"}],"collection":[{"href":"https:\/\/www.actualidadadiario.com\/index.php\/wp-json\/wp\/v2\/posts"}],"about":[{"href":"https:\/\/www.actualidadadiario.com\/index.php\/wp-json\/wp\/v2\/types\/post"}],"author":[{"embeddable":true,"href":"https:\/\/www.actualidadadiario.com\/index.php\/wp-json\/wp\/v2\/users\/3"}],"replies":[{"embeddable":true,"href":"https:\/\/www.actualidadadiario.com\/index.php\/wp-json\/wp\/v2\/comments?post=47065"}],"version-history":[{"count":1,"href":"https:\/\/www.actualidadadiario.com\/index.php\/wp-json\/wp\/v2\/posts\/47065\/revisions"}],"predecessor-version":[{"id":47067,"href":"https:\/\/www.actualidadadiario.com\/index.php\/wp-json\/wp\/v2\/posts\/47065\/revisions\/47067"}],"wp:featuredmedia":[{"embeddable":true,"href":"https:\/\/www.actualidadadiario.com\/index.php\/wp-json\/wp\/v2\/media\/47066"}],"wp:attachment":[{"href":"https:\/\/www.actualidadadiario.com\/index.php\/wp-json\/wp\/v2\/media?parent=47065"}],"wp:term":[{"taxonomy":"category","embeddable":true,"href":"https:\/\/www.actualidadadiario.com\/index.php\/wp-json\/wp\/v2\/categories?post=47065"},{"taxonomy":"post_tag","embeddable":true,"href":"https:\/\/www.actualidadadiario.com\/index.php\/wp-json\/wp\/v2\/tags?post=47065"}],"curies":[{"name":"wp","href":"https:\/\/api.w.org\/{rel}","templated":true}]}}