{"id":4706,"date":"2016-11-17T10:03:33","date_gmt":"2016-11-17T13:03:33","guid":{"rendered":"http:\/\/actualidadadiario.com\/site\/?p=4706"},"modified":"2016-11-17T10:03:33","modified_gmt":"2016-11-17T13:03:33","slug":"antes-de-la-marcha-el-movimiento-evita-advierte-al-gobierno-por-conflictos-si-veta-la-emergencia-social","status":"publish","type":"post","link":"https:\/\/www.actualidadadiario.com\/index.php\/2016\/11\/17\/antes-de-la-marcha-el-movimiento-evita-advierte-al-gobierno-por-conflictos-si-veta-la-emergencia-social\/","title":{"rendered":"Antes de la marcha, el Movimiento Evita advierte al Gobierno por conflictos si veta la Emergencia Social"},"content":{"rendered":"<p><strong><em>Su referente, Emilio P\u00e9rsico, dijo que se &#8220;alterar\u00e1 la paz&#8221; en fin de a\u00f1o si el oficialismo no acompa\u00f1a el aumento de emergencia para planes sociales y AUH<\/em><\/strong><\/p>\n<p>&nbsp;<\/p>\n<p>&nbsp;<\/p>\n<p>&nbsp;<\/p>\n<p>&nbsp;<\/p>\n<p>&nbsp;<\/p>\n<p>&nbsp;<\/p>\n<p>El jefe del Movimiento Evita (ME), Emilio P\u00e9rsico, realiz\u00f3 una dura advertencia al Gobierno nacional a consider\u00f3 que en el caso de que Mauricio Macri vete la ley de Emergencia Social, que ya recibi\u00f3 media sanci\u00f3n en el Senado, &#8220;no le cabe la menor duda&#8221; de que se alterar\u00e1 la &#8220;paz&#8221; y anticip\u00f3 una &#8220;reacci\u00f3n&#8221; en su contra, justo a fines de a\u00f1o.<\/p>\n<p>&nbsp;<\/p>\n<p>&#8220;Un veto ser\u00eda una responsabilidad del Gobierno, m\u00e1s en las Fiestas, en las que tenemos que tratar de estar en paz; la responsabilidad de esto es del Gobierno&#8221;, enfatiz\u00f3 P\u00e9rsico a Radio 10.<\/p>\n<p>&nbsp;<\/p>\n<p>En relaci\u00f3n a la manifestaci\u00f3n que diversas organizaciones sociales est\u00e1n planeando para este viernes, acompa\u00f1adas por la CGT, el dirigente social anticip\u00f3 que ser\u00e1 &#8220;una marcha muy multitudinaria&#8221;. La misma est\u00e1 convocada a partir de las 14, para pedir la sanci\u00f3n definitiva de la Emergencia, y asistir\u00e1n la reunificada central sindical junto a la Confederaci\u00f3n de Trabajadores de la Econom\u00eda Popular (CTEP), Barrios de Pie y la Corriente Clasista Combativa (CCC).<\/p>\n<p>&nbsp;<\/p>\n<p>P\u00e9rsico evalu\u00f3 que un eventual veto del Ejecutivo a la ley de Emergencia Social alterar\u00eda la paz social y pronostic\u00f3 que &#8220;vamos a tener una reacci\u00f3n&#8221; en ese caso. Ser\u00eda, en caso de concretarse, el segundo veto de la gesti\u00f3n de Mauricio Macri, tras el que le aplic\u00f3 a la ley antidespidos.<\/p>\n<p>&nbsp;<\/p>\n<p>&#8220;Ser\u00eda una locura para las Fiestas vetar esta ley. Creo que ser\u00eda una responsabilidad pol\u00edtica (del Gobierno). Est\u00e1n todas las organizaciones de acuerdo, la izquierda y los distintos sectores sociales, entre otros, en que habr\u00eda un plan de lucha mucho m\u00e1s contundente si el Gobierno vetara la ley&#8221;, advirti\u00f3. El ex funcionario kirchnerista insisti\u00f3 con que, en ese caso, &#8220;la responsabilidad pol\u00edtica&#8221; ser\u00eda de la administraci\u00f3n nacional.<\/p>\n","protected":false},"excerpt":{"rendered":"<p>Su referente, Emilio P\u00e9rsico, dijo que se &#8220;alterar\u00e1 la paz&#8221; en fin de a\u00f1o si el oficialismo no acompa\u00f1a el aumento de emergencia para planes sociales y AUH &nbsp; &nbsp; &nbsp; &nbsp; &nbsp; &nbsp; El jefe del Movimiento Evita (ME), Emilio P\u00e9rsico, realiz\u00f3 una dura advertencia al Gobierno nacional a consider\u00f3 que en el caso de que Mauricio Macri vete la ley de Emergencia Social, que ya recibi\u00f3 media sanci\u00f3n en el Senado, &#8220;no le cabe la menor duda&#8221; de que se alterar\u00e1 la &#8220;paz&#8221; y anticip\u00f3 una &#8220;reacci\u00f3n&#8221; en&#8230;<\/p>\n","protected":false},"author":3,"featured_media":4707,"comment_status":"closed","ping_status":"closed","sticky":false,"template":"","format":"standard","meta":[],"categories":[18],"tags":[],"_links":{"self":[{"href":"https:\/\/www.actualidadadiario.com\/index.php\/wp-json\/wp\/v2\/posts\/4706"}],"collection":[{"href":"https:\/\/www.actualidadadiario.com\/index.php\/wp-json\/wp\/v2\/posts"}],"about":[{"href":"https:\/\/www.actualidadadiario.com\/index.php\/wp-json\/wp\/v2\/types\/post"}],"author":[{"embeddable":true,"href":"https:\/\/www.actualidadadiario.com\/index.php\/wp-json\/wp\/v2\/users\/3"}],"replies":[{"embeddable":true,"href":"https:\/\/www.actualidadadiario.com\/index.php\/wp-json\/wp\/v2\/comments?post=4706"}],"version-history":[{"count":1,"href":"https:\/\/www.actualidadadiario.com\/index.php\/wp-json\/wp\/v2\/posts\/4706\/revisions"}],"predecessor-version":[{"id":4708,"href":"https:\/\/www.actualidadadiario.com\/index.php\/wp-json\/wp\/v2\/posts\/4706\/revisions\/4708"}],"wp:featuredmedia":[{"embeddable":true,"href":"https:\/\/www.actualidadadiario.com\/index.php\/wp-json\/wp\/v2\/media\/4707"}],"wp:attachment":[{"href":"https:\/\/www.actualidadadiario.com\/index.php\/wp-json\/wp\/v2\/media?parent=4706"}],"wp:term":[{"taxonomy":"category","embeddable":true,"href":"https:\/\/www.actualidadadiario.com\/index.php\/wp-json\/wp\/v2\/categories?post=4706"},{"taxonomy":"post_tag","embeddable":true,"href":"https:\/\/www.actualidadadiario.com\/index.php\/wp-json\/wp\/v2\/tags?post=4706"}],"curies":[{"name":"wp","href":"https:\/\/api.w.org\/{rel}","templated":true}]}}