{"id":47059,"date":"2019-06-26T10:16:58","date_gmt":"2019-06-26T13:16:58","guid":{"rendered":"https:\/\/www.actualidadadiario.com\/?p=47059"},"modified":"2019-06-26T10:16:58","modified_gmt":"2019-06-26T13:16:58","slug":"el-infierno-esta-llegando-la-ola-de-calor-es-record-en-europa-y-se-acerca-una-masa-de-aire-caliente-desde-el-sahara","status":"publish","type":"post","link":"https:\/\/www.actualidadadiario.com\/index.php\/2019\/06\/26\/el-infierno-esta-llegando-la-ola-de-calor-es-record-en-europa-y-se-acerca-una-masa-de-aire-caliente-desde-el-sahara\/","title":{"rendered":"&#8220;El infierno est\u00e1 llegando&#8221;: la ola de calor es r\u00e9cord en Europa y se acerca una masa de aire caliente desde el Sahara"},"content":{"rendered":"\n<p><strong><em>El viento proveniente del Sahara eleva los term\u00f3metros por encima de niveles hist\u00f3ricos para el mes de junio. Se espera que el calor m\u00e1s alto se sienta el pr\u00f3ximo fin de semana<\/em><\/strong><\/p>\n\n\n\n<p><\/p>\n\n\n\n<p><\/p>\n\n\n\n<p>El mercurio segu\u00eda subiendo este martes en Europa,\nespecialmente en el oeste del continente, con temperaturas in\u00e9ditas para un mes\nde junio que podr\u00edan intensificarse en los pr\u00f3ximos d\u00edas en varios pa\u00edses.<\/p>\n\n\n\n<p>En Francia, donde la ola de calor proveniente del desierto\ndel Sahara se instal\u00f3 desde inicios de semana, las autoridades emitieron una\nalerta naranja en 65 departamentos del pa\u00eds y pidieron a los residentes tomar\nprecauciones.<\/p>\n\n\n\n<p>El pa\u00eds sigue traumatizado por la ola de calor de agosto de\n2003, a la que se le atribuye la muerte de 15.000 personas, principalmente\nancianos, m\u00e1s vulnerables al calor.<\/p>\n\n\n\n<p>&#8220;Traje a los ni\u00f1os para que se refresquen un poco, en\ncasa nos sentimos sofocados&#8221;, cuenta Cecilia Teran, una madre de dos\npeque\u00f1os de 7 y 2 a\u00f1os. El term\u00f3metro marcaba el martes por la tarde en la\ncapital francesa 32 \u00b0C.<\/p>\n\n\n\n<p>Seg\u00fan el organismo nacional de previsi\u00f3n meteorol\u00f3gica,\nM\u00e9t\u00e9o France, esta racha de calor no tiene precedentes para un mes de junio,\ndesde 1947 por su intensidad.<\/p>\n\n\n\n<p>Los expertos prev\u00e9n que el term\u00f3metro siga subiendo el\nmi\u00e9rcoles, hasta superar los 40 \u00b0C en varias localidades del este y del centro\nde Francia, como Besanz\u00f3n, Clermont-Ferrand o Lyon, y se extender\u00e1 hasta\nfinales de semana, al menos en el sureste del pa\u00eds.<\/p>\n\n\n\n<p><strong>&#8220;El infierno is\ncoming&#8221;<\/strong><\/p>\n\n\n\n<p>En Espa\u00f1a, esta ola de calor durar\u00e1 al menos hasta el 1 de\njulio. Las temperaturas podr\u00edan alcanzar el viernes 45 \u00b0C en Gerona y 44 \u00baC el\nfin de semana en Zaragoza, ambas en el noreste del pa\u00eds.<\/p>\n\n\n\n<p>&#8220;El infierno &#8216;is coming'&#8221;, anunci\u00f3 en su cuenta\nTwitter la meteor\u00f3loga Silvia Laplana, del canal p\u00fablico RTVE, junto a un mapa\npr\u00e1cticamente te\u00f1ido de rojo.<\/p>\n\n\n\n<p>&#8220;Por supuesto que en verano hace calor pero cuando\nhablamos de una ola de calor tan extensa e intensa, en la que, previsiblemente,\nse batir\u00e1n r\u00e9cords, eso ya no es lo normal&#8221;, afirm\u00f3.<\/p>\n\n\n\n<p>La agencia espa\u00f1ola de meteorolog\u00eda, AEMET, puso en alerta\nnaranja a cinco provincias del norte para el mi\u00e9rcoles, cuando el pa\u00eds\ncomenzar\u00e1 a sentir el fen\u00f3meno &#8220;excepcionalmente adverso&#8221; de la ola\nde calor, con temperaturas de hasta 39 \u00baC.<\/p>\n\n\n\n<p>Italia, pa\u00eds m\u00e1s acostumbrado a las altas temperaturas,\nregistra valores &#8220;ins\u00f3litos&#8221; y que no se viv\u00edan desde hace m\u00e1s de un\nsiglo en el norte del pa\u00eds, seg\u00fan los expertos.<\/p>\n\n\n\n<p>As\u00ed, entre el mi\u00e9rcoles y el viernes se prev\u00e9 que los\nterm\u00f3metros alcancen los 43 grados en ciudades como Alessandria o los 40 en\nMil\u00e1n.<\/p>\n\n\n\n<p>Seg\u00fan los servicios de urgencias de Siena (centro de\nItalia), m\u00e1s de un centenar de personas se han acercado con s\u00edntomas de\ninsuficiencia card\u00edaca y deshidrataci\u00f3n como consecuencia del calor.<\/p>\n\n\n\n<p>En Alemania, donde los meteor\u00f3logos han advertido que se\npodr\u00eda romper un r\u00e9cord de 38,5 \u00baC para un mes de junio, las autoridades han\nimpuesto restricciones de velocidad en algunos tramos de las autopistas hasta\nnuevo aviso, debido al riesgo de que el asfalto caliente se rompa por las\ntemperaturas inusualmente altas.<\/p>\n\n\n\n<p>M\u00e1s al este, en Lituania, 27 personas se han ahogado en lo\nque va de junio entre las multitudes que acuden a lagos y r\u00edos para\nrefrescarse. Las temperaturas se elevan en ese pa\u00eds a un inusual m\u00e1ximo de 35,7\n\u00baC.<\/p>\n\n\n\n<p>&#8220;Los pr\u00f3ximos d\u00edas ser\u00e1n dif\u00edciles para muchas\npersonas, pero especialmente para las personas mayores, los ni\u00f1os peque\u00f1os y\nlas personas con enfermedades subyacentes o movilidad limitada&#8221;, dijo el\ndoctor Davron Mukhamadiev, coordinador regional de salud de la federaci\u00f3n de la\nCruz Roja para Europa.<\/p>\n\n\n\n<p><strong>Cambio clim\u00e1tico<\/strong><\/p>\n\n\n\n<p>Para los cient\u00edficos no cabe duda: las can\u00edculas, cada vez\nm\u00e1s frecuentes y precoces, son un s\u00edntoma del cambio clim\u00e1tico. &#8220;Nuestro\ndiagn\u00f3stico es que cada vez van a ser m\u00e1s precoces, m\u00e1s intensas y m\u00e1s\nfrecuentes&#8221;, advierte Jean Jouzel, ex vicepresidente del Giec (expertos\ndel clima de la ONU).<\/p>\n\n\n\n<p>&#8220;Los veranos m\u00e1s calurosos en Europa desde el a\u00f1o 1500\nson todos de principios del siglo XXI: 2018, 2010, 2003, 2016, 2002&#8221;,\napunta Stefan Rahmstorf, investigador del Potsdam Institute for Climate Impact\nResearch (PIK).<\/p>\n\n\n\n<p>&#8220;Este aumento de los extremos de calor se est\u00e1\nproduciendo como la ciencia hab\u00eda previsto, como resultado directo de un\ncalentamiento inducido por los gases de efecto invernadero de la combusti\u00f3n de\ncarb\u00f3n, petr\u00f3leo y gas&#8221;, a\u00f1ade.<\/p>\n","protected":false},"excerpt":{"rendered":"<p>El viento proveniente del Sahara eleva los term\u00f3metros por encima de niveles hist\u00f3ricos para el mes de junio. Se espera que el calor m\u00e1s alto se sienta el pr\u00f3ximo fin de semana El mercurio segu\u00eda subiendo este martes en Europa, especialmente en el oeste del continente, con temperaturas in\u00e9ditas para un mes de junio que podr\u00edan intensificarse en los pr\u00f3ximos d\u00edas en varios pa\u00edses. En Francia, donde la ola de calor proveniente del desierto del Sahara se instal\u00f3 desde inicios de semana, las autoridades emitieron una alerta naranja en 65&#8230;<\/p>\n","protected":false},"author":3,"featured_media":47060,"comment_status":"closed","ping_status":"closed","sticky":false,"template":"","format":"standard","meta":[],"categories":[4],"tags":[],"_links":{"self":[{"href":"https:\/\/www.actualidadadiario.com\/index.php\/wp-json\/wp\/v2\/posts\/47059"}],"collection":[{"href":"https:\/\/www.actualidadadiario.com\/index.php\/wp-json\/wp\/v2\/posts"}],"about":[{"href":"https:\/\/www.actualidadadiario.com\/index.php\/wp-json\/wp\/v2\/types\/post"}],"author":[{"embeddable":true,"href":"https:\/\/www.actualidadadiario.com\/index.php\/wp-json\/wp\/v2\/users\/3"}],"replies":[{"embeddable":true,"href":"https:\/\/www.actualidadadiario.com\/index.php\/wp-json\/wp\/v2\/comments?post=47059"}],"version-history":[{"count":1,"href":"https:\/\/www.actualidadadiario.com\/index.php\/wp-json\/wp\/v2\/posts\/47059\/revisions"}],"predecessor-version":[{"id":47061,"href":"https:\/\/www.actualidadadiario.com\/index.php\/wp-json\/wp\/v2\/posts\/47059\/revisions\/47061"}],"wp:featuredmedia":[{"embeddable":true,"href":"https:\/\/www.actualidadadiario.com\/index.php\/wp-json\/wp\/v2\/media\/47060"}],"wp:attachment":[{"href":"https:\/\/www.actualidadadiario.com\/index.php\/wp-json\/wp\/v2\/media?parent=47059"}],"wp:term":[{"taxonomy":"category","embeddable":true,"href":"https:\/\/www.actualidadadiario.com\/index.php\/wp-json\/wp\/v2\/categories?post=47059"},{"taxonomy":"post_tag","embeddable":true,"href":"https:\/\/www.actualidadadiario.com\/index.php\/wp-json\/wp\/v2\/tags?post=47059"}],"curies":[{"name":"wp","href":"https:\/\/api.w.org\/{rel}","templated":true}]}}