{"id":47049,"date":"2019-06-26T10:13:53","date_gmt":"2019-06-26T13:13:53","guid":{"rendered":"https:\/\/www.actualidadadiario.com\/?p=47049"},"modified":"2019-06-26T10:13:53","modified_gmt":"2019-06-26T13:13:53","slug":"los-celestes-intentan-frenar-la-designacion-de-la-defensora-del-nino-porque-apoyo-el-aborto","status":"publish","type":"post","link":"https:\/\/www.actualidadadiario.com\/index.php\/2019\/06\/26\/los-celestes-intentan-frenar-la-designacion-de-la-defensora-del-nino-porque-apoyo-el-aborto\/","title":{"rendered":"Los celestes intentan frenar la designaci\u00f3n de la defensora del ni\u00f1o porque apoy\u00f3 el aborto"},"content":{"rendered":"\n<p><strong><em>Es Marisa Graham, aprobada por unanimidad en la bicameral. Su pliego se vota este mi\u00e9rcoles en Diputados y los detractores del aborto legal se expresar\u00edan en contra. Los verdes conf\u00edan que llegar\u00e1n igual<\/em><\/strong><\/p>\n\n\n\n<p><\/p>\n\n\n\n<p><\/p>\n\n\n\n<p>Tras 14 a\u00f1os, el 25 de abril la bicameral permanente\ndefensor de los derechos de ni\u00f1os, ni\u00f1as y adolescentes eligi\u00f3 Marisa Graham\ncomo defensora del ni\u00f1o, con el voto un\u00e1nime de todas las fuerzas pol\u00edticas\ncomo garant\u00eda de su aprobaci\u00f3n en los recintos.<\/p>\n\n\n\n<p>Pero pronto apareci\u00f3 el problema de \u00e9poca: Graham apoy\u00f3 la\nlegalizaci\u00f3n del aborto y Unidad Provida, el think tank celeste con mayor poder\nde lobby, empez\u00f3 a llamar a los legisladores para que archiven el pliego.&nbsp; Este mi\u00e9rcoles se votar\u00e1 en Diputados y un grupo\nlo rechazar\u00e1, aunque los verdes conf\u00edan en aprobarla sin problemas.<\/p>\n\n\n\n<p>Los Provida se demoraron mucho en mirar el curr\u00edculum de\nGraham: como sus adjuntos elegidos, debi\u00f3 superar un concurso p\u00fablico con un\nriguroso examen en el recinto de Diputados.<\/p>\n\n\n\n<p>Sin embargo, una entrevista fue suficiente para alterar a la\ntropa celeste, porque adem\u00e1s de reconocer su respaldo al aborto legal, se\nrefiri\u00f3 a &#8220;los ni\u00f1os de aquellos embarazos que quieran llegar a\nt\u00e9rmino&#8221;.<\/p>\n\n\n\n<p>&#8220;Esto discrimina y desampara a los ni\u00f1os que por cualquier\nmotivo, ya sea por vulnerabilidad, enfermedad o dificultad, dejen de ser\ndeseados por al menos un momento, poni\u00e9ndolos en riesgo de muerte&#8221;,\ndenunciaron.<\/p>\n\n\n\n<p>El pliego de Graham necesita mayor\u00eda simple y el lunes las\nautoridades de todas las fuerzas pol\u00edticas hicieron su punteo y confiaron en\nllegar alcanzarla sin problemas, tanto que incluyeron su pliego en el temario\nde la sesi\u00f3n.<\/p>\n\n\n\n<p>En la noche del martes, el interbloque Cambiemos se reuni\u00f3,\nsus celestes anticiparon que votar\u00e1n en contra o se abstendr\u00e1n y sus compa\u00f1eros\nverdes quedaron convencidos de tener los n\u00fameros para imponerse.<\/p>\n\n\n\n<p>&#8220;El kirchnerismo es casi todo verde y si aporta sus\nvotos llegamos c\u00f3modos&#8221;, sostuvieron. La sesi\u00f3n es al mediod\u00eda. El poroteo\nempezar\u00e1 un rato antes. Y podr\u00eda seguir en el Senado, en s\u00f3lo un par de\nsemanas.<\/p>\n","protected":false},"excerpt":{"rendered":"<p>Es Marisa Graham, aprobada por unanimidad en la bicameral. Su pliego se vota este mi\u00e9rcoles en Diputados y los detractores del aborto legal se expresar\u00edan en contra. Los verdes conf\u00edan que llegar\u00e1n igual Tras 14 a\u00f1os, el 25 de abril la bicameral permanente defensor de los derechos de ni\u00f1os, ni\u00f1as y adolescentes eligi\u00f3 Marisa Graham como defensora del ni\u00f1o, con el voto un\u00e1nime de todas las fuerzas pol\u00edticas como garant\u00eda de su aprobaci\u00f3n en los recintos. Pero pronto apareci\u00f3 el problema de \u00e9poca: Graham apoy\u00f3 la legalizaci\u00f3n del aborto y&#8230;<\/p>\n","protected":false},"author":3,"featured_media":47050,"comment_status":"closed","ping_status":"closed","sticky":false,"template":"","format":"standard","meta":[],"categories":[18],"tags":[],"_links":{"self":[{"href":"https:\/\/www.actualidadadiario.com\/index.php\/wp-json\/wp\/v2\/posts\/47049"}],"collection":[{"href":"https:\/\/www.actualidadadiario.com\/index.php\/wp-json\/wp\/v2\/posts"}],"about":[{"href":"https:\/\/www.actualidadadiario.com\/index.php\/wp-json\/wp\/v2\/types\/post"}],"author":[{"embeddable":true,"href":"https:\/\/www.actualidadadiario.com\/index.php\/wp-json\/wp\/v2\/users\/3"}],"replies":[{"embeddable":true,"href":"https:\/\/www.actualidadadiario.com\/index.php\/wp-json\/wp\/v2\/comments?post=47049"}],"version-history":[{"count":1,"href":"https:\/\/www.actualidadadiario.com\/index.php\/wp-json\/wp\/v2\/posts\/47049\/revisions"}],"predecessor-version":[{"id":47051,"href":"https:\/\/www.actualidadadiario.com\/index.php\/wp-json\/wp\/v2\/posts\/47049\/revisions\/47051"}],"wp:featuredmedia":[{"embeddable":true,"href":"https:\/\/www.actualidadadiario.com\/index.php\/wp-json\/wp\/v2\/media\/47050"}],"wp:attachment":[{"href":"https:\/\/www.actualidadadiario.com\/index.php\/wp-json\/wp\/v2\/media?parent=47049"}],"wp:term":[{"taxonomy":"category","embeddable":true,"href":"https:\/\/www.actualidadadiario.com\/index.php\/wp-json\/wp\/v2\/categories?post=47049"},{"taxonomy":"post_tag","embeddable":true,"href":"https:\/\/www.actualidadadiario.com\/index.php\/wp-json\/wp\/v2\/tags?post=47049"}],"curies":[{"name":"wp","href":"https:\/\/api.w.org\/{rel}","templated":true}]}}