{"id":47043,"date":"2019-06-26T10:10:55","date_gmt":"2019-06-26T13:10:55","guid":{"rendered":"https:\/\/www.actualidadadiario.com\/?p=47043"},"modified":"2019-06-26T10:10:55","modified_gmt":"2019-06-26T13:10:55","slug":"alberto-elige-a-los-gobernadores-para-dar-inicio-a-la-campana","status":"publish","type":"post","link":"https:\/\/www.actualidadadiario.com\/index.php\/2019\/06\/26\/alberto-elige-a-los-gobernadores-para-dar-inicio-a-la-campana\/","title":{"rendered":"Alberto elige a los gobernadores para dar inicio a la campa\u00f1a"},"content":{"rendered":"\n<p><strong><em>Visit\u00f3 al tucumano Juan Manzur y hoy volver\u00e1 a mostrarse junto a otros mandatarios en un acto gremial<\/em><\/strong><\/p>\n\n\n\n<p><\/p>\n\n\n\n<p><\/p>\n\n\n\n<p>Alberto Fern\u00e1ndez eligi\u00f3 viajar a una provincia y mostrarse\ncon un gobernador para su primera actividad de campa\u00f1a tras el cierre de\nlistas. El precandidato a presidente del Frente de Todos se reuni\u00f3 ayer en\nTucum\u00e1n con el gobernador Juan Manzur y volver\u00e1 a verse con jefes provinciales hoy,\nen otra aparici\u00f3n p\u00fablica.<\/p>\n\n\n\n<p>Los encuentros con gobernadores y con intendentes no son al\nazar y se convertir\u00e1n en uno de los sellos de la campa\u00f1a de Fern\u00e1ndez. Ser\u00e1n\nuna manera de aprovechar el poder territorial de unos y otros para mostrar\nestructura y apoyo. Tambi\u00e9n, desde el punto de vista discursivo y simb\u00f3lico, para\nreforzar la idea de que Fern\u00e1ndez es el candidato, y el eventual presidente,\n&#8220;del federalismo&#8221;.<\/p>\n\n\n\n<p>El candidato pas\u00f3 todo el d\u00eda en Tucum\u00e1n. Minutos despu\u00e9s de\naterrizar en el aeropuerto de San Miguel, acompa\u00f1\u00f3 a Manzur en la inauguraci\u00f3n\nde un centro de atenci\u00f3n de adicciones (Cepla) en un barrio de la capital.\nDestac\u00f3 &#8220;el esfuerzo del gobierno de Tucum\u00e1n de terminar de construir este\nCepla, en una de las zonas m\u00e1s pobres de la provincia, para resolver uno de los\nflagelos que tiene la Argentina, que son las adicciones&#8221;. All\u00ed, se deshizo\nen elogios a Manzur, el \u00fanico gobernador que lo visit\u00f3 en la cl\u00ednica mientras\nestuvo internado por una afecci\u00f3n pulmonar, hace pocas semanas.<\/p>\n\n\n\n<p>&#8220;Tengo un enorme cari\u00f1o por Juan. Desde el primer\nmomento del anuncio de mi candidatura se puso a mi lado para ayudarme. Valoro y\npondero mucho eso&#8221;, asegur\u00f3 Fern\u00e1ndez ante los periodistas que lo\nesperaban en el lugar.<\/p>\n\n\n\n<p>Por otro lado, en decidido tono de campa\u00f1a, se autopostul\u00f3\ncomo el presidente &#8220;de la unidad&#8221;. &#8220;Quiero ser el presidente que\nnos una, que deje de dividirnos&#8221;, dijo. Enseguida, se refiri\u00f3 al peronismo\ncomo &#8220;el movimiento que naci\u00f3 para industrializar la Argentina&#8221; y\ncomo &#8220;el que va a devolver el trabajo a los que lo perdieron, asegurarles\nel trabajo a los que lo tienen y volver a poner a los chicos en las escuelas&#8221;.<\/p>\n\n\n\n<p>Adem\u00e1s, Fern\u00e1ndez consider\u00f3 que sobre su espacio pol\u00edtico:\n&#8220;Fuimos logrando la unidad del peronismo con el esfuerzo de todos. Tenemos\nlos brazos abiertos a todos los que se quieran sumar&#8221;, afirm\u00f3 a la agencia\nT\u00e9lam.<\/p>\n\n\n\n<p>Cuando le preguntaron por el cierre de listas y la situaci\u00f3n\nde los excluidos, los habituales &#8220;heridos&#8221; de esa selecci\u00f3n, destac\u00f3\n&#8220;la enorme generosidad de Cristina [Kirchner] y el esfuerzo de Sergio\nMassa. Tambi\u00e9n dijo tener &#8220;los brazos abiertos&#8221; para recibir a Jos\u00e9\nAlperovich, que a principios de mes perdi\u00f3 por paliza la elecci\u00f3n a gobernador\nen la que Manzur result\u00f3 reelegido. &#8220;Tenemos que estar todos juntos&#8221;,\nareng\u00f3 el exministro de Gabinete de N\u00e9stor y Cristina Kirchner.<\/p>\n\n\n\n<p>Despu\u00e9s de la inauguraci\u00f3n del centro de atenci\u00f3n de\nadicciones, Fern\u00e1ndez visit\u00f3 el ingenio La Florida, en el departamento de Cruz\nAlta, a 50 kil\u00f3metros de San Miguel, y luego encabez\u00f3 junto a Manzur a un acto\ncon dirigentes locales en el Club Caja, de la capital provincial. A la hora de\nla cena se les sum\u00f3 el gobernador de Santiago del Estero, Gerardo Zamora.<\/p>\n\n\n\n<p>El \u00e1lbum de fotos de Fern\u00e1ndez con gobernadores sumar\u00e1 una\nnueva p\u00e1gina hoy en Buenos Aires. El candidato a presidente volver\u00e1 a la ciudad\npor la ma\u00f1ana, acompa\u00f1ado por Manzur y juntos participar\u00e1n de un acto en La\nBancaria, el gremio que comanda Sergio Palazzo, un radical cercano a Cristina\nKirchner. El gremialista fue de los m\u00e1s beneficiados en el reparto de lugares\nen las listas: tres dirigentes de su confianza ser\u00e1n candidatos a diputados\nnacionales en Tucum\u00e1n, Buenos Aires y Santa Fe, respectivamente, dos de ellos\ncon chances de conseguir una banca. A la cita en La Bancaria se sumar\u00e1 el\ngobernador de La Pampa, Carlos Verna.<\/p>\n\n\n\n<p>Manzur, Verna y Zamora son tres de los 13 gobernadores que\nya decidieron que sus listas de candidatos a legisladores nacionales ir\u00e1n\ncolgadas de la f\u00f3rmula presidencial que Fern\u00e1ndez comparte con Cristina. Lo\nmismo har\u00e1n los caciques de Entre R\u00edos, San Juan, San Luis, Formosa, Tierra del\nFuego, Santa Fe, Chaco, Catamarca, La Rioja y Santa Cruz. Con lista corta, en\ncambio, ir\u00e1n Juan Schiaretti (C\u00f3rdoba), Omar Guti\u00e9rrez (Neuqu\u00e9n), Alberto\nWeretilneck (R\u00edo Negro), Mariano Arcioni (Chubut) y Hugo Passalacqua\n(Misiones).<\/p>\n","protected":false},"excerpt":{"rendered":"<p>Visit\u00f3 al tucumano Juan Manzur y hoy volver\u00e1 a mostrarse junto a otros mandatarios en un acto gremial Alberto Fern\u00e1ndez eligi\u00f3 viajar a una provincia y mostrarse con un gobernador para su primera actividad de campa\u00f1a tras el cierre de listas. El precandidato a presidente del Frente de Todos se reuni\u00f3 ayer en Tucum\u00e1n con el gobernador Juan Manzur y volver\u00e1 a verse con jefes provinciales hoy, en otra aparici\u00f3n p\u00fablica. Los encuentros con gobernadores y con intendentes no son al azar y se convertir\u00e1n en uno de los sellos&#8230;<\/p>\n","protected":false},"author":3,"featured_media":47044,"comment_status":"closed","ping_status":"closed","sticky":false,"template":"","format":"standard","meta":[],"categories":[18],"tags":[],"_links":{"self":[{"href":"https:\/\/www.actualidadadiario.com\/index.php\/wp-json\/wp\/v2\/posts\/47043"}],"collection":[{"href":"https:\/\/www.actualidadadiario.com\/index.php\/wp-json\/wp\/v2\/posts"}],"about":[{"href":"https:\/\/www.actualidadadiario.com\/index.php\/wp-json\/wp\/v2\/types\/post"}],"author":[{"embeddable":true,"href":"https:\/\/www.actualidadadiario.com\/index.php\/wp-json\/wp\/v2\/users\/3"}],"replies":[{"embeddable":true,"href":"https:\/\/www.actualidadadiario.com\/index.php\/wp-json\/wp\/v2\/comments?post=47043"}],"version-history":[{"count":1,"href":"https:\/\/www.actualidadadiario.com\/index.php\/wp-json\/wp\/v2\/posts\/47043\/revisions"}],"predecessor-version":[{"id":47045,"href":"https:\/\/www.actualidadadiario.com\/index.php\/wp-json\/wp\/v2\/posts\/47043\/revisions\/47045"}],"wp:featuredmedia":[{"embeddable":true,"href":"https:\/\/www.actualidadadiario.com\/index.php\/wp-json\/wp\/v2\/media\/47044"}],"wp:attachment":[{"href":"https:\/\/www.actualidadadiario.com\/index.php\/wp-json\/wp\/v2\/media?parent=47043"}],"wp:term":[{"taxonomy":"category","embeddable":true,"href":"https:\/\/www.actualidadadiario.com\/index.php\/wp-json\/wp\/v2\/categories?post=47043"},{"taxonomy":"post_tag","embeddable":true,"href":"https:\/\/www.actualidadadiario.com\/index.php\/wp-json\/wp\/v2\/tags?post=47043"}],"curies":[{"name":"wp","href":"https:\/\/api.w.org\/{rel}","templated":true}]}}