{"id":47040,"date":"2019-06-26T10:10:10","date_gmt":"2019-06-26T13:10:10","guid":{"rendered":"https:\/\/www.actualidadadiario.com\/?p=47040"},"modified":"2019-06-26T10:10:10","modified_gmt":"2019-06-26T13:10:10","slug":"comenzaron-a-debatirse-en-el-senado-tres-proyectos-para-incorporar-la-perspectiva-de-genero-al-presupuesto","status":"publish","type":"post","link":"https:\/\/www.actualidadadiario.com\/index.php\/2019\/06\/26\/comenzaron-a-debatirse-en-el-senado-tres-proyectos-para-incorporar-la-perspectiva-de-genero-al-presupuesto\/","title":{"rendered":"Comenzaron a debatirse en el Senado tres proyectos para incorporar la perspectiva de g\u00e9nero al Presupuesto"},"content":{"rendered":"\n<p><strong><em>Las propuestas presentadas buscan la identificaci\u00f3n espec\u00edfica de partidas destinadas a lograr el pleno acceso de las mujeres a todos los derechos<\/em><\/strong><\/p>\n\n\n\n<p><\/p>\n\n\n\n<p><\/p>\n\n\n\n<p>Un plenario de comisiones del Senado comenz\u00f3 a debatir este\nmartes tres proyectos de ley que proponen incorporar la perspectiva de g\u00e9nero\nal Presupuesto Nacional mediante la identificaci\u00f3n espec\u00edfica de partidas\ndestinadas a lograr el pleno acceso de las mujeres a todos los derechos.<\/p>\n\n\n\n<p>El debate que se llev\u00f3 a cabo en el sal\u00f3n Atrio del Palacio\nLegislativo cont\u00f3 con representantes de la ONU en Argentina, funcionarios y la\ntitular del Instituto Nacional de las Mujeres, Fabiana Tu\u00f1ez.<\/p>\n\n\n\n<p>Los proyectos que se pusieron en discusi\u00f3n fueron\npresentados por las senadoras Gladys Gonz\u00e1lez, Laura Rodr\u00edguez Machado y Pamela\nVerasay, de Cambiemos; Sigrid Kunath, del PJ, y Mar\u00eda Teresa Gonz\u00e1lez, del\nBloque Justicialista.<\/p>\n\n\n\n<p>La propuesta de Cambiemos busca en su art\u00edculo primero\n&#8220;efectuar un an\u00e1lisis transversal del Presupuesto Nacional para incorporar\nel enfoque del Presupuesto Sensible al G\u00e9nero&#8221; al que define como la\nasignaci\u00f3n de gastos destinado a lograr &#8220;el pleno acceso de las mujeres a\ntodos los derechos, la igualdad de oportunidades y la erradicaci\u00f3n de la\nviolencia de g\u00e9nero en todos sus tipos y modalidades&#8221;.<\/p>\n\n\n\n<p>En su art\u00edculo tres establece la identificaci\u00f3n de las\npartidas presupuestarias bajo el enfoque del Presupuesto Sensible al G\u00e9nero en\nel Presupuesto Nacional mediante nuevas categor\u00edas program\u00e1ticas y el\netiquetado de otras existentes, conforme a la t\u00e9cnica de presupuesto por\nprogramas y su orientaci\u00f3n a resultados.<\/p>\n\n\n\n<p>Sostiene adem\u00e1s que &#8220;deber\u00e1n estar reflejadas todas\naquellas acciones que las jurisdicciones y entidades realizan en materia de\npol\u00edticas de g\u00e9nero&#8221;.<\/p>\n\n\n\n<p>Ante un plenario de las comisiones de Presupuesto y de la\nBanca de la Mujer, conducido por sus titulares Esteban Bullrich y Norma\nDurango, la representante de ONU Mujeres Argentina, Florence Anne Raes,\nconsider\u00f3 que adem\u00e1s de &#8220;promover la igualdad&#8221;, el &#8220;gran\nlogro&#8221; de iniciativas como estas es &#8220;permitir la transparencia de la\nrendici\u00f3n de cuentas&#8221;.<\/p>\n\n\n\n<p>La dirigente ponder\u00f3 &#8220;la eficacia de gesti\u00f3n y la\neconom\u00eda de recursos&#8221; y remarc\u00f3 que el primer paso es tener la ley y\nconsensuar entre las tres propuestas presentadas.<\/p>\n\n\n\n<p>Tu\u00f1ez destac\u00f3 la importancia de &#8220;tener un presupuesto\ncon perspectiva de g\u00e9nero porque lo que no se cuenta y no se nombre no\nexiste&#8221;.<\/p>\n\n\n\n<p>&#8220;Identificando partidas este a\u00f1o nos encontramos que\nhab\u00eda un mont\u00f3n de recursos destinados a pol\u00edticas de g\u00e9nero que al no estar\nidentificados dentro del presupuesto se perd\u00edan, entonces parec\u00eda que el \u00fanico\ndinero invertido era el del Instituto Nacional de las Mujeres&#8221;, expres\u00f3.<\/p>\n\n\n\n<p>La funcionaria evalu\u00f3 no obstante que &#8220;el principal\ndesaf\u00edo siegue siendo el cambio cultural, con presupuesto para llevar adelante\nlas pol\u00edticas p\u00fablicas&#8221;.<\/p>\n\n\n\n<p>Mar\u00eda Graciela de la Rosa, senadora mandato cumplido y\nmiembro de la Auditor\u00eda General de la Naci\u00f3n, coincidi\u00f3 con la importancia de\nla propuesta y declar\u00f3 que &#8220;es una necesidad que hoy tiene la Argentina\ncontar con presupuesto donde se visualice y se pueda analizar el impacto de los\npresupuestos p\u00fablicos en el tema g\u00e9nero&#8221;.<\/p>\n","protected":false},"excerpt":{"rendered":"<p>Las propuestas presentadas buscan la identificaci\u00f3n espec\u00edfica de partidas destinadas a lograr el pleno acceso de las mujeres a todos los derechos Un plenario de comisiones del Senado comenz\u00f3 a debatir este martes tres proyectos de ley que proponen incorporar la perspectiva de g\u00e9nero al Presupuesto Nacional mediante la identificaci\u00f3n espec\u00edfica de partidas destinadas a lograr el pleno acceso de las mujeres a todos los derechos. El debate que se llev\u00f3 a cabo en el sal\u00f3n Atrio del Palacio Legislativo cont\u00f3 con representantes de la ONU en Argentina, funcionarios y&#8230;<\/p>\n","protected":false},"author":3,"featured_media":47041,"comment_status":"closed","ping_status":"closed","sticky":false,"template":"","format":"standard","meta":[],"categories":[18],"tags":[],"_links":{"self":[{"href":"https:\/\/www.actualidadadiario.com\/index.php\/wp-json\/wp\/v2\/posts\/47040"}],"collection":[{"href":"https:\/\/www.actualidadadiario.com\/index.php\/wp-json\/wp\/v2\/posts"}],"about":[{"href":"https:\/\/www.actualidadadiario.com\/index.php\/wp-json\/wp\/v2\/types\/post"}],"author":[{"embeddable":true,"href":"https:\/\/www.actualidadadiario.com\/index.php\/wp-json\/wp\/v2\/users\/3"}],"replies":[{"embeddable":true,"href":"https:\/\/www.actualidadadiario.com\/index.php\/wp-json\/wp\/v2\/comments?post=47040"}],"version-history":[{"count":1,"href":"https:\/\/www.actualidadadiario.com\/index.php\/wp-json\/wp\/v2\/posts\/47040\/revisions"}],"predecessor-version":[{"id":47042,"href":"https:\/\/www.actualidadadiario.com\/index.php\/wp-json\/wp\/v2\/posts\/47040\/revisions\/47042"}],"wp:featuredmedia":[{"embeddable":true,"href":"https:\/\/www.actualidadadiario.com\/index.php\/wp-json\/wp\/v2\/media\/47041"}],"wp:attachment":[{"href":"https:\/\/www.actualidadadiario.com\/index.php\/wp-json\/wp\/v2\/media?parent=47040"}],"wp:term":[{"taxonomy":"category","embeddable":true,"href":"https:\/\/www.actualidadadiario.com\/index.php\/wp-json\/wp\/v2\/categories?post=47040"},{"taxonomy":"post_tag","embeddable":true,"href":"https:\/\/www.actualidadadiario.com\/index.php\/wp-json\/wp\/v2\/tags?post=47040"}],"curies":[{"name":"wp","href":"https:\/\/api.w.org\/{rel}","templated":true}]}}