{"id":47037,"date":"2019-06-26T10:09:19","date_gmt":"2019-06-26T13:09:19","guid":{"rendered":"https:\/\/www.actualidadadiario.com\/?p=47037"},"modified":"2019-06-26T10:09:19","modified_gmt":"2019-06-26T13:09:19","slug":"fracaso-el-intento-de-suspender-las-paso","status":"publish","type":"post","link":"https:\/\/www.actualidadadiario.com\/index.php\/2019\/06\/26\/fracaso-el-intento-de-suspender-las-paso\/","title":{"rendered":"Fracas\u00f3 el intento de suspender las PASO"},"content":{"rendered":"\n<p><strong><em>La propuesta del Gobierno nacional, cuyo \u00fanico objetivo era ganar tiempo ante un escenario pol\u00edtico y econ\u00f3mico desfavorable, despert\u00f3 en pocas horas el repudio de pr\u00e1cticamente todo el arco pol\u00edtico. Hasta Miguel \u00c1ngel Pichetto, el compa\u00f1ero de f\u00f3rmula del actual mandatario, Mauricio Macri, sali\u00f3 a aclarar que &#8220;las reglas est\u00e1n para cumplirlas&#8221;<\/em><\/strong><\/p>\n\n\n\n<p><\/p>\n\n\n\n<p><\/p>\n\n\n\n<p>El Gobierno fracas\u00f3 en su intento de avanzar con la\nsuspensi\u00f3n de las PASO. En pocas horas, no s\u00f3lo cosech\u00f3 el previsible rechazo\nde sectores de la oposici\u00f3n, sino tambi\u00e9n de varios integrantes de Cambiemos.\nEntre otros, estuvo nada menos que el candidato a vicepresidente Miguel Angel\nPichetto, quien dijo que &#8220;las reglas est\u00e1n para cumplirlas&#8221;. Lo mismo\nsostuvo el candidato a senador Mart\u00edn Lousteau. Tambi\u00e9n desde la Coalici\u00f3n\nC\u00edvica aclararon que no acompa\u00f1aban la idea de suspender las PASO a menos de\ndos meses de que se hagan. Sin los votos en el Congreso, la iniciativa fogoneada\ndesde la Rosada y el radicalismo va camino al archivo, en un a\u00f1o cargado de\ncambios de reglas electorales. <\/p>\n\n\n\n<p>En un r\u00e1pido resumen, para este a\u00f1o el Gobierno intent\u00f3\ncambiar las reglas por las que votan los argentinos residentes en el exterior,\nlos presos y los integrantes de las Fuerzas Armadas, una decisi\u00f3n que fue\nrevertida por la Justicia electoral. Adem\u00e1s, evalu\u00f3 desdoblar las elecciones\nbonaerenses, para lo que se cre\u00f3 una comisi\u00f3n en el Congreso provincial. Antes\nde que esa comisi\u00f3n se expidiera, el Gobierno forz\u00f3 a la gobernadora Mar\u00eda\nEugenia Vidal a anunciar que no se desdoblar\u00edan. Tambi\u00e9n busc\u00f3 cambiar el\nsistema de transmisi\u00f3n de los resultados, prohibi\u00f3 por decreto las colectoras\npara impedir un candidato peronista en la provincia de Buenos Aires con\nm\u00faltiples candidatos a presidente, algo que luego Vidal intent\u00f3 revertir para\nhacer eso mismo y no pudo. A esto sum\u00f3 la pol\u00e9mica por el padr\u00f3n de j\u00f3venes de\n16 y 17 a\u00f1os, y las \u00faltimas disposiciones para duplicar los d\u00edas de campa\u00f1a y\nreducir los espacios en medios audiovisuales para los partidos con otro\ndecreto. <\/p>\n\n\n\n<p>En ese contexto, vino el \u00faltimo intento del oficialismo de\nsuspender las PASO, que algunos eval\u00faan que adelantar\u00eda un escenario de derrota\npara el Gobierno. Primero empez\u00f3 con un funcionario &#8211;el secretario de Asuntos\nPol\u00edticos, Adri\u00e1n P\u00e9rez&#8211; argumentando sobre los costos de las PASO y en favor\nde que el Congreso las suspenda. El mismo P\u00e9rez advirti\u00f3 que se necesitaban\nmayor\u00edas especiales, que el oficialismo no ten\u00eda.<\/p>\n\n\n\n<p>Se le sum\u00f3 esta semana el gobernador de Mendoza y titular de\nla UCR, Alfredo Cornejo, con los mismos argumentos, mientras que un grupo de\ndiputados y senadores radicales presentaban proyectos para suspender las PASO.\nMientras esto ocurr\u00eda, como inform\u00f3 este diario, en la Rosada daban se\u00f1ales de\nque esa iniciativa no ten\u00eda ninguna chance de prosperar entre los opositores.\nTampoco habr\u00edan encontrado eco en el Poder Judicial, como advirti\u00f3 ayer el fiscal\nJorge Di Lello. Ayer qued\u00f3 claro que no solo era ese el caso, sino que dentro\ndel oficialismo tampoco hab\u00eda consenso.<\/p>\n\n\n\n<p>El primero que se abri\u00f3 de la iniciativa fue Pichetto.\n&#8220;Me parece algo complejo. En realidad va a haber un debate ahora en el\nCongreso, pero frente a la proximidad de las elecciones primarias, no lo veo\nf\u00e1cil. Tal vez, la norma tendr\u00eda que haberse cambiado con anterioridad&#8221;,\nbusc\u00f3 alejarse del tema. Conocedor de los vericuetos del Congreso, Pichetto\nadvirti\u00f3 que no ve\u00eda posible que los proyectos presentados se pudieran aprobar\nantes de las elecciones del 11 de agosto. &#8220;Las reglas est\u00e1n para cumplirse&#8221;,\nsentenci\u00f3 Pichetto.<\/p>\n\n\n\n<p>&#8220;El Gobierno no tiene ning\u00fan temor, ning\u00fan miedo a las\nprimarias. Van a marcar a fuego lo que ser\u00e1 el resultado de la primera vuelta\nde octubre&#8221;, se envalenton\u00f3 Pichetto ante la impresi\u00f3n que da el impulso\nde esas leyes: que el Gobierno quiere evitar por todos los medios que se vote. <\/p>\n\n\n\n<p>A la opini\u00f3n de Pichetto, se sum\u00f3 la del espacio de Elisa\nCarri\u00f3. El diputado Juan Manuel L\u00f3pez, de confianza de la aliada c\u00edvica, dej\u00f3\nen claro su oposici\u00f3n a la iniciativa oficial. &#8220;Estoy en desacuerdo,\nValoro las PASO. No se hacen tantos c\u00e1lculos econ\u00f3micos con la democracia y\nmenos a\u00fan se cambian las reglas de juego en pleno proceso electoral&#8221;,\nremarc\u00f3 L\u00f3pez, quien record\u00f3 que para cambiar las elecciones &#8220;se necesita\nmayor\u00eda absoluta, es decir la mitad m\u00e1s uno de los miembros de cada\nc\u00e1mara&#8221;.<\/p>\n\n\n\n<p>El candidato a senador de Juntos por el Cambio Mart\u00edn\nLousteau tampoco acompa\u00f1\u00f3 la idea: &#8220;Las reglas del juego son las reglas\ndel juego. Decidimos que vamos a una elecci\u00f3n de esta forma y tenemos que\nrespetarla. La culpa es de la pol\u00edtica que no utiliza una herramienta que ella\nmisma cre\u00f3&#8221;. <\/p>\n\n\n\n<p>Por su parte, el diputado Pablo Tonelli sostuvo: &#8220;No\nsoy partidario ahora en este momento de cambiar las reglas de juego&#8221;.\n&#8220;Hay que hacer los correspondientes an\u00e1lisis pol\u00edticos para ver si conviene\no no impulsar esta medida, si hay acuerdo o no con los otros bloques de la\nC\u00e1mara&#8221;, indic\u00f3 ante Tiempo Argentino.<\/p>\n\n\n\n<p>En tanto, hubo un encuentro entre el ministro del Interior,\nRogelio Frigerio; el secretario general del PRO, Francisco Quintana; el presidente\ndel partido, Humberto Schiavoni y el viceministro del Interior, Sebasti\u00e1n de\nLuca (con una comunicaci\u00f3n telef\u00f3nica con el jefe de Gabinete, Marcos Pe\u00f1a, de\nviaje por China). All\u00ed analizaron c\u00f3mo cerr\u00f3 la alianza oficialista distrito\npor distrito y cu\u00e1les tendr\u00e1n PASO. Queda claro que se har\u00e1n.<\/p>\n","protected":false},"excerpt":{"rendered":"<p>La propuesta del Gobierno nacional, cuyo \u00fanico objetivo era ganar tiempo ante un escenario pol\u00edtico y econ\u00f3mico desfavorable, despert\u00f3 en pocas horas el repudio de pr\u00e1cticamente todo el arco pol\u00edtico. Hasta Miguel \u00c1ngel Pichetto, el compa\u00f1ero de f\u00f3rmula del actual mandatario, Mauricio Macri, sali\u00f3 a aclarar que &#8220;las reglas est\u00e1n para cumplirlas&#8221; El Gobierno fracas\u00f3 en su intento de avanzar con la suspensi\u00f3n de las PASO. En pocas horas, no s\u00f3lo cosech\u00f3 el previsible rechazo de sectores de la oposici\u00f3n, sino tambi\u00e9n de varios integrantes de Cambiemos. Entre otros, estuvo&#8230;<\/p>\n","protected":false},"author":3,"featured_media":47038,"comment_status":"closed","ping_status":"closed","sticky":false,"template":"","format":"standard","meta":[],"categories":[9],"tags":[],"_links":{"self":[{"href":"https:\/\/www.actualidadadiario.com\/index.php\/wp-json\/wp\/v2\/posts\/47037"}],"collection":[{"href":"https:\/\/www.actualidadadiario.com\/index.php\/wp-json\/wp\/v2\/posts"}],"about":[{"href":"https:\/\/www.actualidadadiario.com\/index.php\/wp-json\/wp\/v2\/types\/post"}],"author":[{"embeddable":true,"href":"https:\/\/www.actualidadadiario.com\/index.php\/wp-json\/wp\/v2\/users\/3"}],"replies":[{"embeddable":true,"href":"https:\/\/www.actualidadadiario.com\/index.php\/wp-json\/wp\/v2\/comments?post=47037"}],"version-history":[{"count":1,"href":"https:\/\/www.actualidadadiario.com\/index.php\/wp-json\/wp\/v2\/posts\/47037\/revisions"}],"predecessor-version":[{"id":47039,"href":"https:\/\/www.actualidadadiario.com\/index.php\/wp-json\/wp\/v2\/posts\/47037\/revisions\/47039"}],"wp:featuredmedia":[{"embeddable":true,"href":"https:\/\/www.actualidadadiario.com\/index.php\/wp-json\/wp\/v2\/media\/47038"}],"wp:attachment":[{"href":"https:\/\/www.actualidadadiario.com\/index.php\/wp-json\/wp\/v2\/media?parent=47037"}],"wp:term":[{"taxonomy":"category","embeddable":true,"href":"https:\/\/www.actualidadadiario.com\/index.php\/wp-json\/wp\/v2\/categories?post=47037"},{"taxonomy":"post_tag","embeddable":true,"href":"https:\/\/www.actualidadadiario.com\/index.php\/wp-json\/wp\/v2\/tags?post=47037"}],"curies":[{"name":"wp","href":"https:\/\/api.w.org\/{rel}","templated":true}]}}