{"id":47034,"date":"2019-06-26T10:08:42","date_gmt":"2019-06-26T13:08:42","guid":{"rendered":"https:\/\/www.actualidadadiario.com\/?p=47034"},"modified":"2019-06-26T10:08:42","modified_gmt":"2019-06-26T13:08:42","slug":"con-amplio-apoyo-al-binomio-fernandez-el-bloque-del-pj-eligio-nuevas-autoridades","status":"publish","type":"post","link":"https:\/\/www.actualidadadiario.com\/index.php\/2019\/06\/26\/con-amplio-apoyo-al-binomio-fernandez-el-bloque-del-pj-eligio-nuevas-autoridades\/","title":{"rendered":"Con amplio apoyo al binomio Fern\u00e1ndez, el bloque del PJ eligi\u00f3 nuevas autoridades"},"content":{"rendered":"\n<p><strong><em>Tras la renuncia de Miguel \u00c1ngel Pichetto como presidente del espacio justicialista, el cordob\u00e9s Carlos Caserio asumi\u00f3 la conducci\u00f3n. Seg\u00fan anticiparon, mantendr\u00e1n su condici\u00f3n opositora y no confluir\u00e1n en un interbloque con el FpV, tal como se barajaba al inicio<\/em><\/strong><\/p>\n\n\n\n<p><\/p>\n\n\n\n<p><\/p>\n\n\n\n<p>La tercera fue la vencida. Es que, luego de dos reuniones\nfallidas, finalmente, ayer por la tarde los senadores del bloque PJ eligieron\nnuevo presidente, tras la renuncia del rionegrino Miguel \u00c1ngel Pichetto, se\ntrata del cordob\u00e9s Carlos Caserio, quien expres\u00f3 su apoyo al Frente de Todos.\nDurante la reuni\u00f3n, que se llev\u00f3 adelante en el sal\u00f3n N\u00e9stor Kirchner del\nSenado, y que dur\u00f3 cerca de tres horas, 17 legisladores decidieron que el\nespacio mantendr\u00e1 su condici\u00f3n opositora y que no confluir\u00e1 en un interbloque\ncon el FpV, tal como se barajaba en un comienzo, aunque se respetar\u00e1 la\npluralidad. <\/p>\n\n\n\n<p>El recientemente electo gobernador de Santa Fe, Omar\nPerotti, fue el encargado de anunciar que &#8220;por unanimidad&#8221;, el bloque\neligi\u00f3 a Caserio como flamante presidente del Bloque Justicialista, tras la\nrenuncia de Pichetto. Adem\u00e1s, dio a conocer que la entrerriana Sigrid Kunath\nfue nombrada vicepresidenta, junto con Jos\u00e9 Mayans y Pedro Guastavino, quienes\nya ocupaban ese cargo. <\/p>\n\n\n\n<p>&#8220;No tenemos nada que ver con Macri; lo que tom\u00f3 el\nsenador Pichetto es una decisi\u00f3n personal. Si me pregunta a m\u00ed, una decisi\u00f3n\nequivocada, y un acto de cangurismo como pocas veces hemos visto en la\nvida&#8221;, se despach\u00f3 Caserio, en di\u00e1logo con la prensa. Adem\u00e1s, al ser\nconsultado sobre las comisiones del Senado que hoy integra el rionegrino, el\ncordob\u00e9s se\u00f1al\u00f3 que solicitar\u00e1n lo que &#8220;creen que les corresponde&#8221;:\nque sean los senadores del PJ quienes ocupen esos espacios. De todas maneras,\naclar\u00f3 que, hasta el momento, este tema no se abord\u00f3 a fondo. <\/p>\n\n\n\n<p>&#8220;Sabemos que el grueso de los compa\u00f1eros que est\u00e1n ac\u00e1\nseguramente van a apoyar la f\u00f3rmula del partido justicialista, que es la de\nAlberto Fern\u00e1ndez y Cristina Fern\u00e1ndez, pero tambi\u00e9n va a haber compa\u00f1eros que\nrealmente apoyen la f\u00f3rmula Lavagna-Urtubey&#8221;, reconoci\u00f3 el flamante\npresidente del bloque. Y luego admiti\u00f3 que, \u00e9l, en lo personal, apoyar\u00e1 la\nf\u00f3rmula Fern\u00e1ndez-Fern\u00e1ndez. En este sentido, coment\u00f3 que, en su provincia,\ndonde \u00e9l preside el PJ, avalaron al gobernador Juan Schiaretti tras su decisi\u00f3n\nde ir con la &#8220;boleta corta&#8221; y de dar libertad de acci\u00f3n a nivel\npresidencial, pero que \u00e9l, a nivel personal, apoyar\u00e1 la f\u00f3rmula de Alberto\nFern\u00e1ndez y que trabajar\u00e1 para &#8220;sumarle el voto a presidente de la f\u00f3rmula\ndel peronismo nacional&#8221;. <\/p>\n\n\n\n<p>A la reuni\u00f3n faltaron cuatro senadores: Dalmacio Mera y\nEduardo Aguilar (ausentes con aviso), que permanecer\u00edan en el bloque, adem\u00e1s\ndel ex presidente Carlos Menem y Carlos Esp\u00ednola. Estos \u00faltimos, seguramente,\nseguir\u00e1n los pasos de Pichetto.<\/p>\n","protected":false},"excerpt":{"rendered":"<p>Tras la renuncia de Miguel \u00c1ngel Pichetto como presidente del espacio justicialista, el cordob\u00e9s Carlos Caserio asumi\u00f3 la conducci\u00f3n. Seg\u00fan anticiparon, mantendr\u00e1n su condici\u00f3n opositora y no confluir\u00e1n en un interbloque con el FpV, tal como se barajaba al inicio La tercera fue la vencida. Es que, luego de dos reuniones fallidas, finalmente, ayer por la tarde los senadores del bloque PJ eligieron nuevo presidente, tras la renuncia del rionegrino Miguel \u00c1ngel Pichetto, se trata del cordob\u00e9s Carlos Caserio, quien expres\u00f3 su apoyo al Frente de Todos. Durante la reuni\u00f3n,&#8230;<\/p>\n","protected":false},"author":3,"featured_media":47035,"comment_status":"closed","ping_status":"closed","sticky":false,"template":"","format":"standard","meta":[],"categories":[18],"tags":[],"_links":{"self":[{"href":"https:\/\/www.actualidadadiario.com\/index.php\/wp-json\/wp\/v2\/posts\/47034"}],"collection":[{"href":"https:\/\/www.actualidadadiario.com\/index.php\/wp-json\/wp\/v2\/posts"}],"about":[{"href":"https:\/\/www.actualidadadiario.com\/index.php\/wp-json\/wp\/v2\/types\/post"}],"author":[{"embeddable":true,"href":"https:\/\/www.actualidadadiario.com\/index.php\/wp-json\/wp\/v2\/users\/3"}],"replies":[{"embeddable":true,"href":"https:\/\/www.actualidadadiario.com\/index.php\/wp-json\/wp\/v2\/comments?post=47034"}],"version-history":[{"count":1,"href":"https:\/\/www.actualidadadiario.com\/index.php\/wp-json\/wp\/v2\/posts\/47034\/revisions"}],"predecessor-version":[{"id":47036,"href":"https:\/\/www.actualidadadiario.com\/index.php\/wp-json\/wp\/v2\/posts\/47034\/revisions\/47036"}],"wp:featuredmedia":[{"embeddable":true,"href":"https:\/\/www.actualidadadiario.com\/index.php\/wp-json\/wp\/v2\/media\/47035"}],"wp:attachment":[{"href":"https:\/\/www.actualidadadiario.com\/index.php\/wp-json\/wp\/v2\/media?parent=47034"}],"wp:term":[{"taxonomy":"category","embeddable":true,"href":"https:\/\/www.actualidadadiario.com\/index.php\/wp-json\/wp\/v2\/categories?post=47034"},{"taxonomy":"post_tag","embeddable":true,"href":"https:\/\/www.actualidadadiario.com\/index.php\/wp-json\/wp\/v2\/tags?post=47034"}],"curies":[{"name":"wp","href":"https:\/\/api.w.org\/{rel}","templated":true}]}}