{"id":4703,"date":"2016-11-17T10:00:56","date_gmt":"2016-11-17T13:00:56","guid":{"rendered":"http:\/\/actualidadadiario.com\/site\/?p=4703"},"modified":"2016-11-17T10:00:56","modified_gmt":"2016-11-17T13:00:56","slug":"el-gobierno-congelo-la-compra-de-preservativos-y-fundacion-huesped-lo-cruzo","status":"publish","type":"post","link":"https:\/\/www.actualidadadiario.com\/index.php\/2016\/11\/17\/el-gobierno-congelo-la-compra-de-preservativos-y-fundacion-huesped-lo-cruzo\/","title":{"rendered":"El Gobierno congel\u00f3 la compra de preservativos y Fundaci\u00f3n Huesped lo cruz\u00f3"},"content":{"rendered":"<p><em><strong>El titular de la entidad, Pedro Cahn, advirti\u00f3 que el 1\u00ba de diciembre, D\u00eda de la Lucha contra el SIDA, los profil\u00e1cticos &#8220;no van a estar en manos de la gente&#8221;<\/strong><\/em><\/p>\n<p>&nbsp;<\/p>\n<p>&nbsp;<\/p>\n<p>&nbsp;<\/p>\n<p>&nbsp;<\/p>\n<p>&nbsp;<\/p>\n<p>&nbsp;<\/p>\n<p>El presidente de la Fundaci\u00f3n Hu\u00e9sped, Pedro Cahn, advirti\u00f3 que el Ministerio de Salud congel\u00f3 la compra de 26 millones de preservativos y se\u00f1al\u00f3 que el 1\u00ba de diciembre, D\u00eda Mundial de la Lucha contra el SIDA, &#8220;esta compra de preservativos no va a estar en manos de la gente&#8221;.<\/p>\n<p>&nbsp;<\/p>\n<p>Luego del intercambio de tuits entre Daniel Scioli y la marca de preservativos Tulip\u00e1n, en el que se asoci\u00f3 la merma en la cantidad de ventas de profil\u00e1cticos con el malestar de la sociedad por las medidas de ajuste del gobierno de Macri, Cahn apunt\u00f3: &#8220;Hay una ca\u00edda del uso de preservativos. Pueden llegar a influir factores emocionales, pero lo fundamental es que cuando hay carencias econ\u00f3micas la gente reduce gastos en lo que no son insumos fundamentales y entre un cart\u00f3n de leche y el preservativo, se recorta el preservativo&#8221;.<\/p>\n<p>&nbsp;<\/p>\n<p>En di\u00e1logo con &#8220;Ahora Es Cuando&#8221; (FM BLUE), Cahn responsabiliz\u00f3 al Gobierno por no estar al frente de una pol\u00edtica de salud sexual que enfrente esta problem\u00e1tica. &#8220;Hay una compra programada, desde febrero, de 26 millones de preservativos por parte del Ministerio de Salud y que por distintos tr\u00e1mites burocr\u00e1ticos en los distintos niveles del Estado todav\u00eda no se concret\u00f3&#8221;. Y agreg\u00f3: &#8220;El 1\u00ba de diciembre, que es el D\u00eda Mundial de la Lucha contra el SIDA, esta compra de preservativos no va a estar en manos de la gente&#8221;.<\/p>\n<p>&nbsp;<\/p>\n<p>Cahn tambi\u00e9n coment\u00f3 que &#8220;la cadena social del preservativo implica tener una pol\u00edtica de aplicaci\u00f3n del uso del preservativo&#8221;.<\/p>\n<p>&nbsp;<\/p>\n<p>Luego de pedir al Estado &#8220;promover el uso del preservativo&#8221; mediante campa\u00f1as de prevenci\u00f3n debido a que &#8220;tenemos un pa\u00eds donde hay un n\u00famero significativo de embarazos adolescentes.&#8221;, coment\u00f3: &#8220;La aplicaci\u00f3n de la Ley de Salud Reproductiva en algunas provincias es letra muerta por una cultura muy conservadora&#8221;.<\/p>\n","protected":false},"excerpt":{"rendered":"<p>El titular de la entidad, Pedro Cahn, advirti\u00f3 que el 1\u00ba de diciembre, D\u00eda de la Lucha contra el SIDA, los profil\u00e1cticos &#8220;no van a estar en manos de la gente&#8221; &nbsp; &nbsp; &nbsp; &nbsp; &nbsp; &nbsp; El presidente de la Fundaci\u00f3n Hu\u00e9sped, Pedro Cahn, advirti\u00f3 que el Ministerio de Salud congel\u00f3 la compra de 26 millones de preservativos y se\u00f1al\u00f3 que el 1\u00ba de diciembre, D\u00eda Mundial de la Lucha contra el SIDA, &#8220;esta compra de preservativos no va a estar en manos de la gente&#8221;. &nbsp; Luego del&#8230;<\/p>\n","protected":false},"author":3,"featured_media":4704,"comment_status":"closed","ping_status":"closed","sticky":false,"template":"","format":"standard","meta":[],"categories":[18],"tags":[],"_links":{"self":[{"href":"https:\/\/www.actualidadadiario.com\/index.php\/wp-json\/wp\/v2\/posts\/4703"}],"collection":[{"href":"https:\/\/www.actualidadadiario.com\/index.php\/wp-json\/wp\/v2\/posts"}],"about":[{"href":"https:\/\/www.actualidadadiario.com\/index.php\/wp-json\/wp\/v2\/types\/post"}],"author":[{"embeddable":true,"href":"https:\/\/www.actualidadadiario.com\/index.php\/wp-json\/wp\/v2\/users\/3"}],"replies":[{"embeddable":true,"href":"https:\/\/www.actualidadadiario.com\/index.php\/wp-json\/wp\/v2\/comments?post=4703"}],"version-history":[{"count":1,"href":"https:\/\/www.actualidadadiario.com\/index.php\/wp-json\/wp\/v2\/posts\/4703\/revisions"}],"predecessor-version":[{"id":4705,"href":"https:\/\/www.actualidadadiario.com\/index.php\/wp-json\/wp\/v2\/posts\/4703\/revisions\/4705"}],"wp:featuredmedia":[{"embeddable":true,"href":"https:\/\/www.actualidadadiario.com\/index.php\/wp-json\/wp\/v2\/media\/4704"}],"wp:attachment":[{"href":"https:\/\/www.actualidadadiario.com\/index.php\/wp-json\/wp\/v2\/media?parent=4703"}],"wp:term":[{"taxonomy":"category","embeddable":true,"href":"https:\/\/www.actualidadadiario.com\/index.php\/wp-json\/wp\/v2\/categories?post=4703"},{"taxonomy":"post_tag","embeddable":true,"href":"https:\/\/www.actualidadadiario.com\/index.php\/wp-json\/wp\/v2\/tags?post=4703"}],"curies":[{"name":"wp","href":"https:\/\/api.w.org\/{rel}","templated":true}]}}