{"id":47029,"date":"2019-06-26T10:06:15","date_gmt":"2019-06-26T13:06:15","guid":{"rendered":"https:\/\/www.actualidadadiario.com\/?p=47029"},"modified":"2019-06-26T10:06:15","modified_gmt":"2019-06-26T13:06:15","slug":"para-impulsar-el-consumo-antes-de-las-elecciones-el-gobierno-amplio-el-programa-ahora-12","status":"publish","type":"post","link":"https:\/\/www.actualidadadiario.com\/index.php\/2019\/06\/26\/para-impulsar-el-consumo-antes-de-las-elecciones-el-gobierno-amplio-el-programa-ahora-12\/","title":{"rendered":"Para impulsar el consumo antes de las elecciones, el Gobierno ampli\u00f3 el programa Ahora 12"},"content":{"rendered":"\n<p><strong><em>Se extender\u00e1 a toda la semana. El impacto, sin embargo, no ser\u00e1 significativo<\/em><\/strong><\/p>\n\n\n\n<p><\/p>\n\n\n\n<p><\/p>\n\n\n\n<p>El Gobierno anunci\u00f3 ayer la ampliaci\u00f3n del programa Ahora\n12, que ahora podr\u00e1 ser implementado todos los d\u00edas por parte de los comercios.\nDesde la Secretar\u00eda de Comercio Interior afirmaron que el impacto durante el\nprimer mes de la nueva versi\u00f3n del programa viene mejor a lo esperado y esperan\nque logre duplicar su facturaci\u00f3n, llegando a $14.000 millones mensuales. Sin\nembargo, puesto en perspectiva, ese n\u00famero no es significativo y est\u00e1 muy por\ndebajo de los m\u00e1s de $90.000 millones que se agrega a la demanda, por ejemplo,\ncon una suba de 1% del salario real.<\/p>\n\n\n\n<p>Hasta ayer, el programa estaba disponible s\u00f3lo de jueves a\ndomingos. Ahora ser\u00e1 todos los d\u00edas (a voluntad de los comercios). Adem\u00e1s se\nagregaron rubros como los peque\u00f1os electrodom\u00e9sticos y perfumer\u00eda. Adem\u00e1s se\nsubieron topes para las compras de algunos productos a trav\u00e9s del programa\n(anteojos duplic\u00f3 de $5.000 a $10.000 y motos pas\u00f3 de $80.000 a $120.000).\nTambi\u00e9n se podr\u00e1n adquirir colchones, televisores y peque\u00f1os electrodom\u00e9sticos\nen tiendas de rubros generales (supermercados, por ejemplo).<\/p>\n\n\n\n<p>El secretario de Comercio Interior, Ignacio Werner, se\nmostr\u00f3 muy optimista, no s\u00f3lo acerca de los niveles de facturaci\u00f3n esperados a\ntrav\u00e9s del programa sino tambi\u00e9n sobre el impacto que tendr\u00e1 en el consumo, en\nplena campa\u00f1a electoral. Dijo: &#8220;El efecto de la baja de tasas fue muy\nimportante en cuesti\u00f3n de volumen de consumo. Tenemos datos de distintos\ncomercios y vemos que eso que esper\u00e1bamos, que era duplicar la facturaci\u00f3n en\nalg\u00fan momento del semestre, en realidad va a ocurrir durante el primer mes.\nEst\u00e1bamos en $7.000 millones y pasaremos al menos a $14.000 millones por mes.\nTuvo buena recepci\u00f3n, es un impacto significativo&#8221;.<\/p>\n\n\n\n<p>Y, consultado acerca de si habr\u00e1 impacto sobre el agregado\ndel consumo, sostuvo: &#8220;Que los comercios lo puedan aplicar durante toda la\nsemana y sumar estos rubros va a generar tambi\u00e9n un efecto muy positivo.\nConsideramos que esto tiene impacto en los datos de consumo, es lo que estamos\nviendo. Hoy ten\u00e9s una cantidad de componentes que ayudan a la decisi\u00f3n de\nconsumir: por un lado el cierre de paritarias, con 4.000.000 de personas que ya\nla tienen cerrada, y a eso se suma un clima de estabilidad al que ahora se le\nagrega la posibilidad de comprar con buen financiamiento&#8221;.<\/p>\n\n\n\n<p>Algunos c\u00e1lculos permiten observar el verdadero impacto del\nprograma. La mejora de $7.000 millones mensuales queda muy por debajo de lo que\nsignificar\u00eda una suba de 1% del salario real. La masa salarial represent\u00f3 el\n47,5% del producto al cierre del 2018, por lo que una suba de 1% representar\u00eda\nuna inyecci\u00f3n de m\u00e1s de $90.000 millones al bolsillo de los asalariados. Al\nrespecto cabe destacar que en el \u00faltimo a\u00f1o el salario real cay\u00f3 11,3% (el\n\u00faltimo dato disponible del Indec corresponde a marzo), y 16% entre noviembre del\n2015 y mayo del 2019, seg\u00fan el IET.<\/p>\n\n\n\n<p>Otro dato es que ayer el Indec inform\u00f3 una ca\u00edda de $16.789\nmillones para la facturaci\u00f3n de supermercados y shoppings. Es decir, los $7.000\nmillones del Ahora 12 no alcanzar\u00edan para cerrar esa brecha.<\/p>\n\n\n\n<p>Un informe de Fundaci\u00f3n Capital publicado ayer se refiri\u00f3 al\nimpacto de Ahora 12, Procrear y los cr\u00e9ditos de Anses, los programas con los\nque el Gobierno -junto al atraso cambiario- busca impulsar el consumo en pleno\nproceso electoral. &#8220;El efecto sobre el total del consumo privado resulta\nmarginal en un contexto de fuerte deterioro en el poder adquisitivo, tanto por\nla ca\u00edda en el empleo como en los ingresos reales. Si bien el consumo privado\nevidenciar\u00eda una leve mejora de 0,9% interanual a partir del tercer trimestre\ndel a\u00f1o, en el promedio finalizar\u00eda con una contracci\u00f3n en torno al 3,8%,\nretornando a niveles de cinco a\u00f1os atr\u00e1s&#8221;, indic\u00f3.<\/p>\n","protected":false},"excerpt":{"rendered":"<p>Se extender\u00e1 a toda la semana. El impacto, sin embargo, no ser\u00e1 significativo El Gobierno anunci\u00f3 ayer la ampliaci\u00f3n del programa Ahora 12, que ahora podr\u00e1 ser implementado todos los d\u00edas por parte de los comercios. Desde la Secretar\u00eda de Comercio Interior afirmaron que el impacto durante el primer mes de la nueva versi\u00f3n del programa viene mejor a lo esperado y esperan que logre duplicar su facturaci\u00f3n, llegando a $14.000 millones mensuales. Sin embargo, puesto en perspectiva, ese n\u00famero no es significativo y est\u00e1 muy por debajo de los&#8230;<\/p>\n","protected":false},"author":3,"featured_media":46128,"comment_status":"closed","ping_status":"closed","sticky":false,"template":"","format":"standard","meta":[],"categories":[2],"tags":[],"_links":{"self":[{"href":"https:\/\/www.actualidadadiario.com\/index.php\/wp-json\/wp\/v2\/posts\/47029"}],"collection":[{"href":"https:\/\/www.actualidadadiario.com\/index.php\/wp-json\/wp\/v2\/posts"}],"about":[{"href":"https:\/\/www.actualidadadiario.com\/index.php\/wp-json\/wp\/v2\/types\/post"}],"author":[{"embeddable":true,"href":"https:\/\/www.actualidadadiario.com\/index.php\/wp-json\/wp\/v2\/users\/3"}],"replies":[{"embeddable":true,"href":"https:\/\/www.actualidadadiario.com\/index.php\/wp-json\/wp\/v2\/comments?post=47029"}],"version-history":[{"count":1,"href":"https:\/\/www.actualidadadiario.com\/index.php\/wp-json\/wp\/v2\/posts\/47029\/revisions"}],"predecessor-version":[{"id":47030,"href":"https:\/\/www.actualidadadiario.com\/index.php\/wp-json\/wp\/v2\/posts\/47029\/revisions\/47030"}],"wp:featuredmedia":[{"embeddable":true,"href":"https:\/\/www.actualidadadiario.com\/index.php\/wp-json\/wp\/v2\/media\/46128"}],"wp:attachment":[{"href":"https:\/\/www.actualidadadiario.com\/index.php\/wp-json\/wp\/v2\/media?parent=47029"}],"wp:term":[{"taxonomy":"category","embeddable":true,"href":"https:\/\/www.actualidadadiario.com\/index.php\/wp-json\/wp\/v2\/categories?post=47029"},{"taxonomy":"post_tag","embeddable":true,"href":"https:\/\/www.actualidadadiario.com\/index.php\/wp-json\/wp\/v2\/tags?post=47029"}],"curies":[{"name":"wp","href":"https:\/\/api.w.org\/{rel}","templated":true}]}}