{"id":47027,"date":"2019-06-26T10:05:37","date_gmt":"2019-06-26T13:05:37","guid":{"rendered":"https:\/\/www.actualidadadiario.com\/?p=47027"},"modified":"2019-06-26T10:05:37","modified_gmt":"2019-06-26T13:05:37","slug":"la-industria-sigue-en-caida-38-en-mayo-dato-privado","status":"publish","type":"post","link":"https:\/\/www.actualidadadiario.com\/index.php\/2019\/06\/26\/la-industria-sigue-en-caida-38-en-mayo-dato-privado\/","title":{"rendered":"La industria sigue en ca\u00edda: -3,8% en mayo (dato privado)"},"content":{"rendered":"\n<p><strong><em>Los sectores ligados al agro son los que empujan la actividad, destac\u00f3 informe de Ferreres<\/em><\/strong><\/p>\n\n\n\n<p><\/p>\n\n\n\n<p><\/p>\n\n\n\n<p>La actividad industrial baj\u00f3 3,8% interanual en mayo\nrespecto de igual mes del a\u00f1o pasado, de acuerdo con estimaciones del Centro de\nEstudios Econ\u00f3micos Orlando Ferreres. El dato muestra una desaceleraci\u00f3n de la\nca\u00edda que viene registrando el sector manufacturero desde hace m\u00e1s de un a\u00f1o.\nPara la consultora, el piso de la actividad ya habr\u00eda pasado, lo que indica hay\nuna muy leve recuperaci\u00f3n. El informe indica que en la medici\u00f3n\ndesestacionalizada se registr\u00f3 un incremento del 2% con relaci\u00f3n a abril.<\/p>\n\n\n\n<p>Al respecto, se se\u00f1ala que \u201cel principal empuje a la\nactividad industrial contin\u00faa proviniendo de los sectores ligados al agro\u201d pero\ndestaca que \u201cse han observado variaciones positivas en otras ramas, como en\nminerales no met\u00e1licos y en metales b\u00e1sicos, insinuando una mejora m\u00e1s\ngeneralizada\u201d.<\/p>\n\n\n\n<p>De acuerdo con la consultora, el sector que sigue sin\nmostrar reacci\u00f3n en mayo es el automotriz, que suma nueve meses de ca\u00eddas de\ndos d\u00edgitos. Si se excluye esa actividad, se aclara que \u201cel resto de la\nproducci\u00f3n industrial observa una ca\u00edda de 0,3% interanual\u201d.<\/p>\n\n\n\n<p>Tan solo tres actividades pudieron mostrar en mayo un nivel\nde actividad mayor que un a\u00f1o atr\u00e1s. Fueron la alimentaci\u00f3n, los minerales no\nmet\u00e1licos vinculados a la construcci\u00f3n, y las industrias met\u00e1licas b\u00e1sicas\nmientras que resto de las industrias sigui\u00f3 exhibiendo datos negativos.<\/p>\n\n\n\n<p>La industria alimenticia tuvo un crecimiento del 2,1%\nrespecto de mayo del 2018. En el acumulado todav\u00eda est\u00e1 2% por debajo de los\nprimeros cinco meses del a\u00f1o pasado. El crecimiento de la actividad se bas\u00f3 en\nla producci\u00f3n de aceites de 7,6% y en la faena de ganado bovino de 2%. En\ncambio la elaboraci\u00f3n de bebidas cay\u00f3 6,4% debido a una importante contracci\u00f3n\nde la elaboraci\u00f3n de gaseosas.<\/p>\n\n\n\n<p>Por otro lado, la producci\u00f3n de minerales no met\u00e1licos cort\u00f3\nuna serie de 12 meses de bajas al mostrar un crecimiento de 2,7% anual. El\ncemento observ\u00f3 un crecimiento de 4,7% en la medici\u00f3n interanual. Todo el\nsector acumula una contracci\u00f3n de 7,5% anual respecto de igual per\u00edodo del\n2018.<\/p>\n\n\n\n<p>La industria met\u00e1lica b\u00e1sica logr\u00f3 frenar seis meses de\ncontracci\u00f3n con un peque\u00f1o avance de 0,5% interanual. La suba estuvo generada\nen la mayor producci\u00f3n de la l\u00ednea de aceros laminados terminados en fr\u00edo\n(+15,9%), seguido por el m\u00e1s com\u00fan acero terminado en caliente (+3,7%), y por\nun peque\u00f1o avance de la producci\u00f3n de aluminio colado (+0,7%). El acumulado de\nlos primeros cinco meses muestra as\u00ed todav\u00eda una merma de 13,5% interanual.<\/p>\n\n\n\n<p>En el sentido inverso, entre los sectores que peor\ncomportamiento siguen mostrando figura el de maquinarias y equipos que\natraviesa \u201cuna profunda crisis\u201d, se\u00f1ala el reporte. Registr\u00f3 en mayo un\ndesplome del 24,2% y anota la decimotercera ca\u00edda consecutiva.<\/p>\n\n\n\n<p>\u201cEs pr\u00e1cticamente el \u00fanico rubro responsable de que el\n\u00edndice general se mantenga en terreno negativo. En particular, la industria\nautomotriz anot\u00f3 en mayo una ca\u00edda de 35,3% respecto de igual mes del a\u00f1o\npasado. De esta manera, el sector registra una contracci\u00f3n de 27,6% en el\nacumulado de los meses transcurridos de 2019\u201d, se\u00f1ala el informe privado.<\/p>\n\n\n\n<p>Seg\u00fan datos del Instituto Nacional de Estad\u00edsticas y Censos\n(INDEC) de abril, la actividad industrial acumula una baja del 10,6%\ninteranual. En el cuarto mes cay\u00f3 8,8% respecto de un a\u00f1o, pero en el\ndesestacionalizado subi\u00f3 2.3% respecto de marzo.<\/p>\n","protected":false},"excerpt":{"rendered":"<p>Los sectores ligados al agro son los que empujan la actividad, destac\u00f3 informe de Ferreres La actividad industrial baj\u00f3 3,8% interanual en mayo respecto de igual mes del a\u00f1o pasado, de acuerdo con estimaciones del Centro de Estudios Econ\u00f3micos Orlando Ferreres. El dato muestra una desaceleraci\u00f3n de la ca\u00edda que viene registrando el sector manufacturero desde hace m\u00e1s de un a\u00f1o. Para la consultora, el piso de la actividad ya habr\u00eda pasado, lo que indica hay una muy leve recuperaci\u00f3n. El informe indica que en la medici\u00f3n desestacionalizada se registr\u00f3&#8230;<\/p>\n","protected":false},"author":3,"featured_media":38449,"comment_status":"closed","ping_status":"closed","sticky":false,"template":"","format":"standard","meta":[],"categories":[2],"tags":[],"_links":{"self":[{"href":"https:\/\/www.actualidadadiario.com\/index.php\/wp-json\/wp\/v2\/posts\/47027"}],"collection":[{"href":"https:\/\/www.actualidadadiario.com\/index.php\/wp-json\/wp\/v2\/posts"}],"about":[{"href":"https:\/\/www.actualidadadiario.com\/index.php\/wp-json\/wp\/v2\/types\/post"}],"author":[{"embeddable":true,"href":"https:\/\/www.actualidadadiario.com\/index.php\/wp-json\/wp\/v2\/users\/3"}],"replies":[{"embeddable":true,"href":"https:\/\/www.actualidadadiario.com\/index.php\/wp-json\/wp\/v2\/comments?post=47027"}],"version-history":[{"count":1,"href":"https:\/\/www.actualidadadiario.com\/index.php\/wp-json\/wp\/v2\/posts\/47027\/revisions"}],"predecessor-version":[{"id":47028,"href":"https:\/\/www.actualidadadiario.com\/index.php\/wp-json\/wp\/v2\/posts\/47027\/revisions\/47028"}],"wp:featuredmedia":[{"embeddable":true,"href":"https:\/\/www.actualidadadiario.com\/index.php\/wp-json\/wp\/v2\/media\/38449"}],"wp:attachment":[{"href":"https:\/\/www.actualidadadiario.com\/index.php\/wp-json\/wp\/v2\/media?parent=47027"}],"wp:term":[{"taxonomy":"category","embeddable":true,"href":"https:\/\/www.actualidadadiario.com\/index.php\/wp-json\/wp\/v2\/categories?post=47027"},{"taxonomy":"post_tag","embeddable":true,"href":"https:\/\/www.actualidadadiario.com\/index.php\/wp-json\/wp\/v2\/tags?post=47027"}],"curies":[{"name":"wp","href":"https:\/\/api.w.org\/{rel}","templated":true}]}}