{"id":47021,"date":"2019-06-26T10:03:30","date_gmt":"2019-06-26T13:03:30","guid":{"rendered":"https:\/\/www.actualidadadiario.com\/?p=47021"},"modified":"2019-06-26T10:03:30","modified_gmt":"2019-06-26T13:03:30","slug":"las-ventas-en-supermercados-y-shoppings-volvieron-a-desplomarse-en-abril","status":"publish","type":"post","link":"https:\/\/www.actualidadadiario.com\/index.php\/2019\/06\/26\/las-ventas-en-supermercados-y-shoppings-volvieron-a-desplomarse-en-abril\/","title":{"rendered":"Las ventas en supermercados y shoppings volvieron a desplomarse en abril"},"content":{"rendered":"\n<p><strong><em>El deterioro del poder adquisitivo hizo estragos y las compras familiares volvieron a desplomarse en abril. Ayer, el Indec inform\u00f3 que ese mes las ventas en supermercados cayeron 12,6% interanual; 12,9% en los autoservicios mayoristas; y en los shoppings, 22,9%. Las mediciones privadas anticipan que el retroceso sigui\u00f3 su curso en mayo y el consumo privado total se encamina a cerrar el a\u00f1o con una baja promedio del 3,8% contra un ya muy mal 2018<\/em><\/strong><\/p>\n\n\n\n<p><\/p>\n\n\n\n<p><\/p>\n\n\n\n<p>La facturaci\u00f3n de los supermercados alcanz\u00f3 en abril los\n$49.672 millones, lo que implic\u00f3 una baja real del 12,6% interanual y del 6,4%\nmensual. Las \u00fanicas categor\u00edas con mejoras reales fueron carnes (7%), almac\u00e9n\n(4,2%) y panader\u00eda (0,2%). En cambio, los mayores retrocesos se dieron en\nelectrodom\u00e9sticos (40,6%), indumentaria (20,7%) y bebidas (17,3%). En el primer\ncuatrimestre, las compras sumaron $190.820 millones, lo que signific\u00f3 una merma\nreal del 12,5%.<\/p>\n\n\n\n<p>En los comercios mayoristas, las ventas mensuales\ntotalizaron $8.117 millones, un derrumbe real del 12,9% interanual y del 4,3%\ncontra marzo. Los principales motores de la baja fueron los rubros almac\u00e9n y\nbebidas, con sendas ca\u00eddas del 7,9% y 11,2%, que entre ambos aglutinan el 55%\nde la facturaci\u00f3n del sector. En el per\u00edodo enero-abril, la facturaci\u00f3n acumul\u00f3\n$30.224 millones, lo que signific\u00f3 un retroceso del 14,2% interanual.<\/p>\n\n\n\n<p>Por otra parte, los shoppings del GBA vendieron en abril\n$7.036 millones, 22,9% menos que un a\u00f1o atr\u00e1s en t\u00e9rminos reales. El \u00edndice de\ncentros de compras tuvo su peor dato en cuatro a\u00f1os. Con fuerte impacto de la\nsupertasa, el desplome fue liderado por art\u00edculos electr\u00f3nicos y\nelectrodom\u00e9sticos (54%).<\/p>\n\n\n\n<p>Al comp\u00e1s del deterioro de los ingresos familiares, el\nconsumo sigui\u00f3 en ca\u00edda en mayo. Seg\u00fan la consultora Focus Market, de Dami\u00e1n Di\nPace, las compras en supermercados cedieron 10,5% interanual y en los primeros\ncinco meses del a\u00f1o acumulan un declive del 10,6%.<\/p>\n\n\n\n<p>Con un rebote de los salarios que a\u00fan no llega, las\nperspectivas de recuperaci\u00f3n para los pr\u00f3ximos meses, incluso a pesar de los\nanab\u00f3licos electorales anunciados por el Gobierno (ver p\u00e1gina 2), no son\nalentadoras y debilitan las chances de reactivaci\u00f3n.<\/p>\n\n\n\n<p>La consultora ACM apunt\u00f3: &#8220;Por las altas tasas de\ninter\u00e9s junto con los elevados y persistentes niveles de inflaci\u00f3n, que\ncontinuar\u00e1n impactando en el salario real, esperamos que las ventas minoristas\nsigan mostrando variaciones interanuales negativas muy pronunciadas. En\nparticular, se continuar\u00e1 profundizando la ca\u00edda en ventas de bienes durables,\ndado que son aquellos bienes que requieren de financiamiento para su\nconsumo&#8221;.<\/p>\n\n\n\n<p>La Fundaci\u00f3n Capital, que dirige Mart\u00edn Redrado, advirti\u00f3\nque el salario real reci\u00e9n dejar\u00e1 de caer en septiembre a ra\u00edz del impacto de\nlas cuotas de los acuerdos paritarios. As\u00ed, en el promedio anual el poder de\ncompra caer\u00e1 3% contra el promedio de 2018. Aunque aclar\u00f3 que &#8220;este\nescenario depender\u00e1 de la efectiva desaceleraci\u00f3n de la inflaci\u00f3n, sujeta a la\ndin\u00e1mica en el mercado cambiario&#8221;.<\/p>\n\n\n\n<p>De acuerdo a sus estimaciones, en el primer semestre el\nconsumo cay\u00f3 8,5% interanual. &#8220;Para la segunda parte del a\u00f1o, tanto por la\nbaja base de comparaci\u00f3n, como por la magra mejora en el poder de compra,\nverificar\u00eda un tibio rebote en torno al 1,7% anual&#8221;, puntualiz\u00f3 la\nfundaci\u00f3n y consider\u00f3 que los est\u00edmulos oficiales de campa\u00f1a resultan\nmarginales &#8220;en un contexto de fuerte deterioro en el poder adquisitivo,\ntanto por la ca\u00edda en el empleo como en los ingresos reales&#8221;. As\u00ed, el\nconsumo caer\u00eda 3,8% en el promedio anual, tras la contracci\u00f3n en 2018 del 2,4%.<\/p>\n","protected":false},"excerpt":{"rendered":"<p>El deterioro del poder adquisitivo hizo estragos y las compras familiares volvieron a desplomarse en abril. Ayer, el Indec inform\u00f3 que ese mes las ventas en supermercados cayeron 12,6% interanual; 12,9% en los autoservicios mayoristas; y en los shoppings, 22,9%. Las mediciones privadas anticipan que el retroceso sigui\u00f3 su curso en mayo y el consumo privado total se encamina a cerrar el a\u00f1o con una baja promedio del 3,8% contra un ya muy mal 2018 La facturaci\u00f3n de los supermercados alcanz\u00f3 en abril los $49.672 millones, lo que implic\u00f3 una&#8230;<\/p>\n","protected":false},"author":3,"featured_media":19283,"comment_status":"closed","ping_status":"closed","sticky":false,"template":"","format":"standard","meta":[],"categories":[9],"tags":[],"_links":{"self":[{"href":"https:\/\/www.actualidadadiario.com\/index.php\/wp-json\/wp\/v2\/posts\/47021"}],"collection":[{"href":"https:\/\/www.actualidadadiario.com\/index.php\/wp-json\/wp\/v2\/posts"}],"about":[{"href":"https:\/\/www.actualidadadiario.com\/index.php\/wp-json\/wp\/v2\/types\/post"}],"author":[{"embeddable":true,"href":"https:\/\/www.actualidadadiario.com\/index.php\/wp-json\/wp\/v2\/users\/3"}],"replies":[{"embeddable":true,"href":"https:\/\/www.actualidadadiario.com\/index.php\/wp-json\/wp\/v2\/comments?post=47021"}],"version-history":[{"count":1,"href":"https:\/\/www.actualidadadiario.com\/index.php\/wp-json\/wp\/v2\/posts\/47021\/revisions"}],"predecessor-version":[{"id":47022,"href":"https:\/\/www.actualidadadiario.com\/index.php\/wp-json\/wp\/v2\/posts\/47021\/revisions\/47022"}],"wp:featuredmedia":[{"embeddable":true,"href":"https:\/\/www.actualidadadiario.com\/index.php\/wp-json\/wp\/v2\/media\/19283"}],"wp:attachment":[{"href":"https:\/\/www.actualidadadiario.com\/index.php\/wp-json\/wp\/v2\/media?parent=47021"}],"wp:term":[{"taxonomy":"category","embeddable":true,"href":"https:\/\/www.actualidadadiario.com\/index.php\/wp-json\/wp\/v2\/categories?post=47021"},{"taxonomy":"post_tag","embeddable":true,"href":"https:\/\/www.actualidadadiario.com\/index.php\/wp-json\/wp\/v2\/tags?post=47021"}],"curies":[{"name":"wp","href":"https:\/\/api.w.org\/{rel}","templated":true}]}}