{"id":47019,"date":"2019-06-26T10:02:47","date_gmt":"2019-06-26T13:02:47","guid":{"rendered":"https:\/\/www.actualidadadiario.com\/?p=47019"},"modified":"2019-06-26T10:02:47","modified_gmt":"2019-06-26T13:02:47","slug":"advierten-que-la-tarifa-de-gas-subira-un-60-a-pesar-del-aplazamiento-del-ajuste","status":"publish","type":"post","link":"https:\/\/www.actualidadadiario.com\/index.php\/2019\/06\/26\/advierten-que-la-tarifa-de-gas-subira-un-60-a-pesar-del-aplazamiento-del-ajuste\/","title":{"rendered":"Advierten que la tarifa de gas subir\u00e1 un 60% a pesar del aplazamiento del ajuste"},"content":{"rendered":"\n<p><strong><em>Asociaciones de consumidores estimaron que el diferimiento anunciado por el Gobierno es muy &#8220;poco&#8221; frente a los ajustes y que un tercio de los usuarios &#8220;ya no puede pagar&#8221;<\/em><\/strong><\/p>\n\n\n\n<p><\/p>\n\n\n\n<p><\/p>\n\n\n\n<p>El diferimiento del aumento del gas natural oficializado por\nel Gobierno es muy &#8220;poco&#8221; frente a los ajustes en la tarifa de ese\nservicio que un tercio de los usuarios &#8220;ya no puede pagar&#8221;, y que a\nfin de a\u00f1o acumular\u00e1 una suba en torno al 60%, alertaron este martes\nasociaciones de consumidores.<\/p>\n\n\n\n<p>La administraci\u00f3n de Mauricio Macri oficializ\u00f3 el lunes el\naplazamiento del ajuste del 22% en la tarifa de gas natural, por lo que los\nusuarios lo pagar\u00e1n reci\u00e9n tras las elecciones generales y el eventual\nbalotaje.<\/p>\n\n\n\n<p>En ese escenario, el presidente de la Asociaci\u00f3n de Defensa\nde los Derechos de Usuarios y Consumidores (ADDUC), Osvaldo Bassano, estim\u00f3 que\n&#8220;las tarifas de gas acumulan desde 2015 una suba de &#8220;casi\n3.000%&#8221;.<\/p>\n\n\n\n<p>En di\u00e1logo con NA, indic\u00f3 que registr\u00f3 un aumento &#8220;del\n30% en lo que va de 2019&#8221;, mientras que &#8220;de ac\u00e1 a fin de a\u00f1o llegar\u00e1\nal 80%&#8221;.<\/p>\n\n\n\n<p>&#8220;Habr\u00e1 que descontar el diferimiento, por lo que la\nsuba rondar\u00e1 en 50 \u00f3 60%, depende del consumo&#8221;, subray\u00f3, y advirti\u00f3 que\n&#8220;hay m\u00e1s de un 30% de usuarios que no paga porque se ha\ndesconectado&#8221;.<\/p>\n\n\n\n<p>Bassano consider\u00f3 que &#8220;el porcentaje diferido es muy\npoco&#8221; y critic\u00f3 que &#8220;el incremento deber\u00eda generar un proyecto energ\u00e9tico\nperdurable en el tiempo&#8221;.<\/p>\n\n\n\n<p>&#8220;No deber\u00eda haber un solo aumento sin una previa\ninvestigaci\u00f3n a varias empresas de energ\u00eda&#8221;, apunt\u00f3, y analiz\u00f3 que\n&#8220;hay una actualizaci\u00f3n que est\u00e1 dispuesta por la audiencia p\u00fablica y otro\npor el valor del d\u00f3lar&#8221;.<\/p>\n\n\n\n<p>As\u00ed, insisti\u00f3 en que &#8220;el consumidor debe tener acceso\nal servicio&#8221;, mientras cuestion\u00f3 que &#8220;no se sabe cu\u00e1l es el precio\nmayorista&#8221;.<\/p>\n\n\n\n<p>La presidenta de la Asociaci\u00f3n de Defensa de los\nConsumidores y Usuarios de la Argentina (ADECUA), Sandra Gonz\u00e1lez, advirti\u00f3 que\n&#8220;hay sectores que ya no pueden pagar las tarifas&#8221;.<\/p>\n\n\n\n<p>&#8220;Si decidieron hacer lo del porcentaje diferido es\nporque el incremento fue muy grande&#8221;, destac\u00f3 y sostuvo que &#8220;no deber\u00eda\nhaber aumentado tanto&#8221;.<\/p>\n\n\n\n<p>Seg\u00fan ironiz\u00f3, &#8220;el p\u00fablico est\u00e1 consumido m\u00e1s que\nconsumidor&#8221; y hay &#8220;mucha gente endeudada no s\u00f3lo con tarifas, sino\ncon tarjetas de cr\u00e9dito&#8221;.<\/p>\n","protected":false},"excerpt":{"rendered":"<p>Asociaciones de consumidores estimaron que el diferimiento anunciado por el Gobierno es muy &#8220;poco&#8221; frente a los ajustes y que un tercio de los usuarios &#8220;ya no puede pagar&#8221; El diferimiento del aumento del gas natural oficializado por el Gobierno es muy &#8220;poco&#8221; frente a los ajustes en la tarifa de ese servicio que un tercio de los usuarios &#8220;ya no puede pagar&#8221;, y que a fin de a\u00f1o acumular\u00e1 una suba en torno al 60%, alertaron este martes asociaciones de consumidores. La administraci\u00f3n de Mauricio Macri oficializ\u00f3 el lunes&#8230;<\/p>\n","protected":false},"author":3,"featured_media":46875,"comment_status":"closed","ping_status":"closed","sticky":false,"template":"","format":"standard","meta":[],"categories":[2],"tags":[],"_links":{"self":[{"href":"https:\/\/www.actualidadadiario.com\/index.php\/wp-json\/wp\/v2\/posts\/47019"}],"collection":[{"href":"https:\/\/www.actualidadadiario.com\/index.php\/wp-json\/wp\/v2\/posts"}],"about":[{"href":"https:\/\/www.actualidadadiario.com\/index.php\/wp-json\/wp\/v2\/types\/post"}],"author":[{"embeddable":true,"href":"https:\/\/www.actualidadadiario.com\/index.php\/wp-json\/wp\/v2\/users\/3"}],"replies":[{"embeddable":true,"href":"https:\/\/www.actualidadadiario.com\/index.php\/wp-json\/wp\/v2\/comments?post=47019"}],"version-history":[{"count":1,"href":"https:\/\/www.actualidadadiario.com\/index.php\/wp-json\/wp\/v2\/posts\/47019\/revisions"}],"predecessor-version":[{"id":47020,"href":"https:\/\/www.actualidadadiario.com\/index.php\/wp-json\/wp\/v2\/posts\/47019\/revisions\/47020"}],"wp:featuredmedia":[{"embeddable":true,"href":"https:\/\/www.actualidadadiario.com\/index.php\/wp-json\/wp\/v2\/media\/46875"}],"wp:attachment":[{"href":"https:\/\/www.actualidadadiario.com\/index.php\/wp-json\/wp\/v2\/media?parent=47019"}],"wp:term":[{"taxonomy":"category","embeddable":true,"href":"https:\/\/www.actualidadadiario.com\/index.php\/wp-json\/wp\/v2\/categories?post=47019"},{"taxonomy":"post_tag","embeddable":true,"href":"https:\/\/www.actualidadadiario.com\/index.php\/wp-json\/wp\/v2\/tags?post=47019"}],"curies":[{"name":"wp","href":"https:\/\/api.w.org\/{rel}","templated":true}]}}