{"id":47014,"date":"2019-06-26T10:01:19","date_gmt":"2019-06-26T13:01:19","guid":{"rendered":"https:\/\/www.actualidadadiario.com\/?p=47014"},"modified":"2019-06-26T10:01:19","modified_gmt":"2019-06-26T13:01:19","slug":"urtubey-llega-hoy-a-concordia-para-inaugurar-una-estatua-de-guemes","status":"publish","type":"post","link":"https:\/\/www.actualidadadiario.com\/index.php\/2019\/06\/26\/urtubey-llega-hoy-a-concordia-para-inaugurar-una-estatua-de-guemes\/","title":{"rendered":"Urtubey llega hoy a Concordia para inaugurar una estatua de G\u00fcemes"},"content":{"rendered":"\n<p><strong><em>A partir de las 10 de este mi\u00e9rcoles, la Escuela Secundaria N\u00ba17 \u201cGeneral Mart\u00edn Miguel de G\u00fcemes\u201d, ex Comercio 2, realizar\u00e1 un homenaje al patriota nacido en Salta, que le da el nombre a la instituci\u00f3n y cuyo fallecimiento se record\u00f3 el 17 de junio \u00faltimo<\/em><\/strong><\/p>\n\n\n\n<p><\/p>\n\n\n\n<p><\/p>\n\n\n\n<p>Las autoridades de la escuela, quienes estaban en tratativas\njunto a referentes del gobierno de Salta, confirmaron que este evento contar\u00e1\ncon la presencia del actual gobernador y precandidato a vicepresidente, Juan\nManuel Urtubey.<\/p>\n\n\n\n<p>El acto comenzar\u00e1 a las 10 con una muestra cultural de\nm\u00fasica, representaciones y de danzas t\u00edpicas. A las 11, en tanto, se proceder\u00e1\nal inicio del Acto protocolar con el descubrimiento del Busto al General G\u00fcemes\ny la placa conmemorativa.<\/p>\n\n\n\n<p>El busto ha sido donado por el pueblo y el Gobierno de Salta\na trav\u00e9s de la Comisi\u00f3n Provincial del Bicentenario. La obra de la escultora\nsalte\u00f1a, licenciada Pilar Velazco, presidir\u00e1 el edificio de esta instituci\u00f3n y\nser\u00e1 expresi\u00f3n de una comunidad que sostiene viva la memoria del General G\u00fcemes\ny de su proeza por la libertad de la Naci\u00f3n.<\/p>\n","protected":false},"excerpt":{"rendered":"<p>A partir de las 10 de este mi\u00e9rcoles, la Escuela Secundaria N\u00ba17 \u201cGeneral Mart\u00edn Miguel de G\u00fcemes\u201d, ex Comercio 2, realizar\u00e1 un homenaje al patriota nacido en Salta, que le da el nombre a la instituci\u00f3n y cuyo fallecimiento se record\u00f3 el 17 de junio \u00faltimo Las autoridades de la escuela, quienes estaban en tratativas junto a referentes del gobierno de Salta, confirmaron que este evento contar\u00e1 con la presencia del actual gobernador y precandidato a vicepresidente, Juan Manuel Urtubey. El acto comenzar\u00e1 a las 10 con una muestra cultural&#8230;<\/p>\n","protected":false},"author":3,"featured_media":43552,"comment_status":"closed","ping_status":"closed","sticky":false,"template":"","format":"standard","meta":[],"categories":[15],"tags":[],"_links":{"self":[{"href":"https:\/\/www.actualidadadiario.com\/index.php\/wp-json\/wp\/v2\/posts\/47014"}],"collection":[{"href":"https:\/\/www.actualidadadiario.com\/index.php\/wp-json\/wp\/v2\/posts"}],"about":[{"href":"https:\/\/www.actualidadadiario.com\/index.php\/wp-json\/wp\/v2\/types\/post"}],"author":[{"embeddable":true,"href":"https:\/\/www.actualidadadiario.com\/index.php\/wp-json\/wp\/v2\/users\/3"}],"replies":[{"embeddable":true,"href":"https:\/\/www.actualidadadiario.com\/index.php\/wp-json\/wp\/v2\/comments?post=47014"}],"version-history":[{"count":1,"href":"https:\/\/www.actualidadadiario.com\/index.php\/wp-json\/wp\/v2\/posts\/47014\/revisions"}],"predecessor-version":[{"id":47015,"href":"https:\/\/www.actualidadadiario.com\/index.php\/wp-json\/wp\/v2\/posts\/47014\/revisions\/47015"}],"wp:featuredmedia":[{"embeddable":true,"href":"https:\/\/www.actualidadadiario.com\/index.php\/wp-json\/wp\/v2\/media\/43552"}],"wp:attachment":[{"href":"https:\/\/www.actualidadadiario.com\/index.php\/wp-json\/wp\/v2\/media?parent=47014"}],"wp:term":[{"taxonomy":"category","embeddable":true,"href":"https:\/\/www.actualidadadiario.com\/index.php\/wp-json\/wp\/v2\/categories?post=47014"},{"taxonomy":"post_tag","embeddable":true,"href":"https:\/\/www.actualidadadiario.com\/index.php\/wp-json\/wp\/v2\/tags?post=47014"}],"curies":[{"name":"wp","href":"https:\/\/api.w.org\/{rel}","templated":true}]}}